{"id":102932,"date":"2020-10-27T15:13:11","date_gmt":"2020-10-27T19:13:11","guid":{"rendered":"https:\/\/linitiative.ca\/International\/international-barcelone-le-feuilleton-lautaro-martinez-nest-pas-termine\/"},"modified":"2020-10-27T15:13:11","modified_gmt":"2020-10-27T19:13:11","slug":"international-barcelone-le-feuilleton-lautaro-martinez-nest-pas-termine","status":"publish","type":"post","link":"https:\/\/linitiative.ca\/International\/international-barcelone-le-feuilleton-lautaro-martinez-nest-pas-termine\/","title":{"rendered":"International : Barcelone : Le feuilleton Lautaro Martinez n&rsquo;est pas termin\u00e9 !"},"content":{"rendered":"<div readability=\"32\">\n<p>Auteur : <span class=\"time\">mardi 27 octobre 2020 14:55<\/span><\/p>\n<\/div>\n<div id=\"post_core\" readability=\"64\">\n<p>Les\u00a0Blaugrana\u00a0souhaitaient notamment se renforcer sur le front de l&rsquo;attaque pour pr\u00e9parer la succession de\u00a0Luis Suarez\u00a0et avaient fait de\u00a0Lautaro Martinez\u00a0leur priorit\u00e9. Un profil qui semblait faire l&rsquo;unanimit\u00e9 en interne,\u00a0Lionel\u00a0Messi\u00a0appr\u00e9ciant notamment les qualit\u00e9s de son partenaire en s\u00e9lection. Mais si\u00a0Luis Suarez\u00a0a bien fini par plier bagage, l&rsquo;Argentin est de son c\u00f4t\u00e9 rest\u00e9 \u00e0 l&rsquo;Inter Milan. Le\u00a0Bar\u00e7a\u00a0n&rsquo;a jamais \u00e9t\u00e9 en mesure de r\u00e9pondre aux exigences financi\u00e8res des\u00a0Nerazzurri, et ces derniers devraient d\u00e9sormais en profiter pour s\u00e9curiser l&rsquo;avenir de l&rsquo;attaquant de 23 ans.<\/p>\n<p>Comme annonc\u00e9 ces derni\u00e8res semaines en Italie,\u00a0Lautaro\u00a0Martinez\u00a0devrait prolonger son contrat courant actuellement jusqu&rsquo;en juin 2023. Ce mardi,\u00a0Le 10 Sport explique que les discussions se tiennent actuellement entre les diff\u00e9rentes parties et un accord serait proche. Gr\u00e2ce \u00e0 ce nouveau contrat,\u00a0Lautaro\u00a0Martinez\u00a0pourrait percevoir un salaire \u00e9quivalent \u00e0 ceux de\u00a0Christian\u00a0Eriksen\u00a0et\u00a0Romelu\u00a0Lukaku\u00a0(entre 7 et 10M\u20ac), m\u00eame si plusieurs bonus seront inclus pour atteindre ce montant. Les \u00e9moluments de l&rsquo;Argentin seront donc revus \u00e0 la hausse, mais pas sa clause lib\u00e9ratoire qui devrait rester \u00e0 111M\u20ac. Achet\u00e9 pour 25M\u20ac en 2018, l&rsquo;Inter Milan\u00a0a d\u00e9j\u00e0 amorti une partie de ce transfert et consid\u00e8re que la plus-value serait suffisante dans le contexte actuel. La porte ne serait donc pas totalement ferm\u00e9e pour le\u00a0FC Barcelone,\u00a0m\u00eame s&rsquo;il faudra toujours d\u00e9bourser une \u00e9norme somme pour s&rsquo;attacher les services de\u00a0Lautaro\u00a0Martinez, qui a \u00e9voqu\u00e9 sa situation ce lundi en conf\u00e9rence de presse.<\/p>\n<p>Avant d&rsquo;affronter le\u00a0Shakhtar\u00a0Donetsk,\u00a0Lautaro\u00a0Martinez\u00a0\u00e9tait au c\u00f4t\u00e9 d&rsquo;Antonio Conte\u00a0en conf\u00e9rence de presse et en a profit\u00e9 pour revenir sur sa situation. \u00ab\u00a0Je travaille pour l\u2019Inter et je suis heureux \u00e0 l\u2019Inter. Notre but, \u00e0 tous, est d\u2019emmener ce club le plus haut possible\u00a0\u00bb a expliqu\u00e9 l\u2019attaquant de l\u2019Inter, qui ne ferme aucune porte pour son avenir : \u00ab\u00a0Est-ce que je peux faire toute ma carri\u00e8re \u00e0 l\u2019Inter ? Je ne sais pas ce qui va se passer \u00e0 l\u2019avenir, mais pour le moment je suis heureux \u00e0 l\u2019Inter et je remercie d\u2019ailleurs tous les Nerazzurri, qui m\u2019ont toujours soutenu\u00a0\u00bb.<\/p>\n<p><strong>Publi\u00e9 dans :<\/strong> <span>Barcelone : Lautaro Martinez<\/span><\/p>\n<\/div>\n<p>Auteur:<br \/>\n<a href=\"http:\/\/www.lebuteur.com\/article\/detail?titre=barcelone-le-feuilleton-lautaro-martinez-nest-pas-termine&#038;id=97750&#038;utm_source=feedburner&#038;utm_medium=feed&#038;utm_campaign=Feed%3A+GalerieFArtciles+%28Les+derniers+articles++-+lebuteur.com%29\">Cliquez ici pour lire l&rsquo;article depuis sa source.<\/a><\/p>\n","protected":false},"excerpt":{"rendered":"<p>Auteur : mardi 27 octobre 2020 14:55 Les\u00a0Blaugrana\u00a0souhaitaient notamment se renforcer sur le front de l&rsquo;attaque pour pr\u00e9parer la succession de\u00a0Luis Suarez\u00a0et avaient fait de\u00a0Lautaro Martinez\u00a0leur priorit\u00e9. Un profil qui semblait faire l&rsquo;unanimit\u00e9 en interne,\u00a0Lionel\u00a0Messi\u00a0appr\u00e9ciant notamment les qualit\u00e9s de son partenaire en s\u00e9lection. Mais si\u00a0Luis Suarez\u00a0a bien fini par plier bagage, l&rsquo;Argentin est de son [&hellip;]<\/p>\n","protected":false},"author":1738,"featured_media":102933,"comment_status":"closed","ping_status":"closed","sticky":false,"template":"","format":"standard","meta":{"fifu_image_url":"","fifu_image_alt":"","footnotes":""},"categories":[53,75],"tags":[],"class_list":["post-102932","post","type-post","status-publish","format-standard","has-post-thumbnail","hentry","category-algerie","category-sport"],"_links":{"self":[{"href":"https:\/\/linitiative.ca\/International\/wp-json\/wp\/v2\/posts\/102932","targetHints":{"allow":["GET"]}}],"collection":[{"href":"https:\/\/linitiative.ca\/International\/wp-json\/wp\/v2\/posts"}],"about":[{"href":"https:\/\/linitiative.ca\/International\/wp-json\/wp\/v2\/types\/post"}],"author":[{"embeddable":true,"href":"https:\/\/linitiative.ca\/International\/wp-json\/wp\/v2\/users\/1738"}],"replies":[{"embeddable":true,"href":"https:\/\/linitiative.ca\/International\/wp-json\/wp\/v2\/comments?post=102932"}],"version-history":[{"count":0,"href":"https:\/\/linitiative.ca\/International\/wp-json\/wp\/v2\/posts\/102932\/revisions"}],"wp:featuredmedia":[{"embeddable":true,"href":"https:\/\/linitiative.ca\/International\/wp-json\/"}],"wp:attachment":[{"href":"https:\/\/linitiative.ca\/International\/wp-json\/wp\/v2\/media?parent=102932"}],"wp:term":[{"taxonomy":"category","embeddable":true,"href":"https:\/\/linitiative.ca\/International\/wp-json\/wp\/v2\/categories?post=102932"},{"taxonomy":"post_tag","embeddable":true,"href":"https:\/\/linitiative.ca\/International\/wp-json\/wp\/v2\/tags?post=102932"}],"curies":[{"name":"wp","href":"https:\/\/api.w.org\/{rel}","templated":true}]}}