{"id":102950,"date":"2020-10-27T11:14:00","date_gmt":"2020-10-27T15:14:00","guid":{"rendered":"https:\/\/linitiative.ca\/International\/les-eleveurs-sont-excedes-hausse-des-prix-de-laliment-de-betail-a-mostaganem\/"},"modified":"2020-10-27T11:14:00","modified_gmt":"2020-10-27T15:14:00","slug":"les-eleveurs-sont-excedes-hausse-des-prix-de-laliment-de-betail-a-mostaganem","status":"publish","type":"post","link":"https:\/\/linitiative.ca\/International\/les-eleveurs-sont-excedes-hausse-des-prix-de-laliment-de-betail-a-mostaganem\/","title":{"rendered":"LES ELEVEURS SONT EXCEDES  : Hausse des prix de l\u2019aliment de b\u00e9tail \u00e0 Mostaganem"},"content":{"rendered":"<p><br id=\"sep_para_1\" class=\"sep_para access\"\/><\/p>\n<div id=\"para_1\" class=\"para_39210211 resize\">\n<div class=\"photo shadow left\"><a href=\"javascript:void(0)\" rel=\"https:\/\/www.reflexiondz.net\/photo\/art\/grande\/50950571-39210211.jpg?v=1603812896&amp;ibox\" title=\"LES ELEVEURS SONT EXCEDES : Hausse des prix de l\u2019aliment de b\u00e9tail \u00e0 Mostaganem\"><img decoding=\"async\" class=\"responsive c9\" src=\"https:\/\/www.reflexiondz.net\/photo\/art\/grande\/50950571-39210211.jpg?v=1603812896\" alt=\"LES ELEVEURS SONT EXCEDES : Hausse des prix de l\u2019aliment de b\u00e9tail \u00e0 Mostaganem\" title=\"LES ELEVEURS SONT EXCEDES : Hausse des prix de l\u2019aliment de b\u00e9tail \u00e0 Mostaganem\"\/><img decoding=\"async\" class=\"not-responsive\" src=\"https:\/\/www.reflexiondz.net\/photo\/art\/default\/50950571-39210211.jpg?v=1603812898\" alt=\"LES ELEVEURS SONT EXCEDES : Hausse des prix de l\u2019aliment de b\u00e9tail \u00e0 Mostaganem\" title=\"LES ELEVEURS SONT EXCEDES : Hausse des prix de l\u2019aliment de b\u00e9tail \u00e0 Mostaganem\"\/><\/a><\/div>\n<div class=\"texte access firstletter\">La forte hausse des prix de l\u2019aliment de b\u00e9tail vient encore mettre \u00e0 rude \u00e9preuve l\u2019activit\u00e9 des \u00e9leveurs de bovins, dont la\u00a0 situation risque de se r\u00e9percuter immanquablement sur le citoyen. Les prix de diff\u00e9rents fourrages \u00e0 travers les march\u00e9s hebdomadaires et quotidiens du territoire de la wilaya de Mostaganem, ont connu une augmentation importante ces derniers jours. \u00abLes aliments de b\u00e9tail co\u00fbtent tr\u00e8s chers, nous sommes oblig\u00e9s, parfois, de nous contenter de quantit\u00e9s inf\u00e9rieures \u00e0 nos besoins en fonction de nos moyens\u00bb, confient les \u00e9leveurs. La chert\u00e9 des aliments poussent aussi \u00e0 l\u2019utilisation d\u2019autres aliments, pour ne pas dire de produits chimiques pour engraisser les b\u00eates. Certains \u00e9leveurs indiquent que les prix sont tellement chers, qu\u2019ils sont parfois oblig\u00e9s de les payer par \u00e9ch\u00e9ances. \u00abPayer cash est un luxe que beaucoup d\u2019\u00e9leveurs ne peuvent se permettre\u00bb, d\u00e9plorent-ils. Les vendeurs, revendeurs ou producteurs locaux, pour leur part, acceptent, pour la plupart, ce mode de paiement. C\u2019est cela ou perdre des clients. Surtout que ces derniers se composent surtout d\u2019\u00e9leveurs traditionnels de petits \u00e9levages. Signalons que la production locale d\u2019aliments de b\u00e9tail, d\u2019apr\u00e8s des op\u00e9rateurs, commence \u00e0 se d\u00e9velopper, car de petites entreprises ont \u00e9merg\u00e9 ici et l\u00e0 dans ce cr\u00e9neau sans, toutefois, r\u00e9pondre pour autant \u00e0 la demande. Le prix du produit fini, par cons\u00e9quent, est soumis aux al\u00e9as du march\u00e9 mondial de ces mati\u00e8res. Notons que la hausse des prix des aliments pour animaux est enregistr\u00e9e sur les march\u00e9s mondiaux en raison de la pand\u00e9mie du coronavirus qui a entra\u00een\u00e9 une baisse de l\u2019activit\u00e9 et de la production. Dans ce m\u00eame contexte et en parall\u00e8le avec la vague de froid attendue dans les prochains jours, le prix de la viande rouge a enregistr\u00e9 une augmentation d\u00e9passant les 1200 DA le kilo, dont sa consommation est devenue un produit luxueux, hors de port\u00e9e\u00a0 pour\u00a0 les familles de moyenne et\u00a0 petite bourse. En ce qui concerne la viande blanche, le\u00a0 m\u00eame sort est r\u00e9serv\u00e9 \u00e0 la volaille o\u00f9 il est enregistr\u00e9 un prix allant jusqu&rsquo;\u00e0 380 DA, le kilo,\u00a0 sans parler des prix de poissons.\u00a0\u00a0\u00a0\u00a0\u00a0\u00a0\u00a0\u00a0\u00a0\u00a0\u00a0\u00a0\u00a0\u00a0\u00a0\u00a0\u00a0<\/div>\n<\/div>\n<p>Auteur: Gana Yacine<br \/>\n<a href=\"https:\/\/www.reflexiondz.net\/LES-ELEVEURS-SONT-EXCEDES-Hausse-des-prix-de-l-aliment-de-betail-a-Mostaganem_a66055.html\">Cliquez ici pour lire l&rsquo;article depuis sa source.<\/a><\/p>\n","protected":false},"excerpt":{"rendered":"<p>La forte hausse des prix de l\u2019aliment de b\u00e9tail vient encore mettre \u00e0 rude \u00e9preuve l\u2019activit\u00e9 des \u00e9leveurs de bovins, dont la\u00a0 situation risque de se r\u00e9percuter immanquablement sur le citoyen. Les prix de diff\u00e9rents fourrages \u00e0 travers les march\u00e9s hebdomadaires et quotidiens du territoire de la wilaya de Mostaganem, ont connu une augmentation importante [&hellip;]<\/p>\n","protected":false},"author":1740,"featured_media":0,"comment_status":"closed","ping_status":"closed","sticky":false,"template":"","format":"standard","meta":{"fifu_image_url":"","fifu_image_alt":"","footnotes":""},"categories":[53,76],"tags":[],"class_list":["post-102950","post","type-post","status-publish","format-standard","hentry","category-algerie","category-regions"],"_links":{"self":[{"href":"https:\/\/linitiative.ca\/International\/wp-json\/wp\/v2\/posts\/102950","targetHints":{"allow":["GET"]}}],"collection":[{"href":"https:\/\/linitiative.ca\/International\/wp-json\/wp\/v2\/posts"}],"about":[{"href":"https:\/\/linitiative.ca\/International\/wp-json\/wp\/v2\/types\/post"}],"author":[{"embeddable":true,"href":"https:\/\/linitiative.ca\/International\/wp-json\/wp\/v2\/users\/1740"}],"replies":[{"embeddable":true,"href":"https:\/\/linitiative.ca\/International\/wp-json\/wp\/v2\/comments?post=102950"}],"version-history":[{"count":0,"href":"https:\/\/linitiative.ca\/International\/wp-json\/wp\/v2\/posts\/102950\/revisions"}],"wp:attachment":[{"href":"https:\/\/linitiative.ca\/International\/wp-json\/wp\/v2\/media?parent=102950"}],"wp:term":[{"taxonomy":"category","embeddable":true,"href":"https:\/\/linitiative.ca\/International\/wp-json\/wp\/v2\/categories?post=102950"},{"taxonomy":"post_tag","embeddable":true,"href":"https:\/\/linitiative.ca\/International\/wp-json\/wp\/v2\/tags?post=102950"}],"curies":[{"name":"wp","href":"https:\/\/api.w.org\/{rel}","templated":true}]}}