{"id":102951,"date":"2020-10-27T11:15:00","date_gmt":"2020-10-27T15:15:00","guid":{"rendered":"https:\/\/linitiative.ca\/International\/bechar-tentative-de-suicide-par-immolation\/"},"modified":"2020-10-27T11:15:00","modified_gmt":"2020-10-27T15:15:00","slug":"bechar-tentative-de-suicide-par-immolation","status":"publish","type":"post","link":"https:\/\/linitiative.ca\/International\/bechar-tentative-de-suicide-par-immolation\/","title":{"rendered":"BECHAR   : Tentative de suicide par immolation"},"content":{"rendered":"<p><br id=\"sep_para_1\" class=\"sep_para access\"\/><\/p>\n<div id=\"para_1\" class=\"para_39210235 resize\">\n<div class=\"photo shadow left\"><a href=\"javascript:void(0)\" rel=\"https:\/\/www.reflexiondz.net\/photo\/art\/grande\/50950591-39210235.jpg?v=1603813027&amp;ibox\" title=\"BECHAR : Tentative de suicide par immolation\"><img decoding=\"async\" class=\"responsive c9\" src=\"https:\/\/www.reflexiondz.net\/photo\/art\/grande\/50950591-39210235.jpg?v=1603813027\" alt=\"BECHAR : Tentative de suicide par immolation\" title=\"BECHAR : Tentative de suicide par immolation\"\/><img decoding=\"async\" class=\"not-responsive\" src=\"https:\/\/www.reflexiondz.net\/photo\/art\/default\/50950591-39210235.jpg?v=1603813028\" alt=\"BECHAR : Tentative de suicide par immolation\" title=\"BECHAR : Tentative de suicide par immolation\"\/><\/a><\/div>\n<div class=\"texte access firstletter\">Le 24 octobre \u00e0 17h15mn, les \u00e9l\u00e9ments de l&rsquo;unit\u00e9 principale de la protection civile \u00e0 B\u00e9char sont intervenus pour \u00e9vacuer d&rsquo;urgence vers l&rsquo;h\u00f4pital \u2018\u2019Tourabi Boudjema\u00e2\u2019\u2019 un jeune qui avait tent\u00e9 de mettre fin \u00e0 ses jours en s&rsquo;immolant par le feu. Selon le communiqu\u00e9 de presse de la cellule de communication de la direction de la protection civile \u00e0 B\u00e9char, la victime de cet acte d\u00e9sesp\u00e9r\u00e9 est un jeune homme \u00e2g\u00e9 de 18 ans. Le communiqu\u00e9 pr\u00e9cise que cela est arriv\u00e9 au lieudit Oued Ha\u00ef Gharassa et que le corps de la victime pr\u00e9sente des br\u00fblures de 3\u00e8me degr\u00e9.\u00a0\u00a0\u00a0<\/div>\n<\/div>\n<p>Auteur: Ahmed Messaoud<br \/>\n<a href=\"https:\/\/www.reflexiondz.net\/BECHAR-Tentative-de-suicide-par-immolation_a66056.html\">Cliquez ici pour lire l&rsquo;article depuis sa source.<\/a><\/p>\n","protected":false},"excerpt":{"rendered":"<p>Le 24 octobre \u00e0 17h15mn, les \u00e9l\u00e9ments de l&rsquo;unit\u00e9 principale de la protection civile \u00e0 B\u00e9char sont intervenus pour \u00e9vacuer d&rsquo;urgence vers l&rsquo;h\u00f4pital \u2018\u2019Tourabi Boudjema\u00e2\u2019\u2019 un jeune qui avait tent\u00e9 de mettre fin \u00e0 ses jours en s&rsquo;immolant par le feu. Selon le communiqu\u00e9 de presse de la cellule de communication de la direction de [&hellip;]<\/p>\n","protected":false},"author":1740,"featured_media":0,"comment_status":"closed","ping_status":"closed","sticky":false,"template":"","format":"standard","meta":{"fifu_image_url":"","fifu_image_alt":"","footnotes":""},"categories":[53,76],"tags":[],"class_list":["post-102951","post","type-post","status-publish","format-standard","hentry","category-algerie","category-regions"],"_links":{"self":[{"href":"https:\/\/linitiative.ca\/International\/wp-json\/wp\/v2\/posts\/102951","targetHints":{"allow":["GET"]}}],"collection":[{"href":"https:\/\/linitiative.ca\/International\/wp-json\/wp\/v2\/posts"}],"about":[{"href":"https:\/\/linitiative.ca\/International\/wp-json\/wp\/v2\/types\/post"}],"author":[{"embeddable":true,"href":"https:\/\/linitiative.ca\/International\/wp-json\/wp\/v2\/users\/1740"}],"replies":[{"embeddable":true,"href":"https:\/\/linitiative.ca\/International\/wp-json\/wp\/v2\/comments?post=102951"}],"version-history":[{"count":0,"href":"https:\/\/linitiative.ca\/International\/wp-json\/wp\/v2\/posts\/102951\/revisions"}],"wp:attachment":[{"href":"https:\/\/linitiative.ca\/International\/wp-json\/wp\/v2\/media?parent=102951"}],"wp:term":[{"taxonomy":"category","embeddable":true,"href":"https:\/\/linitiative.ca\/International\/wp-json\/wp\/v2\/categories?post=102951"},{"taxonomy":"post_tag","embeddable":true,"href":"https:\/\/linitiative.ca\/International\/wp-json\/wp\/v2\/tags?post=102951"}],"curies":[{"name":"wp","href":"https:\/\/api.w.org\/{rel}","templated":true}]}}