{"id":102953,"date":"2020-10-27T10:59:00","date_gmt":"2020-10-27T14:59:00","guid":{"rendered":"https:\/\/linitiative.ca\/International\/lotfi-farhane-a-qui-profite-lassassinat-du-professeur\/"},"modified":"2020-10-27T10:59:00","modified_gmt":"2020-10-27T14:59:00","slug":"lotfi-farhane-a-qui-profite-lassassinat-du-professeur","status":"publish","type":"post","link":"https:\/\/linitiative.ca\/International\/lotfi-farhane-a-qui-profite-lassassinat-du-professeur\/","title":{"rendered":"Lotfi Farhane: A qui profite l&rsquo;assassinat du professeur ?"},"content":{"rendered":"<p><span class=\"c3\"><span class=\"c2\"><em><img decoding=\"async\" src=\"\/uploads\/FCK_files\/Lotfi-Farhane.jpg\" alt=\"\" width=\"20%\" vspace=\"5\" hspace=\"5\" align=\"left\"\/>Par Lotfi Farhane &#8211;<\/em><\/span><\/span> Le titre n&rsquo;est pas sans rappeler le film dans lequel, Brel incarnait superbement le personnage d&rsquo;un instituteur dans un petit village de Normandie, accus\u00e9 injustement par une de ses \u00e9l\u00e8ves, mineure, de l&rsquo;avoir viol\u00e9e. L&rsquo;instituteur a \u00e9t\u00e9 blanchi \u00e0 la fin du film, mais le professeur d&rsquo;histoire et g\u00e9ographie de Conflans-Sainte-Honorine n&rsquo;a pas eu cette chance, pour avoir connu un bien triste sort, lui aussi confront\u00e9 aux risques de son m\u00e9tier, qui lui ont \u00e9t\u00e9 fatals : Il a \u00e9t\u00e9 d\u00e9capit\u00e9 en pleine rue !\u00a0 Rien ne peux justifier un tel acte de pure barbarie et sa condamnation se doit d&rsquo;\u00eatre cat\u00e9gorique par toutes les personnes \u00e9prises de libert\u00e9.<\/p>\n<p>Cependant, il y a le d\u00e9claratif et le comportemental, et on se demande si cela ne devient par trop poncif de dire qu&rsquo;on est contre le terrorisme, presque tout le monde l&rsquo;est, cela va de soi, m\u00eame la confr\u00e9rie le d\u00e9clare, mais dans les actes &#8230;<\/p>\n<p>Un crime crapuleux dans le pur rite daeschien, qui a fait couler beaucoup d&rsquo;encre ; de ce fait, je n&rsquo;ai pas l&rsquo;intention de ressasser des arguments, des diatribes ou encore des griefs et vais me contenter de faire des parall\u00e8les, des projections et formuler des interrogations avec comme toile de fond et fil conducteur, la malhonn\u00eatet\u00e9 et l&rsquo;hypocrisie de certains ! Le terrain \u00e9tant min\u00e9, il vaudrait mieux faire preuve de pond\u00e9ration, avancer prudemment et, l&#8217;emballement, les d\u00e9clarations enflamm\u00e9es et la hardiesse manifest\u00e9e par certains dans un camp comme dans l&rsquo;autre, ne sont que l&rsquo;expression d&rsquo;une ambivalence et un voile pour draper et cacher une perfidie et une l\u00e2che compromission.<\/p>\n<p>Quelle faute aurait commis ce professeur ? Une erreur p\u00e9dagogique ? \u00c9tait-il all\u00e9 par inadvertance, \u00e0 l&rsquo;extr\u00eame dans le choix du support pour parler de la libert\u00e9 d&rsquo;expression ? Auquel cas, le principal du coll\u00e8ge, l&rsquo;inspection acad\u00e9mique le lui auraient probablement reproch\u00e9. Pourquoi personne ne s&rsquo;est s\u00e9rieusement inqui\u00e9t\u00e9 de l&rsquo;effervescence dans la toile autour de lui, des appels \u00e0 la vindicte par des radicaux islamistes ?<\/p>\n<p>Pourquoi sa hi\u00e9rarchie l&rsquo;a telle abandonn\u00e9 ? Pourquoi les services de police, les RG, eux qui ont l&rsquo;\u0153il sur tout, ne l&rsquo;ont-ils pas averti du danger qu&rsquo;il court et ne l&rsquo;ont-ils pas suffisamment prot\u00e9g\u00e9 ? N&rsquo;ont-ils pas ferm\u00e9 l&rsquo;\u0153il et laiss\u00e9 pourrir la situation ?<\/p>\n<p>Son assassinat, ne profite t-il pas \u00e0 ceux qui th\u00e9orisent autour du principe d&rsquo;ajouter au s\u00e9paratisme territorial classique, une nouvelle id\u00e9e de s\u00e9paratisme des croyances ? Ou, n&rsquo;apporte t-il pas de l&rsquo;eau au moulin de l&rsquo;extr\u00eame droite qui d\u00e9veloppe un concept ind\u00e9termin\u00e9 d&rsquo;islamo-gauchiste et appelle aux expulsions massives d&rsquo;immigr\u00e9s ? Ou encore, n&rsquo;offre t-il pas \u00e0 ces chroniqueurs v\u00e9reux, de quoi carburer pour au moins une ann\u00e9e ?\u00a0<\/p>\n<p>Un profond chagrin me submerge en\u00a0 imaginant le plus grand d\u00e9sarroi dans lequel, il s&rsquo;est retrouv\u00e9, le d\u00e9semparement et la terrible solitude v\u00e9cus les jours qui ont pr\u00e9c\u00e9d\u00e9 sa mort, telle une b\u00eate bless\u00e9e et apeur\u00e9e, traqu\u00e9e par une meute de hy\u00e8nes.<\/p>\n<p>Ce qui fait prendre conscience plus encore de la bri\u00e8vet\u00e9 et de la fragilit\u00e9 de la vie humaine.<\/p>\n<p>Le genre de solitude qu&rsquo;a connue auparavant, le commandant Massoud, qui demandait d\u00e9sesp\u00e9r\u00e9ment \u00e0 l&rsquo;occident de l&rsquo;aide et du soutien mat\u00e9riel pour poursuivre son combat contre les talibans. Qui l&rsquo;a entendu et qui a r\u00e9pondu \u00e0 ses appels ?\u00a0 Il a \u00e9t\u00e9 assassin\u00e9, les talibans ont pris le pouvoir dans son pays et tous les traitements militaires pour les en d\u00e9loger ayant \u00e9chou\u00e9 et apr\u00e8s tant de g\u00e2chis, d&rsquo;\u00e9normes pertes humaines et mat\u00e9rielles, les occidentaux tentent de n\u00e9gocier une tr\u00eave avec eux &#8230;<\/p>\n<p>Ils ont assassin\u00e9 le professeur et \u00e0 travers lui, ils se sont pris encore une fois \u00e0 l&rsquo;\u00e9cole r\u00e9publicaine, celle-l\u00e0 m\u00eame qui propose un savoir et une pens\u00e9e universelle, pr\u00e9pare les citoyens de demain, qui emp\u00eache tous ces isla-calamiteux d&rsquo;inoculer leur poison et s&rsquo;\u00e9rige en digue contre leurs projets de formatage d&rsquo;esprits donc devient ipso facto leur pire ennemi.<\/p>\n<p>En outre, adopter une attitude compassionnelle envers cette jeunesse en qu\u00eate d&rsquo;une identit\u00e9 et d&rsquo;un sens qu&rsquo;elle ne trouve pas dans la R\u00e9publique et qui se cantonne dans une posture victimaire confortable, ne r\u00e9sout pas le probl\u00e8me.<\/p>\n<p><span class=\"c5\"><span class=\"c4\"><strong>La ghetto\u00efsation et la marginalisation ne peuvent pas tout expliquer<\/strong><\/span><\/span><\/p>\n<p>Un hommage solennel lui a \u00e9t\u00e9 rendu avec tout le d\u00e9corum et la mise en sc\u00e8ne qui seyaient. Le pr\u00e9sident Macron a prononc\u00e9 un vibrant discours appelant \u00e0 la fin de la haine, de la violence, au respect de l&rsquo;autre et \u00e0 combattre le terrorisme islamiste. Comme \u00e0 son habitude, il a saut\u00e9 sur l&rsquo;occasion pour faire des phrases mais Samuel Paty n&rsquo;avait pas besoin de belles phrases ni de d\u00e9coration posthume mais seulement d&rsquo;\u00eatre prot\u00e9g\u00e9 et de vivre !\u00a0<\/p>\n<p>C&rsquo;est \u00e9patant, que de bonnes intentions mais voil\u00e0, on ne peut pas condamner et combattre ce terrorisme dans l&rsquo;hexagone et en m\u00eame temps le soutenir \u00e0 l&rsquo;\u00e9tranger en Syrie, en Irak ou en Libye, en feignant d&rsquo;ignorer les contingents de djihadistes fran\u00e7ais qui partent vers ces zones de tensions. Une partie de ces combattants sont revenus en France et, il y a fort \u00e0 parier qu&rsquo;ils n&rsquo;allumeront pas que des feux de joie dans les cit\u00e9s &#8230;<\/p>\n<p>Macron a eu l&rsquo;id\u00e9e de faire glisser les maux et malheurs de la soci\u00e9t\u00e9 fran\u00e7aise, qui sont beaucoup plus profonds et dont la question de l&rsquo;islamisation rampante n&rsquo;est qu&rsquo;un vague aspect vers le terrain de l&rsquo;islamisme et comme il est \u00e9poustouflant de g\u00e9nie et s&rsquo;y connait en tout, il parle de la crise profonde que traverse l&rsquo;islam, excusez du peu.<\/p>\n<p>Soyons clair, le probl\u00e8me ne se r\u00e9duit pas uniquement \u00e0 l&rsquo;islam mais plut\u00f4t \u00e0 la religion en g\u00e9n\u00e9ral et \u00e0 l&rsquo;usage qu&rsquo;on en fait. En effet, voyez vous une diff\u00e9rence entre les enfants abus\u00e9s dans l&rsquo;\u00e9cole coranique de Regueb et ceux victimes des pr\u00eatres p\u00e9dophiles dans les dioc\u00e8ses ? Aucune pour moi !<\/p>\n<p>Le philosophe Ibn Rushd (Averro\u00e9s), le pionnier de la pens\u00e9e rationnelle dans les mondes arabe et musulman, qui a consacr\u00e9 sa vie au service de la science et de l&rsquo;humanit\u00e9, un des artisans du mouvement de prosp\u00e9rit\u00e9 scientifique et intellectuelle dans le monde islamique en l&rsquo;\u00e9clairant et en adoptant l&rsquo;approche rationnelle \u00e9tablie par Aristote bas\u00e9e sur la logique et la preuve, il a cherch\u00e9 \u00e0 le lib\u00e9rer des t\u00e9n\u00e8bres du fanatisme, de la calcification et des superstitions. Il n&rsquo;a cess\u00e9 de montrer et souligner la relation \u00e9troite entre la sagesse rationnelle et la religion, telle que manifest\u00e9e dans le Saint Coran.<\/p>\n<p>Malheureusement, la nation islamique s&rsquo;\u00e9tait divis\u00e9e en deux directions oppos\u00e9es, la premi\u00e8re dirig\u00e9e par les imams des quatre c\u00e9l\u00e8bres \u00e9coles islamiques, Abu Hanifa, Malik, Shafi\u2019i et Ahmed bin Hanbal qui consid\u00e9raient la logique et la philosophie d&rsquo;Aristote comme une nouvelle h\u00e9r\u00e9sie et une m\u00e9thode d&rsquo;invasion culturelle \u00e9trang\u00e8re occidentale de la nation islamique,\u00a0 contraire aux programmes et aux principes de la religion, et la seconde, suivie par une minorit\u00e9 dont Ibn Rushd pronait une d\u00e9marche rationnelle et tiennent \u00e0 pr\u00e9server ce pr\u00e9cieux h\u00e9ritage scientifique et philosophique, acquis \u00e0 travers l&rsquo;\u00e9tude de la logique et de la philosophie aristot\u00e9liciennes, auquel ils ont consacr\u00e9 beaucoup de temps et de travail \u00e0 l&rsquo;expliquer, \u00e0 le r\u00e9aliser et \u00e0 le d\u00e9velopper afin de construire sur sa base une lecture \u00e9clair\u00e9e, rationnelle et r\u00e9aliste qui r\u00e9v\u00e8le l&rsquo;essence et la puret\u00e9 de la religion musulmane. H\u00e9las, la premi\u00e8re direction l&rsquo;a emport\u00e9 et Ibn Rushd, accus\u00e9 d&rsquo;infid\u00e9lit\u00e9 et d&rsquo;h\u00e9r\u00e9sie s&rsquo;\u00e9tait fait expulser avec ses \u00e9tudiants dans le d\u00e9sert et beaucoup de ses livres furent br\u00fbl\u00e9s mais le destin a voulu qu&rsquo;un de ses fid\u00e8les \u00e9tudiants ait pu faire passer certains en contrebande par voie maritime pour les emmener \u00e0 l&rsquo;Universit\u00e9 de Padoue en Italie, puis l&rsquo;Universit\u00e9 de Paris avant d&rsquo;\u00eatre transf\u00e9r\u00e9s \u00e0 l&rsquo;Universit\u00e9 d&rsquo;Oxford en Angleterre et enfin \u00e0 l&rsquo;Universit\u00e9 de Cologne en Allemagne, pour \u00eatre traduits en plusieurs langues &#8230;<\/p>\n<p>Pour l&rsquo;histoire, de la premi\u00e8re direction a \u00e9merg\u00e9 plus tard Ahmad Ibn Taymiyyah, qui est consid\u00e9r\u00e9, \u00e0 juste titre comme le p\u00e8re spirituel de la tendance religieuse salafiste dure et apr\u00e8s lui son \u00e9l\u00e8ve, non moins rigide, Ibn al-Qayyim al-Jawziyyah, ceux-l\u00e0 m\u00eames qui sont les ma\u00eetres \u00e0 penser des actuels islamistes.<\/p>\n<p>Dans le macabre registre des crimes des islamistes on peut aussi citer dans un pass\u00e9 plus r\u00e9cent, le penseur libanais Hussein Murouwa et l&rsquo;\u00e9crivain \u00e9gyptien Faraj Fouda, qui furent assassin\u00e9s par des fanatiques religieux, simplement pour leurs \u00e9crits.<\/p>\n<p>Les catholiques, ceux-l\u00e0 m\u00eames qui se r\u00e9clamaient de J\u00e9sus-Christ et de sa bont\u00e9, n&rsquo;\u00e9taient pas en reste.<br \/>Au XVe si\u00e8cle, un instrument a \u00e9t\u00e9 invent\u00e9 par des pr\u00eatres catholiques pour fracturer les doigts et les mains de scientifiques, artistes peintres et sculpteurs accus\u00e9s d&rsquo;h\u00e9r\u00e9sie.<\/p>\n<p>L\u2019inquisition, initi\u00e9e en 1231 par un pape catholique Gr\u00e9goire IX qui prescrit la peine de mort \u00e0 tous les h\u00e9r\u00e9tiques faisant au passage des dizaines de milliers de victimes. \u00c0 S\u00e9ville, les catholiques firent construire un four, le Qu\u00e9madero, destin\u00e9 \u00e0 faire cuire quatre h\u00e9r\u00e9tiques \u00e0 la fois.<\/p>\n<p>C&rsquo;est dire qu&rsquo;eux aussi n&rsquo;y \u00e9taient pas all\u00e9s de main morte.<\/p>\n<p>On assiste \u00e0 une surench\u00e8re inutile et \u00e0 une escalade inqui\u00e9tante de la violence, r\u00e9pondant \u00e0 la vieille logique pavlovienne : une provocation entraine automatiquement une r\u00e9ponse. D&rsquo;un c\u00f4t\u00e9 ceux qui voient dans ces dessins une atteinte \u00e0 l&rsquo;image sacr\u00e9e du proph\u00e8te Mohamed (sws) et se portent \u00e0 son secours aux cris d&rsquo;Allah akbar et de l&rsquo;autre ceux qui n&rsquo;y voient aucun probl\u00e8me mais plut\u00f4t dans cette contestation, un affaiblissement des bases de la d\u00e9mocratie et\u00a0 scandent : la libert\u00e9 d&rsquo;expression est akbar ! Dans ce contexte, beaucoup de questions se posent naturellement : peut-on faire de l&rsquo;humour avec tout et sans le respect des autres ? O\u00f9, se trouve la fronti\u00e8re entre l&rsquo;humour et l&rsquo;insulte ?\u00a0 L&rsquo;humour est-il intrins\u00e8que ou plut\u00f4t li\u00e9 \u00e0 la culture des gens auquel cas, celui qui le pratique\u00a0 doit imp\u00e9rativement avoir une connaissance approfondie des cultures et des codes pour se garder de les bafouer.\u00a0<\/p>\n<p>Les r\u00e9actions fusent de partout contre le discours du pr\u00e9sident fran\u00e7ais tenu \u00e0 la Sorbonne et la Tunisie ne fait pas l&rsquo;exception, de l&rsquo;indignation, des appels \u00e0 manifester et d&rsquo;autres, ridicules, \u00e0 boycotter les produits fran\u00e7ais, le pr\u00e9sident K.Saied est somm\u00e9 de r\u00e9agir et je ne sais pas ce qu&rsquo;on attend au juste de lui.<\/p>\n<p><span class=\"c5\"><span class=\"c4\"><strong>Sommes nous devenus \u00e0 ce point vertueux et pieux ?<\/strong><\/span><\/span><\/p>\n<p>Je me demande pourquoi, n&rsquo;a t-on pas les m\u00eames r\u00e9actions vis \u00e0 vis des wahhabites sachant que le fondateur de ce mouvement, Mohamed ben Abdelwahab, a tenu des propos, rapport\u00e9s dans plusieurs \u00e9crits, des plus d\u00e9daigneux et des plus d\u00e9gradants sur le proph\u00e8te Mohamed (sws) ? Quand on sait que ces wahhabites sont derri\u00e8re la majorit\u00e9 des maux que connait le monde musulman.<\/p>\n<p>Puis, comme l&rsquo;hypocrisie est \u00e9quitablement partag\u00e9e sur les deux bords, ce journal Charlie Hebdo, qui en r\u00e9alit\u00e9 est en perte de vitesse, aux finances plomb\u00e9es et ne devant sa survie qu&rsquo;au tapage m\u00e9diatique fait autour de lui et se voyant \u00e0 la fois comme le symbole et la victime toute d\u00e9sign\u00e9e de la libert\u00e9 d&rsquo;expression, devrait r\u00e9pondre \u00e0 la question non innocente : Peut-on ridiculiser le juda\u00efsme ?<\/p>\n<p>Je la pose car un de ses dessinateurs, Sin\u00e9 (Maurice Sinet), ayant fait un dessin montrant le fils Sarkozy, se convertissant au juda\u00efsme, a \u00e9t\u00e9 pri\u00e9 par la soci\u00e9t\u00e9 \u00e9ditrice du journal de s&rsquo;excuser et devant son refus, il a \u00e9t\u00e9 simplement licenci\u00e9. Il a obtenu des dommages et int\u00e9r\u00eats suite \u00e0 une condamnation du journal prononc\u00e9e par le tribunal de grande instance de Paris. Elle est belle la libert\u00e9 d&rsquo;expression !<\/p>\n<p>L&rsquo;islamisme, cette perversion de l&rsquo;islam est dangereux et comme le cancer, il faut un d\u00e9pistage pr\u00e9coce pour le traiter efficacement et avoir des chances d&rsquo;en gu\u00e9rir. L\u00e0, je crois que la France, obnubil\u00e9e par l&rsquo;acquisition de march\u00e9s de vente de technologies, d&rsquo;armes et d&rsquo;avions de combat, a perdu de sa lucidit\u00e9 et pris du retard pour mesurer son impact. Il lui sera tr\u00e8s difficile de le juguler sans courir le risque d&rsquo;assister \u00e0 l&#8217;embrasement du pays.<\/p>\n<p>Son manque de r\u00e9activit\u00e9 est flagrant. Qui n&rsquo;a pas remarqu\u00e9 les d\u00e9placements de son ambassadeur en Tunisie, Poivre d&rsquo;Arvor \u00e0 travers tout le pays ?\u00a0 Il l&rsquo;a sillonn\u00e9 de long en large, visit\u00e9 tous les coins et recoins, il a m\u00eame \u00e9t\u00e9 vu dans le petit port de p\u00eache de Sayada !<\/p>\n<p>Naturellement, non sans envoyer des rapports au quai d&rsquo;Orsay sur la situation du pays, et tout allait visiblement bien puis soudain, entre la poire et le fromage, Macron d\u00e9clare que la Tunisie, trente ann\u00e9es avant, allait beaucoup mieux qu&rsquo;aujourd&rsquo;hui avec les islamistes, alors qu&rsquo;on connait les \u00e9tats de service de ces derniers depuis leur \u00e9mergence en Egypte dans les ann\u00e9es vingt du si\u00e8cle dernier. Une telle d\u00e9claration sid\u00e9rante car tardive, rel\u00e8ve pour moi, soit de la malhonn\u00eatet\u00e9 intellectuelle soit de l&rsquo;ignorance et je pr\u00e9f\u00e8re lui accorder le b\u00e9n\u00e9fice du doute et croire qu&rsquo;il ignore tous les faits.<\/p>\n<p class=\"c6\"><strong>Lotfi Farhane<\/strong><br \/><em>Professeur des Universit\u00e9s<\/em><\/p>\n<p>Auteur:<br \/>\n<a href=\"https:\/\/www.leaders.com.tn\/article\/30801-lotfi-farhane-a-qui-profite-l-assassinat-du-professeur\">Cliquez ici pour lire l&rsquo;article depuis sa source.<\/a><\/p>\n","protected":false},"excerpt":{"rendered":"<p>Par Lotfi Farhane &#8211; Le titre n&rsquo;est pas sans rappeler le film dans lequel, Brel incarnait superbement le personnage d&rsquo;un instituteur dans un petit village de Normandie, accus\u00e9 injustement par une de ses \u00e9l\u00e8ves, mineure, de l&rsquo;avoir viol\u00e9e. L&rsquo;instituteur a \u00e9t\u00e9 blanchi \u00e0 la fin du film, mais le professeur d&rsquo;histoire et g\u00e9ographie de Conflans-Sainte-Honorine [&hellip;]<\/p>\n","protected":false},"author":1772,"featured_media":102954,"comment_status":"closed","ping_status":"closed","sticky":false,"template":"","format":"standard","meta":{"fifu_image_url":"","fifu_image_alt":"","footnotes":""},"categories":[73,55],"tags":[],"class_list":["post-102953","post","type-post","status-publish","format-standard","has-post-thumbnail","hentry","category-actualite","category-tunisie"],"_links":{"self":[{"href":"https:\/\/linitiative.ca\/International\/wp-json\/wp\/v2\/posts\/102953","targetHints":{"allow":["GET"]}}],"collection":[{"href":"https:\/\/linitiative.ca\/International\/wp-json\/wp\/v2\/posts"}],"about":[{"href":"https:\/\/linitiative.ca\/International\/wp-json\/wp\/v2\/types\/post"}],"author":[{"embeddable":true,"href":"https:\/\/linitiative.ca\/International\/wp-json\/wp\/v2\/users\/1772"}],"replies":[{"embeddable":true,"href":"https:\/\/linitiative.ca\/International\/wp-json\/wp\/v2\/comments?post=102953"}],"version-history":[{"count":0,"href":"https:\/\/linitiative.ca\/International\/wp-json\/wp\/v2\/posts\/102953\/revisions"}],"wp:featuredmedia":[{"embeddable":true,"href":"https:\/\/linitiative.ca\/International\/wp-json\/"}],"wp:attachment":[{"href":"https:\/\/linitiative.ca\/International\/wp-json\/wp\/v2\/media?parent=102953"}],"wp:term":[{"taxonomy":"category","embeddable":true,"href":"https:\/\/linitiative.ca\/International\/wp-json\/wp\/v2\/categories?post=102953"},{"taxonomy":"post_tag","embeddable":true,"href":"https:\/\/linitiative.ca\/International\/wp-json\/wp\/v2\/tags?post=102953"}],"curies":[{"name":"wp","href":"https:\/\/api.w.org\/{rel}","templated":true}]}}