{"id":102965,"date":"2020-10-27T09:53:30","date_gmt":"2020-10-27T13:53:30","guid":{"rendered":"https:\/\/linitiative.ca\/International\/relance-nadia-fettah-alaoui-appelle-a-un-tourisme-plus-digital-et-plus-moderne\/"},"modified":"2020-10-27T09:53:30","modified_gmt":"2020-10-27T13:53:30","slug":"relance-nadia-fettah-alaoui-appelle-a-un-tourisme-plus-digital-et-plus-moderne","status":"publish","type":"post","link":"https:\/\/linitiative.ca\/International\/relance-nadia-fettah-alaoui-appelle-a-un-tourisme-plus-digital-et-plus-moderne\/","title":{"rendered":"Relance : Nadia Fettah Alaoui appelle \u00e0 un tourisme plus digital et plus moderne"},"content":{"rendered":"<p><strong>La ministre du tourisme, Nadia Fettah Alaoui, envisage une relance, la plus sereine possible, du secteur du tourisme dans le contexte difficile actuel et appelle aussi \u00e0 un tourisme plus digital et plus moderne.<\/strong><\/p>\n<div class=\"c10\"\/>\n<p>Alors que les professionnels du secteur touristique attendent la relance de pied ferme avec au moins l\u2019ouverture partielle des fronti\u00e8res a\u00e9riennes et aussi celle des villes ferm\u00e9es, tout porte \u00e0 croire qu\u2019ils devront encore patienter. En effet, Selon la ministre du Tourisme, de l\u2019Artisanat, du Transport a\u00e9rien et de l\u2019Economie sociale, Nadia Fettah Alaoui, il est n\u00e9cessaire d\u2019envisager une relance, la plus sereine possible, du secteur du tourisme dans le contexte difficile actuel. Dans le cadre de sa participation (virtuelle) aux Tourism Marketing Days, la ministre a aussi soulign\u00e9 que le gouvernement esp\u00e9rait que cette relance arriverait post-crise afin de pouvoir rouvrir les h\u00f4tels et les villes. \u00ab\u00a0Le virus persiste et la priorit\u00e9 reste la gestion de la crise sanitaire\u00a0\u00bb, a-t-elle pr\u00e9cis\u00e9.<\/p>\n<p><strong>Lire aussi| <a href=\"https:\/\/www.challenge.ma\/coronavirus-la-pollution-de-lair-pourrait-augmenter-la-mortalite-de-15-162996\/\">Coronavirus : la pollution de l\u2019air pourrait augmenter la mortalit\u00e9 de 15%<\/a><\/strong><\/p>\n<p>Nadia Fettah Alaoui a, dans ce sens, rappel\u00e9 que les protocoles sanitaires mis en place depuis le d\u00e9but de la crise ont fait leur preuve pendant des semaines et des mois et sont respect\u00e9s par l\u2019ensemble des h\u00f4teliers. Au del\u00e0 de ces mesures sanitaires et d\u2019accompagnement sociales et financi\u00e8res, la ministre a pr\u00e9cis\u00e9 qu\u2019il s\u2019agit aujourd\u2019hui d\u2019accueillir, \u00e0 nouveau, les touristes qui ont recommenc\u00e9 \u00e0 voyager. \u00ab\u00a0Les premiers touristes internationaux sont revenus depuis quelques semaines. Nos partenaires locaux et internationaux dans l\u2019h\u00f4tellerie, les tours op\u00e9rateurs mais aussi les transports a\u00e9riens ont reconfirm\u00e9 leur int\u00e9r\u00eat et leur fid\u00e9lit\u00e9 \u00e0 un long partenariat historique avec notre pays\u00a0\u00bb, a-t-elle fait remarquer, mettant en exergue l\u2019importance du secteur (7,1% du PIB national et plus de 70 milliards de recettes en devises). \u00ab\u00a0Les pr\u00e9mices d\u2019un nouveau tourisme se dessinent. Un tourisme plus responsable, plus durable (de la nature et du bien \u00eatre) mais \u00e9galement un tourisme plus digital plus moderne\u00a0\u00bb, a-t-elle ajout\u00e9.<\/p>\n<p><strong>Lire aussi| <a href=\"https:\/\/www.challenge.ma\/vaccin-anti-covid-19-sinopharm-et-astrazeneca-pourraient-mettre-leurs-vaccins-sur-le-marche-dici-decembre-162944\/\">Covid-19 : Sinopharm et AstraZeneca pourraient mettre leurs vaccins sur le march\u00e9 d\u2019ici d\u00e9cembre<\/a><\/strong><\/p>\n<p>Notons que c\u2019est l\u2019objet de l\u2019\u00e9tude internationale que l\u2019ONMT a diligent\u00e9e depuis le d\u00e9but de cette ann\u00e9e, pour \u00eatre certains d\u2019\u00eatre au rendez-vous des nouvelles attentes et requ\u00eates des clients locaux mais \u00e9galement internationaux. Elle a, \u00e0 ce propos, recommand\u00e9 \u00e0 l\u2019ensemble des op\u00e9rateurs de s\u2019inscrire dans ce projet ambitieux que repr\u00e9sente \u00ab\u00a0Welcome safely\u00a0\u00bb, ce nouveau label aux standards internationaux essentiels \u00e0 appliquer dans la majorit\u00e9 des \u00e9tablissements h\u00f4teliers au Maroc vu le contexte concurrentiel du monde du tourisme. Soulignons que Tourism Marketing Days, organis\u00e9 par l\u2019ONMT, est un concept novateur r\u00e9unissant l\u2019ensemble des professionnels du tourisme autour des questions strat\u00e9giques du secteur dans le contexte particulier actuel.<\/p>\n<p>Auteur: challenge<br \/>\n<a href=\"https:\/\/www.challenge.ma\/relance-nadia-fettah-alaoui-appelle-a-un-tourisme-plus-digital-et-plus-moderne-163042\/\">Cliquez ici pour lire l&rsquo;article depuis sa source.<\/a><\/p>\n","protected":false},"excerpt":{"rendered":"<p>La ministre du tourisme, Nadia Fettah Alaoui, envisage une relance, la plus sereine possible, du secteur du tourisme dans le contexte difficile actuel et appelle aussi \u00e0 un tourisme plus digital et plus moderne. Alors que les professionnels du secteur touristique attendent la relance de pied ferme avec au moins l\u2019ouverture partielle des fronti\u00e8res a\u00e9riennes [&hellip;]<\/p>\n","protected":false},"author":1787,"featured_media":0,"comment_status":"closed","ping_status":"closed","sticky":false,"template":"","format":"standard","meta":{"fifu_image_url":"","fifu_image_alt":"","footnotes":""},"categories":[78,54],"tags":[],"class_list":["post-102965","post","type-post","status-publish","format-standard","hentry","category-economie","category-maroc"],"_links":{"self":[{"href":"https:\/\/linitiative.ca\/International\/wp-json\/wp\/v2\/posts\/102965","targetHints":{"allow":["GET"]}}],"collection":[{"href":"https:\/\/linitiative.ca\/International\/wp-json\/wp\/v2\/posts"}],"about":[{"href":"https:\/\/linitiative.ca\/International\/wp-json\/wp\/v2\/types\/post"}],"author":[{"embeddable":true,"href":"https:\/\/linitiative.ca\/International\/wp-json\/wp\/v2\/users\/1787"}],"replies":[{"embeddable":true,"href":"https:\/\/linitiative.ca\/International\/wp-json\/wp\/v2\/comments?post=102965"}],"version-history":[{"count":0,"href":"https:\/\/linitiative.ca\/International\/wp-json\/wp\/v2\/posts\/102965\/revisions"}],"wp:attachment":[{"href":"https:\/\/linitiative.ca\/International\/wp-json\/wp\/v2\/media?parent=102965"}],"wp:term":[{"taxonomy":"category","embeddable":true,"href":"https:\/\/linitiative.ca\/International\/wp-json\/wp\/v2\/categories?post=102965"},{"taxonomy":"post_tag","embeddable":true,"href":"https:\/\/linitiative.ca\/International\/wp-json\/wp\/v2\/tags?post=102965"}],"curies":[{"name":"wp","href":"https:\/\/api.w.org\/{rel}","templated":true}]}}