{"id":102968,"date":"2020-10-27T12:18:22","date_gmt":"2020-10-27T16:18:22","guid":{"rendered":"https:\/\/linitiative.ca\/International\/vrai-ou-fake-sur-la-covid-19-au-maroc-mardi-27-octobre\/"},"modified":"2020-10-27T12:18:22","modified_gmt":"2020-10-27T16:18:22","slug":"vrai-ou-fake-sur-la-covid-19-au-maroc-mardi-27-octobre","status":"publish","type":"post","link":"https:\/\/linitiative.ca\/International\/vrai-ou-fake-sur-la-covid-19-au-maroc-mardi-27-octobre\/","title":{"rendered":"Vrai ou Fake sur la Covid-19 au Maroc, mardi 27 octobre"},"content":{"rendered":"<p><strong>En plus de l\u2019\u00e9pid\u00e9mie du coronavirus, nous devons faire face \u00e0 une autre \u00e9pid\u00e9mie, celle des fake news relay\u00e9es sur les r\u00e9seaux sociaux.<\/strong><\/p>\n<div class=\"c10\"\/>\n<p>\u2013 Les autorit\u00e9s de la r\u00e9gion Rabat-Sal\u00e9-K\u00e9nitra ont inform\u00e9 les propri\u00e9taires des salles de sports qu\u2019ils peuvent poursuivre leur activit\u00e9 de fa\u00e7on normale. <strong>VRAI<\/strong><\/p>\n<p>\u2013 L\u2019Office national des chemins de fer (ONCF) suspend ses trains de et vers Tanger, T\u00e9touan, F\u00e8s, Mekn\u00e8s, Casablanca, Berrechid, Settat et Marrakech. <strong>FAKE<\/strong><\/p>\n<p>\u2013 Khalid Ait Taleb, ministre de la Sant\u00e9, a reconnu que la situation \u00e9pid\u00e9miologique est devenue critique suite \u00e0 l\u2019apparition de 1192 foyers infectieux. <strong>VRAI<\/strong><\/p>\n<p><strong>Lire aussi |\u00a0<a rel=\"noreferrer noopener\" href=\"https:\/\/www.challenge.ma\/lonmt-enumere-les-principaux-defis-a-relever-163058\/\" target=\"_blank\">L\u2019ONMT \u00e9num\u00e8re les principaux d\u00e9fis \u00e0 relever<\/a><\/strong><\/p>\n<p>\u2013 Les autorit\u00e9s de Casablanca ont annonc\u00e9 l\u2019all\u00e8gement des mesures de restrictions. <strong>FAKE<\/strong><\/p>\n<p>\u2013 Un total de 624.543 personnes contrevenant au port obligatoire du masque de protection ont \u00e9t\u00e9 arr\u00eat\u00e9es au Maroc entre le 25 juillet et le 23 octobre. <strong>VRAI<\/strong><\/p>\n<p>\u2013 La pollution de l\u2019air ambiant pourrait entra\u00eener un risque accru de mourir du Covid-19 d\u2019environ 15% en moyenne dans le monde. <strong>VRAI<\/strong><\/p>\n<p><strong>Lire aussi |\u00a0<a rel=\"noreferrer noopener\" href=\"https:\/\/www.challenge.ma\/contribution-de-solidarite-tout-ce-quil-faut-savoir-sur-cette-mesure-163034\/\" target=\"_blank\">Contribution de solidarit\u00e9 : tout ce qu\u2019il faut savoir sur cette mesure<\/a><\/strong><\/p>\n<p>Auteur: Hajar DARI<br \/>\n<a href=\"https:\/\/www.challenge.ma\/vrai-ou-fake-sur-la-covid-19-au-maroc-mardi-27-octobre-163050\/\">Cliquez ici pour lire l&rsquo;article depuis sa source.<\/a><\/p>\n","protected":false},"excerpt":{"rendered":"<p>En plus de l\u2019\u00e9pid\u00e9mie du coronavirus, nous devons faire face \u00e0 une autre \u00e9pid\u00e9mie, celle des fake news relay\u00e9es sur les r\u00e9seaux sociaux. \u2013 Les autorit\u00e9s de la r\u00e9gion Rabat-Sal\u00e9-K\u00e9nitra ont inform\u00e9 les propri\u00e9taires des salles de sports qu\u2019ils peuvent poursuivre leur activit\u00e9 de fa\u00e7on normale. VRAI \u2013 L\u2019Office national des chemins de fer (ONCF) [&hellip;]<\/p>\n","protected":false},"author":1787,"featured_media":0,"comment_status":"closed","ping_status":"closed","sticky":false,"template":"","format":"standard","meta":{"fifu_image_url":"","fifu_image_alt":"","footnotes":""},"categories":[78,54],"tags":[],"class_list":["post-102968","post","type-post","status-publish","format-standard","hentry","category-economie","category-maroc"],"_links":{"self":[{"href":"https:\/\/linitiative.ca\/International\/wp-json\/wp\/v2\/posts\/102968","targetHints":{"allow":["GET"]}}],"collection":[{"href":"https:\/\/linitiative.ca\/International\/wp-json\/wp\/v2\/posts"}],"about":[{"href":"https:\/\/linitiative.ca\/International\/wp-json\/wp\/v2\/types\/post"}],"author":[{"embeddable":true,"href":"https:\/\/linitiative.ca\/International\/wp-json\/wp\/v2\/users\/1787"}],"replies":[{"embeddable":true,"href":"https:\/\/linitiative.ca\/International\/wp-json\/wp\/v2\/comments?post=102968"}],"version-history":[{"count":0,"href":"https:\/\/linitiative.ca\/International\/wp-json\/wp\/v2\/posts\/102968\/revisions"}],"wp:attachment":[{"href":"https:\/\/linitiative.ca\/International\/wp-json\/wp\/v2\/media?parent=102968"}],"wp:term":[{"taxonomy":"category","embeddable":true,"href":"https:\/\/linitiative.ca\/International\/wp-json\/wp\/v2\/categories?post=102968"},{"taxonomy":"post_tag","embeddable":true,"href":"https:\/\/linitiative.ca\/International\/wp-json\/wp\/v2\/tags?post=102968"}],"curies":[{"name":"wp","href":"https:\/\/api.w.org\/{rel}","templated":true}]}}