{"id":102969,"date":"2020-10-27T14:47:28","date_gmt":"2020-10-27T18:47:28","guid":{"rendered":"https:\/\/linitiative.ca\/International\/4500-talents-africains-ont-pris-part-au-colloque-de-attijariwafa-bank\/"},"modified":"2020-10-27T14:47:28","modified_gmt":"2020-10-27T18:47:28","slug":"4500-talents-africains-ont-pris-part-au-colloque-de-attijariwafa-bank","status":"publish","type":"post","link":"https:\/\/linitiative.ca\/International\/4500-talents-africains-ont-pris-part-au-colloque-de-attijariwafa-bank\/","title":{"rendered":"4500 talents africains ont pris part au colloque de Attijariwafa bank"},"content":{"rendered":"<p><strong>Le groupe Attijariwafa bank a organis\u00e9 la premi\u00e8re \u00e9dition du colloque digital \u00ab\u00a0Talents Africains\u00a0\u00bb les 26 et 27 octobre 2020 \u00e0 Casablanca.<\/strong><\/p>\n<div class=\"c10\"\/>\n<p>Pr\u00e9sid\u00e9 par Mohamed El Kettani, pr\u00e9sident du groupe Attijariwafa bank, et initi\u00e9 par le d\u00e9partement Capital Humain du Groupe, cette \u00e9dition sous le th\u00e8me \u00ab\u00a0Le D\u00e9veloppement des Talents Africains, un Enjeu Majeur pour la Transformation du Continent\u00a0\u00bb vise \u00e0 cr\u00e9er les conditions d\u2019une synergie constructive et une dynamique aupr\u00e8s des talents seniors, experts m\u00e9tiers et cadres dirigeants \u00e0 l\u2019\u00e9chelle internationale et continentale.<\/p>\n<p><strong>Lire aussi | <a href=\"https:\/\/www.challenge.ma\/plf-un-exercice-inutile-163081\/\" target=\"_blank\" rel=\"noreferrer noopener\">PLF : un exercice inutile ?<\/a><\/strong><\/p>\n<p>Cet \u00e9v\u00e9nement a constitu\u00e9 un espace dynamique d\u2019\u00e9changes et de partage d\u2019exp\u00e9rience in\u00e9dite avec la participation de plus de 4500 talents africains repr\u00e9sentant plusieurs pays et \u00e9tablis dans plusieurs continents. 5 conf\u00e9rences et une table ronde anim\u00e9es par des membres du Top management du groupe Attijariwafa bank et par des personnalit\u00e9s de notori\u00e9t\u00e9 publique, du monde diplomatique, \u00e9conomique, financier et social ont permis aux participants de d\u00e9battre pendant les 2 jours du devenir de la jeunesse africaine et du talent africain au service d\u2019une Afrique qui croit en son avenir. L\u2019accent a \u00e9t\u00e9 mis aussi sur l\u2019\u00e9change avec les talents seniors \u00e0 travers des espaces d\u00e9di\u00e9s \u00e0 des lignes de m\u00e9tiers sp\u00e9cifiques qui chacune a \u00e9t\u00e9 repr\u00e9sent\u00e9e par les managers du Groupe au Maroc et leurs homologues au niveau des filiales en Afrique. L\u2019objectif \u00e9tant de de mettre en contact les \u00e9quipes du Groupe et des profils \u00e0 tr\u00e8s haut potentiel dans le cadre d\u2019un registre orient\u00e9 vers le partage, l\u2019\u00e9change et le Networking. Donnant le coup d\u2019envoi de cette premi\u00e8re \u00e9dition, Mohamed EL Kettani a d\u2019abord rappel\u00e9 le discours de SM le Roi Mohammed VI devant l\u2019Union africaine en janvier 2017 avant de souligner\u00a0: \u00ab Notre conviction dans les capacit\u00e9s infinies de notre continent, ses potentialit\u00e9s, mais aussi notre devoir de responsabilit\u00e9 en tant qu\u2019op\u00e9rateur \u00e9conomique. Ensemble, r\u00e9affirmons notre croyance en notre Afrique, \u0153uvrons pour sa prosp\u00e9rit\u00e9 et investissons dans notre capital humain\u00a0\u00bb. Et d\u2019ajouter : \u00ab\u00a0La signature de notre Groupe est \u00ab\u00a0Croire en vous\u00a0\u00bb, aujourd\u2019hui je suis fier de vous dire que nous croyons en vous. Nous croyons en le potentiel de la jeunesse africaine et en notre capacit\u00e9 \u00e0 construire une Afrique qui avance\u00a0\u00bb.<\/p>\n<p><strong>Lire aussi | <a rel=\"noreferrer noopener\" href=\"https:\/\/www.challenge.ma\/lonmt-enumere-les-principaux-defis-a-relever-163058\/\" target=\"_blank\">L\u2019ONMT \u00e9num\u00e8re les principaux d\u00e9fis \u00e0 relever<\/a><\/strong><\/p>\n<p>Dans son allocution d\u2019ouverture, Mohcine Jazouli, ministre d\u00e9l\u00e9gu\u00e9 aupr\u00e8s du ministre des Affaires \u00e9trang\u00e8res, de la Coop\u00e9ration africaine et des Marocains R\u00e9sidant \u00e0 l\u2019\u00e9tranger, a soulign\u00e9 que : \u00ab ces talents, il va falloir apprendre \u00e0 les d\u00e9nicher, \u00e0 les former et aussi \u00e0 les prot\u00e9ger parce que la croissance de demain aura besoin de leur savoir-faire cr\u00e9ateur. Cette croissance va consommer beaucoup de comp\u00e9tences, et nous risquons de faire face \u00e0 une p\u00e9nurie de talents voire m\u00eame \u00e0 une guerre de talents \u00bb.<\/p>\n<p>A travers ce colloque, le groupe Attijariwafa bank renouvelle son engagement \u00e0 accompagner de mani\u00e8re p\u00e9renne les talents au niveau du Continent, et poser les jalons d\u2019une relance post-crise o\u00f9 les comp\u00e9tences africaines seront \u00e0 l\u2019honneur.<\/p>\n<p>Auteur: Karim Handaoui<br \/>\n<a href=\"https:\/\/www.challenge.ma\/4500-talents-africains-ont-pris-part-au-colloque-de-attijariwafa-bank-163112\/\">Cliquez ici pour lire l&rsquo;article depuis sa source.<\/a><\/p>\n","protected":false},"excerpt":{"rendered":"<p>Le groupe Attijariwafa bank a organis\u00e9 la premi\u00e8re \u00e9dition du colloque digital \u00ab\u00a0Talents Africains\u00a0\u00bb les 26 et 27 octobre 2020 \u00e0 Casablanca. Pr\u00e9sid\u00e9 par Mohamed El Kettani, pr\u00e9sident du groupe Attijariwafa bank, et initi\u00e9 par le d\u00e9partement Capital Humain du Groupe, cette \u00e9dition sous le th\u00e8me \u00ab\u00a0Le D\u00e9veloppement des Talents Africains, un Enjeu Majeur pour [&hellip;]<\/p>\n","protected":false},"author":1787,"featured_media":0,"comment_status":"closed","ping_status":"closed","sticky":false,"template":"","format":"standard","meta":{"fifu_image_url":"","fifu_image_alt":"","footnotes":""},"categories":[78,54],"tags":[],"class_list":["post-102969","post","type-post","status-publish","format-standard","hentry","category-economie","category-maroc"],"_links":{"self":[{"href":"https:\/\/linitiative.ca\/International\/wp-json\/wp\/v2\/posts\/102969","targetHints":{"allow":["GET"]}}],"collection":[{"href":"https:\/\/linitiative.ca\/International\/wp-json\/wp\/v2\/posts"}],"about":[{"href":"https:\/\/linitiative.ca\/International\/wp-json\/wp\/v2\/types\/post"}],"author":[{"embeddable":true,"href":"https:\/\/linitiative.ca\/International\/wp-json\/wp\/v2\/users\/1787"}],"replies":[{"embeddable":true,"href":"https:\/\/linitiative.ca\/International\/wp-json\/wp\/v2\/comments?post=102969"}],"version-history":[{"count":0,"href":"https:\/\/linitiative.ca\/International\/wp-json\/wp\/v2\/posts\/102969\/revisions"}],"wp:attachment":[{"href":"https:\/\/linitiative.ca\/International\/wp-json\/wp\/v2\/media?parent=102969"}],"wp:term":[{"taxonomy":"category","embeddable":true,"href":"https:\/\/linitiative.ca\/International\/wp-json\/wp\/v2\/categories?post=102969"},{"taxonomy":"post_tag","embeddable":true,"href":"https:\/\/linitiative.ca\/International\/wp-json\/wp\/v2\/tags?post=102969"}],"curies":[{"name":"wp","href":"https:\/\/api.w.org\/{rel}","templated":true}]}}