{"id":102982,"date":"2020-10-27T08:01:05","date_gmt":"2020-10-27T12:01:05","guid":{"rendered":"https:\/\/linitiative.ca\/International\/qui-est-bila-charles-kabore\/"},"modified":"2020-10-27T08:01:05","modified_gmt":"2020-10-27T12:01:05","slug":"qui-est-bila-charles-kabore","status":"publish","type":"post","link":"https:\/\/linitiative.ca\/International\/qui-est-bila-charles-kabore\/","title":{"rendered":"Qui est Bila Charles Kabor\u00e9"},"content":{"rendered":"<div class=\"td-post-featured-image\"><a href=\"https:\/\/www.sidwaya.info\/wp-content\/uploads\/2020\/10\/Bila-Kabore.jpg\" data-caption=\"\"><img loading=\"lazy\" decoding=\"async\" width=\"480\" height=\"640\" class=\"entry-thumb td-modal-image\" src=\"https:\/\/www.sidwaya.info\/wp-content\/uploads\/2020\/10\/Bila-Kabore.jpg\" srcset=\"https:\/\/www.sidwaya.info\/wp-content\/uploads\/2020\/10\/Bila-Kabore.jpg 480w, https:\/\/www.sidwaya.info\/wp-content\/uploads\/2020\/10\/Bila-Kabore-225x300.jpg 225w, https:\/\/www.sidwaya.info\/wp-content\/uploads\/2020\/10\/Bila-Kabore-315x420.jpg 315w\" sizes=\"auto, (max-width: 480px) 100vw, 480px\" alt=\"\" title=\"Bila-Kabore\"\/><\/a><\/div>\n<p><strong>L\u2019ancien<\/strong> <strong>vice-gouverneur de la BCEAO, Bila Charles Kabor\u00e9 est d\u00e9c\u00e9d\u00e9 ce mardi.<\/strong><\/p>\n<p>Administrateur civil issu de la prestigieuse Ecole Normale William Ponty, Bila Charles Kabor\u00e9 est le p\u00e8re de l\u2019actuel pr\u00e9sident du Faso, Roch Marc Christian Kabor\u00e9. Il est n\u00e9 \u00e0 Tuir\u00e9 (Ganzourgou) en 1930.<\/p>\n<p>Apr\u00e8s ses \u00e9tudes au Burkina, il est admis en 1948 \u00e0 l\u2019Ecole Normale de Katibougou (Mali) o\u00f9 il obtient le Brevet \u00e9l\u00e9mentaire et la premi\u00e8re partie du Baccalaur\u00e9at qui lui permettent d\u2019acc\u00e9der \u00e0 William Ponty pour une formation professionnelle d\u2019enseignant. Cette formation s\u2019ach\u00e8ve en 1954 par l\u2019acquisition du Baccalaur\u00e9at s\u00e9rie Sciences exp\u00e9rimentales et du Certificat de fin d\u2019\u00e9tudes des Ecoles normales.<\/p>\n<p>Ce n\u2019est qu\u2019apr\u00e8s avoir satisfait \u00e0 ses obligations militaires d\u2019un an \u00e0 Bobo-Dioulasso, qu\u2019il pu se consacrer \u00e0 sa profession d\u2019enseignant de 1955 \u00e0 1958.<\/p>\n<p>Ensuite, l\u2019ardente volont\u00e9 de renforcer ses connaissances l\u2019animant, il retourne aux \u00e9tudes en 1958 \u00e0 la Facult\u00e9 des sciences de Dakar, puis \u00e0 l\u2019Institut des Hautes \u00e9tudes d\u2019Outre-Mer de Paris (actuel IAP).<\/p>\n<p>A l\u2019issue de ces formations, M.\u00a0Bila Charles Kabor\u00e9 est nomm\u00e9 conseiller technique du ministre de l\u2019Int\u00e9rieur et de la S\u00e9curit\u00e9, cumulativement avec la fonction de directeur de s\u00e9curit\u00e9 (ao\u00fbt 1961\/31 d\u00e9cembre 1962). Plus tard, il re\u00e7oit la charge de tr\u00e9sorier g\u00e9n\u00e9ral de Haute-Volta et membre du Conseil \u00e9conomique et Social et administrateur unique de la Caisse de Pr\u00e9voyance sociale (pr\u00e9d\u00e9cesseur de la CNSS).<\/p>\n<p>Tant d\u2019exp\u00e9riences acquises \u00e0 un niveau aussi \u00e9lev\u00e9 des institutions de l\u2019Etat le conduisent naturellement au gouvernement\u00a0: d\u2019octobre 1963 au 9 d\u00e9cembre 1965, il d\u00e9tient le portefeuille de ministre des Finances, et est pr\u00e9sident du Comit\u00e9 mon\u00e9taire national et membre du Conseil d\u2019administration de la BCEAO.<\/p>\n<p>Enfin, il est ministre de la Sant\u00e9 publique jusqu\u2019\u00e0 la chute de la premi\u00e8re R\u00e9publique le 3 janvier 1966. Il est alors envoy\u00e9 au \u00ab\u00a0commandement du Cercle de Tougan o\u00f9 il demeure deux ans (janvier 1966-f\u00e9vrier 1968) avant d\u2019\u00eatre rappel\u00e9 aupr\u00e8s du pr\u00e9sident de la R\u00e9publique pour assurer des fonctions de haut niveau\u00a0: d\u2019abord conseiller financier (1968\/1975), puis secr\u00e9taire g\u00e9n\u00e9ral de la pr\u00e9sidence de la R\u00e9publique (mai 1972\/avril 1975)\u00a0\u00bb.<\/p>\n<p>A partir de cette date et ce jusqu\u2019en d\u00e9cembre 1982, il est nomm\u00e9 vice-gouverneur de la BCEAO. Il revient au pays en 1983 et assure \u00e0 la pr\u00e9sidence du Faso, la fonction de conseiller technique, puis de secr\u00e9taire g\u00e9n\u00e9ral (mars 1984\/d\u00e9cembre 1984). Il ira \u00e0 la retraite le 1er janvier 1985.<\/p>\n<p>Cette brillante carri\u00e8re lui a valu de nombreuses distinctions honorifiques burkinab\u00e8 et \u00e9trang\u00e8res.<\/p>\n<p>La R\u00e9daction<\/p>\n<div class=\"td-a-rec td-a-rec-id-content_bottom tdi_30_c75 td_block_template_1\"><img loading=\"lazy\" decoding=\"async\" class=\"aligncenter size-full wp-image-27454\" src=\"https:\/\/www.sidwaya.info\/wp-content\/uploads\/2020\/10\/PUB-Bandeau-paiement-mobile-siteweb.jpg\" alt=\"\" width=\"728\" height=\"90\"\/><\/div>\n<p>Auteur: Wamini SIDWAYA<br \/>\n<a href=\"https:\/\/www.sidwaya.info\/blog\/2020\/10\/27\/qui-est-bila-charles-kabore\/\">Cliquez ici pour lire l&rsquo;article depuis sa source.<\/a><\/p>\n","protected":false},"excerpt":{"rendered":"<p>L\u2019ancien vice-gouverneur de la BCEAO, Bila Charles Kabor\u00e9 est d\u00e9c\u00e9d\u00e9 ce mardi. Administrateur civil issu de la prestigieuse Ecole Normale William Ponty, Bila Charles Kabor\u00e9 est le p\u00e8re de l\u2019actuel pr\u00e9sident du Faso, Roch Marc Christian Kabor\u00e9. Il est n\u00e9 \u00e0 Tuir\u00e9 (Ganzourgou) en 1930. Apr\u00e8s ses \u00e9tudes au Burkina, il est admis en 1948 [&hellip;]<\/p>\n","protected":false},"author":1816,"featured_media":102983,"comment_status":"closed","ping_status":"closed","sticky":false,"template":"","format":"standard","meta":{"fifu_image_url":"","fifu_image_alt":"","footnotes":""},"categories":[73,81],"tags":[],"class_list":["post-102982","post","type-post","status-publish","format-standard","has-post-thumbnail","hentry","category-actualite","category-burkina-faso"],"_links":{"self":[{"href":"https:\/\/linitiative.ca\/International\/wp-json\/wp\/v2\/posts\/102982","targetHints":{"allow":["GET"]}}],"collection":[{"href":"https:\/\/linitiative.ca\/International\/wp-json\/wp\/v2\/posts"}],"about":[{"href":"https:\/\/linitiative.ca\/International\/wp-json\/wp\/v2\/types\/post"}],"author":[{"embeddable":true,"href":"https:\/\/linitiative.ca\/International\/wp-json\/wp\/v2\/users\/1816"}],"replies":[{"embeddable":true,"href":"https:\/\/linitiative.ca\/International\/wp-json\/wp\/v2\/comments?post=102982"}],"version-history":[{"count":0,"href":"https:\/\/linitiative.ca\/International\/wp-json\/wp\/v2\/posts\/102982\/revisions"}],"wp:featuredmedia":[{"embeddable":true,"href":"https:\/\/linitiative.ca\/International\/wp-json\/"}],"wp:attachment":[{"href":"https:\/\/linitiative.ca\/International\/wp-json\/wp\/v2\/media?parent=102982"}],"wp:term":[{"taxonomy":"category","embeddable":true,"href":"https:\/\/linitiative.ca\/International\/wp-json\/wp\/v2\/categories?post=102982"},{"taxonomy":"post_tag","embeddable":true,"href":"https:\/\/linitiative.ca\/International\/wp-json\/wp\/v2\/tags?post=102982"}],"curies":[{"name":"wp","href":"https:\/\/api.w.org\/{rel}","templated":true}]}}