{"id":103001,"date":"2020-10-28T11:00:11","date_gmt":"2020-10-28T15:00:11","guid":{"rendered":"https:\/\/linitiative.ca\/International\/nouveau-parcours-artistique-portes-ouvertes-au-musee-bank-al-maghrib\/"},"modified":"2020-10-28T11:00:11","modified_gmt":"2020-10-28T15:00:11","slug":"nouveau-parcours-artistique-portes-ouvertes-au-musee-bank-al-maghrib","status":"publish","type":"post","link":"https:\/\/linitiative.ca\/International\/nouveau-parcours-artistique-portes-ouvertes-au-musee-bank-al-maghrib\/","title":{"rendered":"Nouveau parcours artistique : Portes ouvertes au Mus\u00e9e Bank Al-Maghrib"},"content":{"rendered":"<header>\n<\/header>\n<div class=\"entry-content clearfix\" readability=\"52\"><img decoding=\"async\" class=\"post_layout_5_img\" src=\"http:\/\/aujourdhui.ma\/wp-content\/uploads\/2020\/10\/Portes-ouvertes-au-Musee-Bank-Al-Maghrib.jpg\" alt=\"Nouveau parcours artistique : Portes ouvertes au Mus&#xE9;e Bank Al-Maghrib\"\/><\/p>\n<p><span class=\"c5\"><strong>Le Mus\u00e9e de Bank Al-Maghrib renouvelle son exposition permanente artistique.<\/strong><\/span><span id=\"more-359101\"\/><\/p>\n<p>Appel\u00e9 \u00abLe Maroc artistique : Histoire et tendances\u00bb, ce show de toiles donne \u00e0 voir, selon le Mus\u00e9e, \u00abtoute l\u2019\u00e9tendue de l\u2019histoire artistique au Maroc depuis l\u2019aube du XX\u00e8me si\u00e8cle jusqu\u2019\u00e0 nos jours \u00e0 travers un \u00e9ventail d\u2019oeuvres caract\u00e9ristiques d\u2019un Maroc qui a toujours \u00e9t\u00e9 une terre d\u2019inspiration pour les artistes d\u2019ici et d\u2019ailleurs\u00bb. Ce sont ainsi quatre espaces qui composent d\u00e9sormais ce nouveau parcours artistique. Le premier est d\u00e9di\u00e9 \u00e0 l\u2019art orientaliste ; dans ce sens, l\u2019exposition permanente donne, selon la m\u00eame source, un aper\u00e7u \u00e9loquent de ce qu\u2019\u00e9tait \u00able Royaume ch\u00e9rifien d\u2019hier vu par les artistes orientalistes venus de diff\u00e9rents pays de l\u2019Occident\u00bb. Quant au deuxi\u00e8me espace, il est d\u00e9di\u00e9 \u00e0 l\u2019art figuratif tous azimuts. Ce volet pr\u00e9sente les figuratifs marocains et les peintres autodidactes dont le travail s\u2019inscrit dans la r\u00e9alit\u00e9 environnante comme dans la m\u00e9moire collective tout en tendant vers l\u2019universalisme. De son c\u00f4t\u00e9, l\u2019espace de l\u2019art marocain moderne r\u00e9v\u00e8le les pionniers de l\u2019Ecole de T\u00e9touan et l\u2019Ecole de Casablanca, qui d\u00e8s l\u2019ind\u00e9pendance du Maroc, ont apport\u00e9 un souffle nouveau \u00e0 l\u2019art marocain, en prenant le pas de la modernit\u00e9. Pour sa part, le dernier \u00e9tage du Mus\u00e9e est r\u00e9serv\u00e9 \u00e0 l\u2019art contemporain. Il est consacr\u00e9 aux artistes contemporains marocains qui, selon le Mus\u00e9e, \u00absubordonnent dor\u00e9navant leur cr\u00e9ation \u00e0 une vision de l\u2019art plac\u00e9e \u00e0 l\u2019\u00e9chelle du monde\u00bb. Pour rappel, le renouvellement de l\u2019exposition de cette structure mus\u00e9ale intervient dix ans apr\u00e8s son ouverture.<\/p>\n<\/div>\n<p>Auteur: ALM<br \/>\n<a href=\"https:\/\/aujourdhui.ma\/culture\/nouveau-parcours-artistique-portes-ouvertes-au-musee-bank-al-maghrib\">Cliquez ici pour lire l&rsquo;article depuis sa source.<\/a><\/p>\n","protected":false},"excerpt":{"rendered":"<p>Le Mus\u00e9e de Bank Al-Maghrib renouvelle son exposition permanente artistique. Appel\u00e9 \u00abLe Maroc artistique : Histoire et tendances\u00bb, ce show de toiles donne \u00e0 voir, selon le Mus\u00e9e, \u00abtoute l\u2019\u00e9tendue de l\u2019histoire artistique au Maroc depuis l\u2019aube du XX\u00e8me si\u00e8cle jusqu\u2019\u00e0 nos jours \u00e0 travers un \u00e9ventail d\u2019oeuvres caract\u00e9ristiques d\u2019un Maroc qui a toujours \u00e9t\u00e9 [&hellip;]<\/p>\n","protected":false},"author":1759,"featured_media":103002,"comment_status":"closed","ping_status":"closed","sticky":false,"template":"","format":"standard","meta":{"fifu_image_url":"","fifu_image_alt":"","footnotes":""},"categories":[73,54],"tags":[],"class_list":["post-103001","post","type-post","status-publish","format-standard","has-post-thumbnail","hentry","category-actualite","category-maroc"],"_links":{"self":[{"href":"https:\/\/linitiative.ca\/International\/wp-json\/wp\/v2\/posts\/103001","targetHints":{"allow":["GET"]}}],"collection":[{"href":"https:\/\/linitiative.ca\/International\/wp-json\/wp\/v2\/posts"}],"about":[{"href":"https:\/\/linitiative.ca\/International\/wp-json\/wp\/v2\/types\/post"}],"author":[{"embeddable":true,"href":"https:\/\/linitiative.ca\/International\/wp-json\/wp\/v2\/users\/1759"}],"replies":[{"embeddable":true,"href":"https:\/\/linitiative.ca\/International\/wp-json\/wp\/v2\/comments?post=103001"}],"version-history":[{"count":0,"href":"https:\/\/linitiative.ca\/International\/wp-json\/wp\/v2\/posts\/103001\/revisions"}],"wp:featuredmedia":[{"embeddable":true,"href":"https:\/\/linitiative.ca\/International\/wp-json\/"}],"wp:attachment":[{"href":"https:\/\/linitiative.ca\/International\/wp-json\/wp\/v2\/media?parent=103001"}],"wp:term":[{"taxonomy":"category","embeddable":true,"href":"https:\/\/linitiative.ca\/International\/wp-json\/wp\/v2\/categories?post=103001"},{"taxonomy":"post_tag","embeddable":true,"href":"https:\/\/linitiative.ca\/International\/wp-json\/wp\/v2\/tags?post=103001"}],"curies":[{"name":"wp","href":"https:\/\/api.w.org\/{rel}","templated":true}]}}