{"id":103005,"date":"2020-10-28T09:23:43","date_gmt":"2020-10-28T13:23:43","guid":{"rendered":"https:\/\/linitiative.ca\/International\/la-main-de-bouchaib-habbouli%ef%bb%bf\/"},"modified":"2020-10-28T09:23:43","modified_gmt":"2020-10-28T13:23:43","slug":"la-main-de-bouchaib-habbouli%ef%bb%bf","status":"publish","type":"post","link":"https:\/\/linitiative.ca\/International\/la-main-de-bouchaib-habbouli%ef%bb%bf\/","title":{"rendered":"La main de Boucha\u00efb Habbouli\u2026\ufeff"},"content":{"rendered":"<p class=\"c2\"><strong>Mohamed Nait Youssef<\/strong><\/p>\n<p class=\"has-text-color c3\"><em>Artiste majeur de la sc\u00e8ne plastique et artistique nationale\u00a0! Discret mais authentique, Boucha\u00efb Habbouli nous laisse perplexes et m\u00e9ditatifs devant ses \u0153uvres, \u2018\u2019ses figures\u2019\u2019 parlantes et ses \u2018\u2019traits\u2019\u2019 regorgeant\u00a0 de sens et de significations. Prolifique et novateur, cet artiste autodidacte invite alors les passionn\u00e9s de la peinture et les amoureux de l\u2019art \u00e0 d\u00e9couvrir ou \u00e0 red\u00e9couvrir son \u0153uvre majeure \u00e0 travers une exposition r\u00e9trospective issue des collections de la Fondation Nationale des Mus\u00e9es, de Bank Al Maghrib, d\u2019Attijariwafa Bank et de la Soci\u00e9t\u00e9 G\u00e9n\u00e9rale Marocaine de Banques et organis\u00e9e par la Fondation Al Mada.<\/em><\/p>\n<p>En effet, ce sont aux Villas des Arts de Rabat et de Casablanca que ses travaux artistiques seront visibles jusqu\u2019au 15 janvier 2021. Ainsi, c\u2019est \u00e0 la Villa des Arts de Rabat que le vernissage de cette exposition a eu lieu mardi 27 octobre en pr\u00e9sence de ses amis artistes, des personnalit\u00e9s des mondes de la culture et des arts mais aussi des f\u00e9rus de sa peinture et son style. C\u2019\u00e9tait bel et bien une occasion idoine pour renouer les\u00a0 liens avec les arts en ces temps de la pand\u00e9mie.<\/p>\n<p>Connu par ses portraits, ses Figures, mais aussi et surtout par sa ma\u00eetrise picturale, Boucha\u00efb Habbouli est un grand amoureux de la peinture ayant\u00a0 entam\u00e9 sa carri\u00e8re artistique d\u00e8s la fin des ann\u00e9es cinquante. Eternel errant dans la nature, cet artiste singulier a sculpt\u00e9 son talent dans les terres profondes de la ville d\u2019Azemmour. La terre est son champs de pr\u00e9dilection par excellence, et ses tableaux, ses dessins donnent \u00e0 voir une image sur la condition humaine.<\/p>\n<p>Certes, l\u2019univers est connu par ses mutations, ses changements et transformations. On y voit ainsi cette \u00e9nergie et ce rythme rythm\u00e9 dans les \u0153uvres de Boucha\u00efb Habbouli par le biais de la mati\u00e8re changeante et ses diff\u00e9rentes techniques mixtes les diff\u00e9rents supports, \u00e0 savoir le\u00a0 papier, les peaux, le\u00a0 carton maroufl\u00e9 ou encore l\u2019encre sur papier. Une main g\u00e9n\u00e9reuse et dou\u00e9e\u00a0ayant\u00a0 l\u2019art et la mani\u00e8re.<\/p>\n<p>Toutefois, on ne s\u2019ennuie pas en contemplant\u00a0 ses travaux o\u00f9 les reliefs de l\u2019artiste, les nuances des couleurs, les creux cr\u00e9ent des sensations et des sens diverses chez le regardant de l\u2019\u0153uvre. Pourtant, dans certains tableaux on peut m\u00eame ressentir ce ton humoristique ou encore cet appel humain, ce cri de d\u00e9tresse\u2026 de ses personnages dont les portraits ou les figures entretiennent une parent\u00e9 avec la race canine.<\/p>\n<p>N\u00e9 en 1945, l\u2019artiste s\u2019est vu confi\u00e9, en 2017, une Carte blanche par la fondation CDG, \u00e0 la galerie d\u2019art \u00abEspace Expressions CDG\u00bb o\u00f9 il avait\u00a0 invit\u00e9 quatre jeunes palettes. Boucha\u00efb Habbouli est connu par sa g\u00e9n\u00e9rosit\u00e9, par son sens de partage et de transmission en organisant des ateliers d\u2019initiations pour jeunes dans sa ville natale. C\u2019est l\u2019un des artistes marocains qui ont \u0153uvr\u00e9 pour la d\u00e9mocratisation de l\u2019art, de le rendre accessible aux jeunes, au public plus large.<\/p>\n<p>L\u2019artiste peintre compte \u00e0 son actif de nombreuses expositions individuelles, collectives et notamment des rencontres inter-arabes et m\u00e9diterran\u00e9ennes. Ses \u0153uvres ont fait\u00a0 le tour des mus\u00e9es. Une exposition r\u00e9trospective \u00e0 ne pas rater.<\/p>\n<p>Auteur: M&rsquo;hammed rahal<br \/>\n<a href=\"http:\/\/albayane.press.ma\/la-main-de-bouchaib-habbouli%EF%BB%BF.html\">Cliquez ici pour lire l&rsquo;article depuis sa source.<\/a><\/p>\n","protected":false},"excerpt":{"rendered":"<p>Mohamed Nait Youssef Artiste majeur de la sc\u00e8ne plastique et artistique nationale\u00a0! Discret mais authentique, Boucha\u00efb Habbouli nous laisse perplexes et m\u00e9ditatifs devant ses \u0153uvres, \u2018\u2019ses figures\u2019\u2019 parlantes et ses \u2018\u2019traits\u2019\u2019 regorgeant\u00a0 de sens et de significations. Prolifique et novateur, cet artiste autodidacte invite alors les passionn\u00e9s de la peinture et les amoureux de l\u2019art [&hellip;]<\/p>\n","protected":false},"author":1760,"featured_media":0,"comment_status":"closed","ping_status":"closed","sticky":false,"template":"","format":"standard","meta":{"fifu_image_url":"","fifu_image_alt":"","footnotes":""},"categories":[73,54],"tags":[],"class_list":["post-103005","post","type-post","status-publish","format-standard","hentry","category-actualite","category-maroc"],"_links":{"self":[{"href":"https:\/\/linitiative.ca\/International\/wp-json\/wp\/v2\/posts\/103005","targetHints":{"allow":["GET"]}}],"collection":[{"href":"https:\/\/linitiative.ca\/International\/wp-json\/wp\/v2\/posts"}],"about":[{"href":"https:\/\/linitiative.ca\/International\/wp-json\/wp\/v2\/types\/post"}],"author":[{"embeddable":true,"href":"https:\/\/linitiative.ca\/International\/wp-json\/wp\/v2\/users\/1760"}],"replies":[{"embeddable":true,"href":"https:\/\/linitiative.ca\/International\/wp-json\/wp\/v2\/comments?post=103005"}],"version-history":[{"count":0,"href":"https:\/\/linitiative.ca\/International\/wp-json\/wp\/v2\/posts\/103005\/revisions"}],"wp:attachment":[{"href":"https:\/\/linitiative.ca\/International\/wp-json\/wp\/v2\/media?parent=103005"}],"wp:term":[{"taxonomy":"category","embeddable":true,"href":"https:\/\/linitiative.ca\/International\/wp-json\/wp\/v2\/categories?post=103005"},{"taxonomy":"post_tag","embeddable":true,"href":"https:\/\/linitiative.ca\/International\/wp-json\/wp\/v2\/tags?post=103005"}],"curies":[{"name":"wp","href":"https:\/\/api.w.org\/{rel}","templated":true}]}}