{"id":103007,"date":"2020-10-28T09:39:09","date_gmt":"2020-10-28T13:39:09","guid":{"rendered":"https:\/\/linitiative.ca\/International\/les-centrales-syndicales-rejettent-limpot-de-solidarite\/"},"modified":"2020-10-28T09:39:09","modified_gmt":"2020-10-28T13:39:09","slug":"les-centrales-syndicales-rejettent-limpot-de-solidarite","status":"publish","type":"post","link":"https:\/\/linitiative.ca\/International\/les-centrales-syndicales-rejettent-limpot-de-solidarite\/","title":{"rendered":"Les Centrales syndicales rejettent l\u2019imp\u00f4t de solidarit\u00e9"},"content":{"rendered":"<p class=\"has-text-color c2\"><strong>L\u2019Union marocaine du travail (UMT) rejette le projet de loi des finances, un document qui ne r\u00e9pond gu\u00e8re aux attentes de la classe\u00a0 ouvri\u00e8re et l\u2019ensemble des cat\u00e9gories de la population marocaine,\u00a0 apprend-t-on dans un communiqu\u00e9 rendu public par le bureau national de cette instance.<\/strong><\/p>\n<p>Pour le syndicat de Miloudi Moukharik,\u00a0 ce projet qui est r\u00e9gi par des param\u00e8tres purement comptables contient des mesures qui sapent le pouvoir d\u2019achat des Marocains et met en p\u00e9ril la coh\u00e9sion sociale en voulant imposer la soi-disant taxe de solidarit\u00e9.<\/p>\n<p>Pis encore, le PLF 2021\u00a0 ne r\u00e9pond point aux probl\u00e9matiques structurelles relavant du ch\u00f4mage,\u00a0 le secteur informel, l\u2019expansion de l\u2019\u00e9conomie renti\u00e8re ou encore la faiblesse des budgets aux secteurs sociaux, note le syndicat.<\/p>\n<p>Autrement dit, ce projet de loi demeure prisonnier des obsessions macro-\u00e9conomique,\u00a0 pr\u00e9cise la m\u00eame source, tout en appelant \u00e0 supprimer la proposition portant sur la taxe de solidarit\u00e9 et instaurer un imp\u00f4t sur la fortune et les activit\u00e9s renti\u00e8res.<\/p>\n<p>M\u00eame son de cloche chez la Conf\u00e9d\u00e9ration d\u00e9mocratique du travail (CDT) qui, pour sa part, a contest\u00e9 la m\u00e9thodologie adopt\u00e9e par le gouvernement pour l\u2019\u00e9laboration du PLF,\u00a0 en la qualifiant d\u2019exclusionniste.\u00a0 D\u2019ailleurs, la m\u00eame source consid\u00e8re que le PLF 2021 n\u2019a pas fourni des r\u00e9ponses concr\u00e8tes \u00e0 la crise sociale que connait notre pays. Cela \u00e9tant, ses orientations\u00a0\u00a0 ne sont pas en mesure de r\u00e9aliser une reprise \u00e9conomique sans la promotion de la demande interne et ce \u00e0 travers l\u2019am\u00e9lioration du pouvoir d\u2019achat\u00a0 des cat\u00e9gories vuln\u00e9rables au lieu de leur endosser la facture de la crise.<\/p>\n<p>Pour la CDT, l\u2019objectivit\u00e9 n\u00e9cessite de donner sens \u00e0 la justice sociale, consacrant davantage \u00a0la redistribution de la richesse, tout en \u0153uvrant \u00e0\u00a0 donner la priorit\u00e9 aux secteurs vitaux, \u00e0 savoir\u00a0: la Sant\u00e9, l\u2019Enseignement et la Protection sociale universelle.<\/p>\n<p>Cela \u00e9tant, la retenue sur les salaires des travailleurs sous pr\u00e9texte de la taxe de solidarit\u00e9 rel\u00e8ve d\u2019une aberration et que la solidarit\u00e9 exige la contribution de tous ceux qui ont profit\u00e9 des richesses et toutes les formes de rente depuis des ann\u00e9es, souligne le syndicat.<\/p>\n<p>Idem pour l\u2019Union nationale du travail au Maroc (UNMT) qui a exprim\u00e9 son rejet cat\u00e9gorique du PLF 2021, visant, selon ses propos, \u00a0\u00e0 \u00e9roder davantage les salaires.\u00a0 Et les alternatives ne manquent pas pour instaurer une justice sociale via l\u2019impl\u00e9mentation d\u2019un syst\u00e8me fiscal \u00e9quitable, note l\u2019UNMT.<\/p>\n<p>Ainsi, le syndicat proche du PJD a invit\u00e9 le gouvernement \u00e0 faire preuve d\u2019\u00e9coute et \u00e0 adopter une d\u00e9marche participative en\u00a0 prenant \u00a0en consid\u00e9ration les propositions des partenaires sociaux. Pour ce faire, l\u2019UNMT a\u00a0 plaid\u00e9 pour l\u2019\u00e9largissement progressif de l\u2019assiette fiscale incluant les grandes et moyennes entreprises exon\u00e9r\u00e9es des imports.<\/p>\n<p>A cela s\u2019ajoute la lutte contre l\u2019\u00e9vasion fiscale et \u00a0l\u2019imposition des fortunes non productives. Une telle action, permettra certainement d\u2019injecter des ressources financi\u00e8res\u00a0 suppl\u00e9mentaires dans le\u00a0 cycle \u00e9conomique, cr\u00e9er des postes d\u2019emplois, entre autres.\u00a0 En termes plus clairs, l\u2019institutionnalisation de la solidarit\u00e9 entre l\u2019ensemble des cat\u00e9gories sociales passe par la mise en place d\u2019un syst\u00e8me fiscal auquel tous les Marocains contribuent.<\/p>\n<p class=\"c3\"><strong>Khalid Darfaf<\/strong><\/p>\n<p>Auteur: M&rsquo;hammed rahal<br \/>\n<a href=\"http:\/\/albayane.press.ma\/les-centrales-syndicales-rejettent-limpot-de-solidarite.html\">Cliquez ici pour lire l&rsquo;article depuis sa source.<\/a><\/p>\n","protected":false},"excerpt":{"rendered":"<p>L\u2019Union marocaine du travail (UMT) rejette le projet de loi des finances, un document qui ne r\u00e9pond gu\u00e8re aux attentes de la classe\u00a0 ouvri\u00e8re et l\u2019ensemble des cat\u00e9gories de la population marocaine,\u00a0 apprend-t-on dans un communiqu\u00e9 rendu public par le bureau national de cette instance. Pour le syndicat de Miloudi Moukharik,\u00a0 ce projet qui est [&hellip;]<\/p>\n","protected":false},"author":1760,"featured_media":0,"comment_status":"closed","ping_status":"closed","sticky":false,"template":"","format":"standard","meta":{"fifu_image_url":"","fifu_image_alt":"","footnotes":""},"categories":[73,54],"tags":[],"class_list":["post-103007","post","type-post","status-publish","format-standard","hentry","category-actualite","category-maroc"],"_links":{"self":[{"href":"https:\/\/linitiative.ca\/International\/wp-json\/wp\/v2\/posts\/103007","targetHints":{"allow":["GET"]}}],"collection":[{"href":"https:\/\/linitiative.ca\/International\/wp-json\/wp\/v2\/posts"}],"about":[{"href":"https:\/\/linitiative.ca\/International\/wp-json\/wp\/v2\/types\/post"}],"author":[{"embeddable":true,"href":"https:\/\/linitiative.ca\/International\/wp-json\/wp\/v2\/users\/1760"}],"replies":[{"embeddable":true,"href":"https:\/\/linitiative.ca\/International\/wp-json\/wp\/v2\/comments?post=103007"}],"version-history":[{"count":0,"href":"https:\/\/linitiative.ca\/International\/wp-json\/wp\/v2\/posts\/103007\/revisions"}],"wp:attachment":[{"href":"https:\/\/linitiative.ca\/International\/wp-json\/wp\/v2\/media?parent=103007"}],"wp:term":[{"taxonomy":"category","embeddable":true,"href":"https:\/\/linitiative.ca\/International\/wp-json\/wp\/v2\/categories?post=103007"},{"taxonomy":"post_tag","embeddable":true,"href":"https:\/\/linitiative.ca\/International\/wp-json\/wp\/v2\/tags?post=103007"}],"curies":[{"name":"wp","href":"https:\/\/api.w.org\/{rel}","templated":true}]}}