{"id":103009,"date":"2020-10-28T09:48:52","date_gmt":"2020-10-28T13:48:52","guid":{"rendered":"https:\/\/linitiative.ca\/International\/quand-la-propagande-algerienne-invente-un-soi-disant-groupe-parlementaire-belge-de-soutien-aux-separatistes\/"},"modified":"2020-10-28T09:48:52","modified_gmt":"2020-10-28T13:48:52","slug":"quand-la-propagande-algerienne-invente-un-soi-disant-groupe-parlementaire-belge-de-soutien-aux-separatistes","status":"publish","type":"post","link":"https:\/\/linitiative.ca\/International\/quand-la-propagande-algerienne-invente-un-soi-disant-groupe-parlementaire-belge-de-soutien-aux-separatistes\/","title":{"rendered":"Quand la propagande alg\u00e9rienne invente un soi-disant groupe parlementaire belge de soutien aux s\u00e9paratistes"},"content":{"rendered":"<p class=\"has-text-color has-vivid-red-color c2\"><strong>Sahara marocain<\/strong><\/p>\n<p class=\"c3\"><strong>Par Adil Zaari Jabiri<\/strong><\/p>\n<p class=\"has-text-color c4\"><strong>A l\u2019approche de chaque \u00e9ch\u00e9ance importante au Conseil de s\u00e9curit\u00e9 de l\u2019ONU sur la question du Sahara marocain, la machine de propagande alg\u00e9rienne d\u00e9ploie ses relais toxiques pour tenter de saper le processus en cours et casser la dynamique de soutien \u00e0 la solution marocaine d\u2019autonomie, enclench\u00e9e \u00e0 la faveur d\u2019une diplomatie agissante.<\/strong><\/p>\n<p>Les m\u00e9dias alg\u00e9sariens ont jet\u00e9 cette fois-ci leur d\u00e9volu sur le parlement f\u00e9d\u00e9ral belge qui h\u00e9bergerait, \u00e0 l\u2019insu m\u00eame de ses occupants, \u00abun groupe de paix pour le Sahara\u00bb.<\/p>\n<p>Ce pseudo-groupe, qui n\u2019existe que dans l\u2019imaginaire de ceux qui l\u2019ont invent\u00e9, aurait adress\u00e9 une lettre \u00e0 la ministre belge des Affaires \u00e9trang\u00e8res, Sophie Wilm\u00e8s, lui demandant un soutien de son pays, aujourd\u2019hui membre non permanent du Conseil de s\u00e9curit\u00e9, pour \u00abpr\u00e9cipiter la nomination d\u2019un envoy\u00e9 personnel du SG de l\u2019ONU pour le Sahara \u00bb, pour \u00ab\u00e9largir le mandat de la Minurso aux questions des droits de l\u2019homme\u00bb et patati et patata\u2026<\/p>\n<p><strong>Pour le d\u00e9put\u00e9 f\u00e9d\u00e9ral Hugues Bayet, il s\u2019agit d\u2019une fake news.<\/strong><\/p>\n<p>\u00abS\u2019il y avait un quelconque groupe qui s\u2019est constitu\u00e9 au sein du Parlement, les d\u00e9put\u00e9s seraient les premiers inform\u00e9s. Or personne n\u2019est au courant\u00bb, a-t-il pr\u00e9cis\u00e9 \u00e0 la MAP.<\/p>\n<p>M\u00eame r\u00e9ponse du c\u00f4t\u00e9 de la destinatrice de \u201cla lettre\u201d, en l\u2019occurrence la cheffe de la diplomatie belge, par ailleurs admise en soins intensifs suite \u00e0 sa contamination au Covid-19.<\/p>\n<p>Une source de son cabinet pr\u00e9cise qu\u2019aucune correspondance n\u2019est parvenue de la part de d\u00e9put\u00e9s \u00e0 la ministre, ni aucune sollicitation parlementaire de ce genre.<\/p>\n<p>M. Bayet a, par ailleurs, pr\u00e9cis\u00e9 que les ministres sont interpel\u00e9s par les d\u00e9put\u00e9s \u00e0 travers des questions pos\u00e9es s\u00e9ance tenante ou des questions \u00e9crites rendues publiques et non pas de mani\u00e8re clandestine.<\/p>\n<p>S\u2019agissant de la position de son pays par rapport au sujet du Sahara marocain, le d\u00e9put\u00e9 a indiqu\u00e9 que \u00ab la Belgique, Etat f\u00e9d\u00e9ral qui a toujours fonctionn\u00e9 par le compromis\u00bb, soutient ceux qui veulent trouver une solution par le compromis, notant que le Maroc a fait plusieurs pas en avant dans le sens de la paix et pour le r\u00e8glement d\u00e9finitif de ce conflit.<\/p>\n<p>\u00abTout comme l\u2019Union europ\u00e9enne, la Belgique soutient la solution bas\u00e9e sur le compromis. Encore faut-il qu\u2019il y ait cette volont\u00e9 de s\u2019assoir autour de la table, pr\u00e9senter des propositions comme ce que le Maroc a fait et trouver une solution\u00bb, a affirm\u00e9 cet ancien eurod\u00e9put\u00e9.<\/p>\n<p>Rappelons dans ce contexte que le soutien de la communaut\u00e9 internationale \u00e0 la solution marocaine d\u2019autonomie ne cesse de se renforcer.<\/p>\n<p>Tout r\u00e9cemment devant la IV\u00e8me commission de l\u2019ONU, plusieurs pays ont r\u00e9it\u00e9r\u00e9 leur appui \u00e0 la proposition du Royaume et au processus onusien pour le r\u00e8glement d\u00e9finitif de ce conflit artificiel.<\/p>\n<p>Auteur: M&rsquo;hammed rahal<br \/>\n<a href=\"http:\/\/albayane.press.ma\/quand-la-propagande-algerienne-invente-un-soi-disant-groupe-parlementaire-belge-de-soutien-aux-separatistes.html\">Cliquez ici pour lire l&rsquo;article depuis sa source.<\/a><\/p>\n","protected":false},"excerpt":{"rendered":"<p>Sahara marocain Par Adil Zaari Jabiri A l\u2019approche de chaque \u00e9ch\u00e9ance importante au Conseil de s\u00e9curit\u00e9 de l\u2019ONU sur la question du Sahara marocain, la machine de propagande alg\u00e9rienne d\u00e9ploie ses relais toxiques pour tenter de saper le processus en cours et casser la dynamique de soutien \u00e0 la solution marocaine d\u2019autonomie, enclench\u00e9e \u00e0 la [&hellip;]<\/p>\n","protected":false},"author":1760,"featured_media":0,"comment_status":"closed","ping_status":"closed","sticky":false,"template":"","format":"standard","meta":{"fifu_image_url":"","fifu_image_alt":"","footnotes":""},"categories":[73,54],"tags":[],"class_list":["post-103009","post","type-post","status-publish","format-standard","hentry","category-actualite","category-maroc"],"_links":{"self":[{"href":"https:\/\/linitiative.ca\/International\/wp-json\/wp\/v2\/posts\/103009","targetHints":{"allow":["GET"]}}],"collection":[{"href":"https:\/\/linitiative.ca\/International\/wp-json\/wp\/v2\/posts"}],"about":[{"href":"https:\/\/linitiative.ca\/International\/wp-json\/wp\/v2\/types\/post"}],"author":[{"embeddable":true,"href":"https:\/\/linitiative.ca\/International\/wp-json\/wp\/v2\/users\/1760"}],"replies":[{"embeddable":true,"href":"https:\/\/linitiative.ca\/International\/wp-json\/wp\/v2\/comments?post=103009"}],"version-history":[{"count":0,"href":"https:\/\/linitiative.ca\/International\/wp-json\/wp\/v2\/posts\/103009\/revisions"}],"wp:attachment":[{"href":"https:\/\/linitiative.ca\/International\/wp-json\/wp\/v2\/media?parent=103009"}],"wp:term":[{"taxonomy":"category","embeddable":true,"href":"https:\/\/linitiative.ca\/International\/wp-json\/wp\/v2\/categories?post=103009"},{"taxonomy":"post_tag","embeddable":true,"href":"https:\/\/linitiative.ca\/International\/wp-json\/wp\/v2\/tags?post=103009"}],"curies":[{"name":"wp","href":"https:\/\/api.w.org\/{rel}","templated":true}]}}