{"id":103016,"date":"2020-10-28T09:00:00","date_gmt":"2020-10-28T13:00:00","guid":{"rendered":"https:\/\/linitiative.ca\/International\/arrestation-dun-terroriste-a-tlemcen\/"},"modified":"2020-10-28T09:00:00","modified_gmt":"2020-10-28T13:00:00","slug":"arrestation-dun-terroriste-a-tlemcen","status":"publish","type":"post","link":"https:\/\/linitiative.ca\/International\/arrestation-dun-terroriste-a-tlemcen\/","title":{"rendered":"Arrestation d&rsquo;un terroriste \u00e0 Tlemcen"},"content":{"rendered":"<div id=\"originalText\" readability=\"46\">\n<p class=\"c6\">\u00a0Les services de s\u00e9curit\u00e9 relevant du Minist\u00e8re de la D\u00e9fense Nationale ont appr\u00e9hend\u00e9, hier\u00a0 \u00e0 Tlemcen,\u00a0\u00bb le terroriste d\u00e9nomm\u00e9 Mustapha Derrar\u00a0\u00bb, ont ils indiqu\u00e9 dans un communiqu\u00e9. \u00ab\u00a0Cette op\u00e9ration a \u00e9t\u00e9 men\u00e9e suite \u00e0 une surveillance permanente dudit criminel depuis son entr\u00e9e via les fronti\u00e8res nationales jusqu&rsquo;\u00e0 la collecte des renseignements relatifs \u00e0 ses mouvements suspects\u00a0\u00bb, pr\u00e9cise le m\u00eame communiqu\u00e9.<\/p>\n<p class=\"c6\">Les services du MDN ajoutent \u00e9galement que \u00ab\u00a0ledit criminel qui avait ralli\u00e9 les groupes terroristes en 2012, a \u00e9t\u00e9 lib\u00e9r\u00e9 au d\u00e9but de ce mois d&rsquo;octobre au Mali\u00a0\u00bb. Ils indiquent ainsi que c&rsquo;est \u00ab\u00a0suite aux n\u00e9gociations men\u00e9es par des parties \u00e9trang\u00e8res ayant abouti \u00e0 conclure un accord, via lequel plus de (200) terroristes ont \u00e9t\u00e9 lib\u00e9r\u00e9s et une ran\u00e7on cons\u00e9quente a \u00e9t\u00e9 vers\u00e9e aux groupes terroristes contre la lib\u00e9ration de trois otages europ\u00e9ens\u00a0\u00bb.<\/p>\n<p class=\"c7\"><strong>R\u00e9daction WEB<\/strong><\/p>\n<\/div>\n<div id=\"text_core\" readability=\"46\">\n<p class=\"c6\">\u00a0Les services de s\u00e9curit\u00e9 relevant du Minist\u00e8re de la D\u00e9fense Nationale ont appr\u00e9hend\u00e9, hier\u00a0 \u00e0 Tlemcen,\u00a0\u00bb le terroriste d\u00e9nomm\u00e9 Mustapha Derrar\u00a0\u00bb, ont ils indiqu\u00e9 dans un communiqu\u00e9. \u00ab\u00a0Cette op\u00e9ration a \u00e9t\u00e9 men\u00e9e suite \u00e0 une surveillance permanente dudit criminel depuis son entr\u00e9e via les fronti\u00e8res nationales jusqu&rsquo;\u00e0 la collecte des renseignements relatifs \u00e0 ses mouvements suspects\u00a0\u00bb, pr\u00e9cise le m\u00eame communiqu\u00e9.<\/p>\n<p class=\"c6\">Les services du MDN ajoutent \u00e9galement que \u00ab\u00a0ledit criminel qui avait ralli\u00e9 les groupes terroristes en 2012, a \u00e9t\u00e9 lib\u00e9r\u00e9 au d\u00e9but de ce mois d&rsquo;octobre au Mali\u00a0\u00bb. Ils indiquent ainsi que c&rsquo;est \u00ab\u00a0suite aux n\u00e9gociations men\u00e9es par des parties \u00e9trang\u00e8res ayant abouti \u00e0 conclure un accord, via lequel plus de (200) terroristes ont \u00e9t\u00e9 lib\u00e9r\u00e9s et une ran\u00e7on cons\u00e9quente a \u00e9t\u00e9 vers\u00e9e aux groupes terroristes contre la lib\u00e9ration de trois otages europ\u00e9ens\u00a0\u00bb.<\/p>\n<p class=\"c7\"><strong>R\u00e9daction WEB<\/strong><\/p>\n<\/div>\n<p>Auteur:<br \/>\n<a href=\"https:\/\/www.liberte-algerie.com\/actualite\/arrestation-dun-terroriste-a-tlemcen-348049\">Cliquez ici pour lire l&rsquo;article depuis sa source.<\/a><\/p>\n","protected":false},"excerpt":{"rendered":"<p>\u00a0Les services de s\u00e9curit\u00e9 relevant du Minist\u00e8re de la D\u00e9fense Nationale ont appr\u00e9hend\u00e9, hier\u00a0 \u00e0 Tlemcen,\u00a0\u00bb le terroriste d\u00e9nomm\u00e9 Mustapha Derrar\u00a0\u00bb, ont ils indiqu\u00e9 dans un communiqu\u00e9. \u00ab\u00a0Cette op\u00e9ration a \u00e9t\u00e9 men\u00e9e suite \u00e0 une surveillance permanente dudit criminel depuis son entr\u00e9e via les fronti\u00e8res nationales jusqu&rsquo;\u00e0 la collecte des renseignements relatifs \u00e0 ses mouvements [&hellip;]<\/p>\n","protected":false},"author":1742,"featured_media":0,"comment_status":"closed","ping_status":"closed","sticky":false,"template":"","format":"standard","meta":{"fifu_image_url":"","fifu_image_alt":"","footnotes":""},"categories":[73,53],"tags":[],"class_list":["post-103016","post","type-post","status-publish","format-standard","hentry","category-actualite","category-algerie"],"_links":{"self":[{"href":"https:\/\/linitiative.ca\/International\/wp-json\/wp\/v2\/posts\/103016","targetHints":{"allow":["GET"]}}],"collection":[{"href":"https:\/\/linitiative.ca\/International\/wp-json\/wp\/v2\/posts"}],"about":[{"href":"https:\/\/linitiative.ca\/International\/wp-json\/wp\/v2\/types\/post"}],"author":[{"embeddable":true,"href":"https:\/\/linitiative.ca\/International\/wp-json\/wp\/v2\/users\/1742"}],"replies":[{"embeddable":true,"href":"https:\/\/linitiative.ca\/International\/wp-json\/wp\/v2\/comments?post=103016"}],"version-history":[{"count":0,"href":"https:\/\/linitiative.ca\/International\/wp-json\/wp\/v2\/posts\/103016\/revisions"}],"wp:attachment":[{"href":"https:\/\/linitiative.ca\/International\/wp-json\/wp\/v2\/media?parent=103016"}],"wp:term":[{"taxonomy":"category","embeddable":true,"href":"https:\/\/linitiative.ca\/International\/wp-json\/wp\/v2\/categories?post=103016"},{"taxonomy":"post_tag","embeddable":true,"href":"https:\/\/linitiative.ca\/International\/wp-json\/wp\/v2\/tags?post=103016"}],"curies":[{"name":"wp","href":"https:\/\/api.w.org\/{rel}","templated":true}]}}