{"id":103017,"date":"2020-10-28T10:30:00","date_gmt":"2020-10-28T14:30:00","guid":{"rendered":"https:\/\/linitiative.ca\/International\/ouverture-a-la-circulation-automobile-du-troncon-el-hamdania-medea\/"},"modified":"2020-10-28T10:30:00","modified_gmt":"2020-10-28T14:30:00","slug":"ouverture-a-la-circulation-automobile-du-troncon-el-hamdania-medea","status":"publish","type":"post","link":"https:\/\/linitiative.ca\/International\/ouverture-a-la-circulation-automobile-du-troncon-el-hamdania-medea\/","title":{"rendered":"Ouverture \u00e0 la circulation automobile du tron\u00e7on El-Hamdania-M\u00e9d\u00e9a"},"content":{"rendered":"<div id=\"originalText\" readability=\"56\">\n<p class=\"c6\">Le tron\u00e7on routier\u00a0d&rsquo;un lin\u00e9aire de 7 km, reliant El-Hamdania-M\u00e9d\u00e9a, a \u00e9t\u00e9 ouvert aujourd&rsquo;hui \u00e0 la circulation automobile, dans les deux directions,lors d&rsquo;une c\u00e9r\u00e9monie pr\u00e9sid\u00e9e par le ministre des Travaux publics, Farouk Chiali.<\/p>\n<p class=\"c6\">Ce tron\u00e7on est la derni\u00e8re section de l&rsquo;autoroute Nord-Sud, reliant le Nord du pays aux r\u00e9gions du Sud, qui \u00e9tait encore en chantier, alors que les autres sections s&rsquo;\u00e9tendant sur plus de 46 km entre El-Hamdania et Berrouaghia, avaient \u00e9t\u00e9 mis en exploitations au cours des deux derni\u00e8res ann\u00e9es.<\/p>\n<p class=\"c6\">L&rsquo;ouverture, aujourd&rsquo;hui, \u00e0 la circulation de cette section met, ainsi, un terme \u00e0 la longue attente des usagers de l&rsquo;autoroute Nord-Sud et marque la fin des d\u00e9sagr\u00e9ments engendr\u00e9s par les travaux men\u00e9s au niveau de cette section d&rsquo;autoroute.<\/p>\n<p class=\"c7\"><strong>R\u00e9daction WEB<\/strong><\/p>\n<\/div>\n<div id=\"text_core\" readability=\"56\">\n<p class=\"c6\">Le tron\u00e7on routier\u00a0d&rsquo;un lin\u00e9aire de 7 km, reliant El-Hamdania-M\u00e9d\u00e9a, a \u00e9t\u00e9 ouvert aujourd&rsquo;hui \u00e0 la circulation automobile, dans les deux directions,lors d&rsquo;une c\u00e9r\u00e9monie pr\u00e9sid\u00e9e par le ministre des Travaux publics, Farouk Chiali.<\/p>\n<p class=\"c6\">Ce tron\u00e7on est la derni\u00e8re section de l&rsquo;autoroute Nord-Sud, reliant le Nord du pays aux r\u00e9gions du Sud, qui \u00e9tait encore en chantier, alors que les autres sections s&rsquo;\u00e9tendant sur plus de 46 km entre El-Hamdania et Berrouaghia, avaient \u00e9t\u00e9 mis en exploitations au cours des deux derni\u00e8res ann\u00e9es.<\/p>\n<p class=\"c6\">L&rsquo;ouverture, aujourd&rsquo;hui, \u00e0 la circulation de cette section met, ainsi, un terme \u00e0 la longue attente des usagers de l&rsquo;autoroute Nord-Sud et marque la fin des d\u00e9sagr\u00e9ments engendr\u00e9s par les travaux men\u00e9s au niveau de cette section d&rsquo;autoroute.<\/p>\n<p class=\"c7\"><strong>R\u00e9daction WEB<\/strong><\/p>\n<\/div>\n<p>Auteur:<br \/>\n<a href=\"https:\/\/www.liberte-algerie.com\/actualite\/ouverture-a-la-circulation-automobile-du-troncon-el-hamdania-medea-348050\">Cliquez ici pour lire l&rsquo;article depuis sa source.<\/a><\/p>\n","protected":false},"excerpt":{"rendered":"<p>Le tron\u00e7on routier\u00a0d&rsquo;un lin\u00e9aire de 7 km, reliant El-Hamdania-M\u00e9d\u00e9a, a \u00e9t\u00e9 ouvert aujourd&rsquo;hui \u00e0 la circulation automobile, dans les deux directions,lors d&rsquo;une c\u00e9r\u00e9monie pr\u00e9sid\u00e9e par le ministre des Travaux publics, Farouk Chiali. Ce tron\u00e7on est la derni\u00e8re section de l&rsquo;autoroute Nord-Sud, reliant le Nord du pays aux r\u00e9gions du Sud, qui \u00e9tait encore en chantier, [&hellip;]<\/p>\n","protected":false},"author":1742,"featured_media":0,"comment_status":"closed","ping_status":"closed","sticky":false,"template":"","format":"standard","meta":{"fifu_image_url":"","fifu_image_alt":"","footnotes":""},"categories":[73,53],"tags":[],"class_list":["post-103017","post","type-post","status-publish","format-standard","hentry","category-actualite","category-algerie"],"_links":{"self":[{"href":"https:\/\/linitiative.ca\/International\/wp-json\/wp\/v2\/posts\/103017","targetHints":{"allow":["GET"]}}],"collection":[{"href":"https:\/\/linitiative.ca\/International\/wp-json\/wp\/v2\/posts"}],"about":[{"href":"https:\/\/linitiative.ca\/International\/wp-json\/wp\/v2\/types\/post"}],"author":[{"embeddable":true,"href":"https:\/\/linitiative.ca\/International\/wp-json\/wp\/v2\/users\/1742"}],"replies":[{"embeddable":true,"href":"https:\/\/linitiative.ca\/International\/wp-json\/wp\/v2\/comments?post=103017"}],"version-history":[{"count":0,"href":"https:\/\/linitiative.ca\/International\/wp-json\/wp\/v2\/posts\/103017\/revisions"}],"wp:attachment":[{"href":"https:\/\/linitiative.ca\/International\/wp-json\/wp\/v2\/media?parent=103017"}],"wp:term":[{"taxonomy":"category","embeddable":true,"href":"https:\/\/linitiative.ca\/International\/wp-json\/wp\/v2\/categories?post=103017"},{"taxonomy":"post_tag","embeddable":true,"href":"https:\/\/linitiative.ca\/International\/wp-json\/wp\/v2\/tags?post=103017"}],"curies":[{"name":"wp","href":"https:\/\/api.w.org\/{rel}","templated":true}]}}