{"id":103018,"date":"2020-10-28T06:19:08","date_gmt":"2020-10-28T10:19:08","guid":{"rendered":"https:\/\/linitiative.ca\/International\/bac-22-939-candidats-passent-avec-succes-lexamen-regional-unifie\/"},"modified":"2020-10-28T06:19:08","modified_gmt":"2020-10-28T10:19:08","slug":"bac-22-939-candidats-passent-avec-succes-lexamen-regional-unifie","status":"publish","type":"post","link":"https:\/\/linitiative.ca\/International\/bac-22-939-candidats-passent-avec-succes-lexamen-regional-unifie\/","title":{"rendered":"Bac: 22.939 candidats passent avec succ\u00e8s l\u2019examen r\u00e9gional unifi\u00e9"},"content":{"rendered":"<div readability=\"36\">\n<p>Marrakech \u2013 Quelque 22.939 candidates et candidats issus de la r\u00e9gion Marrakech-Safi ont pass\u00e9 avec succ\u00e8s les \u00e9preuves des deux sessions (normale et de rattrapage) de l\u2019examen r\u00e9gional unifi\u00e9 de la premi\u00e8re ann\u00e9e du baccalaur\u00e9at 2020, a annonc\u00e9 l\u2019Acad\u00e9mie r\u00e9gionale de l\u2019Education et de la Formation (AREF).<\/p>\n<\/div>\n<div readability=\"81\">\n<p>Dans un communiqu\u00e9, l\u2019Acad\u00e9mie a pr\u00e9cis\u00e9 que ce nombre se r\u00e9partit entre 19.990 candidats (filles et gar\u00e7ons) relevant du secteur public et 2.949 du priv\u00e9, ajoutant que la moyenne la plus \u00e9lev\u00e9e enregistr\u00e9e \u00e0 l\u2019\u00e9chelle des diff\u00e9rents \u00e9tablissements scolaires relevant l\u2019AREF s\u2019\u00e9l\u00e8ve \u00e0 19,70 (fili\u00e8re des sciences math\u00e9matiques- option fran\u00e7aise)<\/p>\n<p>Et la m\u00eame source de rappeler que le nombre des candidates et candidats, qui se sont pr\u00e9sent\u00e9s \u00e0 cet examen au niveau de l\u2019Acad\u00e9mie, a atteint 35.574 \u00e9l\u00e8ves, dont 12.463 du p\u00f4le des branches litt\u00e9raires et de l\u2019enseignement original et professionnel ainsi que 23.111 du p\u00f4le scientifique et technique, notant que 9% du total des candidats sont issus de l\u2019enseignement priv\u00e9.<\/p>\n<p>Cette importante \u00e9ch\u00e9ance s\u2019est d\u00e9roul\u00e9e dans une atmosph\u00e8re \u00ab\u00a0tr\u00e8s positive\u00a0\u00bb, marqu\u00e9e par l\u2019organisation ferme et le respect strict des mesures pr\u00e9ventives d\u00e9cr\u00e9t\u00e9es pour enrayer la propagation de la Covid-19, a affirm\u00e9 l\u2019Acad\u00e9mie.<\/p>\n<p>D\u2019autre part, l\u2019AREF a salu\u00e9 le r\u00f4le important et d\u00e9cisif jou\u00e9 par l\u2019ensemble des composantes de la famille de l\u2019\u00e9ducation et de la formation, toutes cat\u00e9gories confondues, tout en louant le grand soutien apport\u00e9 par les autorit\u00e9s locales et sanitaires, les services de s\u00e9curit\u00e9 et les forces auxiliaires, les \u00e9l\u00e9ments de la protection civile, les conseils \u00e9lus, les services ext\u00e9rieurs, les associations des parents et tuteurs des \u00e9l\u00e8ves, les partenaires sociaux et les acteurs de la soci\u00e9t\u00e9 civile.<\/p>\n<p>L\u2019Acad\u00e9mie s\u2019est, en outre, f\u00e9licit\u00e9e de la prise de conscience dont ont fait montre l\u2019ensemble des candidats, \u00e0 travers leur respect scrupuleux des mesures de pr\u00e9caution pr\u00e9conis\u00e9es et du protocole sanitaire mis en place au niveau de chaque Centre d\u2019examen, tout en leur souhaitant plein succ\u00e8s lors des prochaines \u00e9ch\u00e9ances.<\/p>\n<p>Elle a, par ailleurs, mis en avant le r\u00f4le majeur des m\u00e9dias et leur couverture distingu\u00e9e des diff\u00e9rentes op\u00e9rations p\u00e9dagogiques organis\u00e9es au niveau de la r\u00e9gion.<\/p>\n<\/div>\n<p>Auteur: Meriem IGASS<br \/>\n<a href=\"http:\/\/www.mapmarrakech.ma\/fr\/bac-22-939-candidats-ont-reussi-lexamen-regional-unifie-de-la-1ere-annee\/\">Cliquez ici pour lire l&rsquo;article depuis sa source.<\/a><\/p>\n","protected":false},"excerpt":{"rendered":"<p>Marrakech \u2013 Quelque 22.939 candidates et candidats issus de la r\u00e9gion Marrakech-Safi ont pass\u00e9 avec succ\u00e8s les \u00e9preuves des deux sessions (normale et de rattrapage) de l\u2019examen r\u00e9gional unifi\u00e9 de la premi\u00e8re ann\u00e9e du baccalaur\u00e9at 2020, a annonc\u00e9 l\u2019Acad\u00e9mie r\u00e9gionale de l\u2019Education et de la Formation (AREF). Dans un communiqu\u00e9, l\u2019Acad\u00e9mie a pr\u00e9cis\u00e9 que ce [&hellip;]<\/p>\n","protected":false},"author":1788,"featured_media":0,"comment_status":"closed","ping_status":"closed","sticky":false,"template":"","format":"standard","meta":{"fifu_image_url":"","fifu_image_alt":"","footnotes":""},"categories":[54,76],"tags":[],"class_list":["post-103018","post","type-post","status-publish","format-standard","hentry","category-maroc","category-regions"],"_links":{"self":[{"href":"https:\/\/linitiative.ca\/International\/wp-json\/wp\/v2\/posts\/103018","targetHints":{"allow":["GET"]}}],"collection":[{"href":"https:\/\/linitiative.ca\/International\/wp-json\/wp\/v2\/posts"}],"about":[{"href":"https:\/\/linitiative.ca\/International\/wp-json\/wp\/v2\/types\/post"}],"author":[{"embeddable":true,"href":"https:\/\/linitiative.ca\/International\/wp-json\/wp\/v2\/users\/1788"}],"replies":[{"embeddable":true,"href":"https:\/\/linitiative.ca\/International\/wp-json\/wp\/v2\/comments?post=103018"}],"version-history":[{"count":0,"href":"https:\/\/linitiative.ca\/International\/wp-json\/wp\/v2\/posts\/103018\/revisions"}],"wp:attachment":[{"href":"https:\/\/linitiative.ca\/International\/wp-json\/wp\/v2\/media?parent=103018"}],"wp:term":[{"taxonomy":"category","embeddable":true,"href":"https:\/\/linitiative.ca\/International\/wp-json\/wp\/v2\/categories?post=103018"},{"taxonomy":"post_tag","embeddable":true,"href":"https:\/\/linitiative.ca\/International\/wp-json\/wp\/v2\/tags?post=103018"}],"curies":[{"name":"wp","href":"https:\/\/api.w.org\/{rel}","templated":true}]}}