{"id":103019,"date":"2020-10-28T11:39:56","date_gmt":"2020-10-28T15:39:56","guid":{"rendered":"https:\/\/linitiative.ca\/International\/face-a-la-problematique-de-lensablement-essaouira-poursuit-sa-lutte\/"},"modified":"2020-10-28T11:39:56","modified_gmt":"2020-10-28T15:39:56","slug":"face-a-la-problematique-de-lensablement-essaouira-poursuit-sa-lutte","status":"publish","type":"post","link":"https:\/\/linitiative.ca\/International\/face-a-la-problematique-de-lensablement-essaouira-poursuit-sa-lutte\/","title":{"rendered":"Face \u00e0 la probl\u00e9matique de l\u2019ensablement, Essaouira poursuit sa lutte"},"content":{"rendered":"<p>Certes, ce ph\u00e9nom\u00e8ne qui apparait au niveau de la Cit\u00e9 des Aliz\u00e9s, \u00e0 travers l\u2019\u00e9mergence de dunes de sable mouvantes situ\u00e9es plus pr\u00e9cis\u00e9ment au niveau de la plage dite de \u00ab\u00a0Safi\u00a0\u00bb \u00e0 quelque m\u00e8tres seulement de l\u2019ancienne zone industrielle, ne date pas d\u2019aujourd\u2019hui, mais remontait \u00e0 de longues ann\u00e9es.<\/p>\n<p>Derri\u00e8re un tel ph\u00e9nom\u00e8ne dont les cons\u00e9quences pourraient \u00eatre \u00ab\u00a0lourdes\u00a0\u00bb \u00e0 l\u2019avenir, figurent plusieurs facteurs majeurs, dont les bouleversements climatiques, mais aussi la d\u00e9forestation abusive avec la destruction massive de la ceinture verte jouxtant la ville et qui constitue une \u00ab\u00a0barri\u00e8re naturelle\u00a0\u00bb prot\u00e9geant la ville contre la d\u00e9sertification ou encore l\u2019\u00e9rosion \u00e9olienne des sols.<\/p>\n<p>Si la probl\u00e9matique de l\u2019ensablement se pose, avec acuit\u00e9, pour ce qui est d\u2019Essaouira, derri\u00e8re ce constat figurent \u00e9galement les aliz\u00e9s (vents) qui soufflent tout au long de l\u2019ann\u00e9e sur cette cit\u00e9 baln\u00e9aire, engendrant ainsi une d\u00e9stabilisation des dunes de sable et une infiltration du sable m\u00eame \u00e0 l\u2019int\u00e9rieur de plusieurs quartiers, \u00e0 l\u2019instar de Sqala et de Jrifate pour s\u2019\u00e9tendre vers les zones situ\u00e9s au sud d\u2019Essaouira.<\/p>\n<p>En effet, depuis son \u00e9dification par le Sultan Sidi Mohammed Ben Abdellah en 1760, \u00ab\u00a0Mogador\u00a0\u00bb subissait une forte fr\u00e9quence de vent, outre le ph\u00e9nom\u00e8ne de l\u2019\u00e9rosion, ayant eu pour effet d\u2019agir directement sur la for\u00eat qui prot\u00e9geait les alentours de cette cit\u00e9 contre la d\u00e9sertification notamment, en raison d\u2019un mouvement r\u00e9gulier des sables maritimes d\u00e9plac\u00e9s par le vent du nord pour atteindre l\u2019autre bout de la ville.<\/p>\n<p>Ceci dit, et afin de faire face \u00e0 ce ph\u00e9nom\u00e8ne \u00e9cologique, des efforts inlassables ont \u00e9t\u00e9 d\u00e9ploy\u00e9s depuis plus d\u2019une centaine d\u2019ann\u00e9es, \u00e0 travers la mobilisation d\u2019un important dispositif humain et logistique avec comme objectif de proc\u00e9der \u00e0 un reboisement du domaine forestier, de mani\u00e8re \u00e0 r\u00e9ussir une fixation des dunes sur plusieurs hectares.<\/p>\n<p>Un travail colossal qui \u00e9tait r\u00e9alis\u00e9, mais dans l\u2019impact reste en de\u00e7\u00e0 des aspirations en raison de certaines pratiques irresponsables auxquelles se livrent certains riverains, ayant pour effet direct de fragiliser les structures dunaires fix\u00e9es et une destruction du couvert forestier.<\/p>\n<p>Selon la direction r\u00e9gionale des Eaux et For\u00eats et de la lutte contre la D\u00e9sertification du Haut Atlas, \u00ab\u00a0la probl\u00e9matique de l\u2019ensablement se manifeste au niveau des territoires forestiers relevant du Haut Atlas occidental surtout au niveau de la zone d\u2019Essaouira\u00a0\u00bb, notant que la progression du sable engendre \u00ab\u00a0une r\u00e9duction des superficies cultivables, menace les infrastructures, les axes routiers, avec m\u00eame l\u2019obstruction des r\u00e9seaux d\u2019irrigation, ce qui n\u2019est pas sans impacter lourdement le bon fonctionnement des cours d\u2019eau\u00a0\u00bb.<\/p>\n<p>Et de poursuivre que \u00ab\u00a0l\u2019\u00e9rosion \u00e9olienne est en partie responsable de ce ph\u00e9nom\u00e8ne qui entraine une grande mobilit\u00e9 des d\u00e9p\u00f4ts de sable, mena\u00e7ant de plus en plus l\u2019ensemble des agglom\u00e9rations et des infrastructures \u00e9conomiques, avec d\u00e9t\u00e9rioration des aspects paysagers de la zone et autres\u00a0\u00bb.<\/p>\n<p>Pour endiguer ce ph\u00e9nom\u00e8ne r\u00e9current, le D\u00e9partement des Eaux et For\u00eat met en \u0153uvre son programme de lutte contre l\u2019ensablement pour la stabilisation des dunes existantes et entraver l\u2019avanc\u00e9e du sable.<\/p>\n<p>En chiffres, au niveau de la province d\u2019Essaouira, la fixation dunaire au niveau continentale et littorale, r\u00e9alis\u00e9e par la Direction R\u00e9gionale des Eaux et For\u00eats du Haut Atlas, a concern\u00e9 jusque-l\u00e0, plus de 8.000 hectares. Une v\u00e9g\u00e9talisation qui a largement contribu\u00e9 au r\u00e9\u00e9quilibrage de l\u2019\u00e9cosyst\u00e8me, tout en permettant la r\u00e9habilitation naturelle du Gen\u00e9vrier rouge.<\/p>\n<p>\u00ab\u00a0Outre la fixation dunaire, la direction entreprend, de mani\u00e8re continue, les programmes d\u2019entretien et de consolidation dunaire sur 300 hectares, avec une cadence qui est pass\u00e9e de la fixation de 50 ha \u00e0 100 ha\/an\u00a0\u00bb, pr\u00e9cise la m\u00eame source.<\/p>\n<p>Et de poursuivre que \u00ab\u00a0cette consolidation hybride (m\u00e9canique et biologique) prend en compte la nature du sol, le climat et le type de v\u00e9g\u00e9tation. L\u2019objectif, a-t-on expliqu\u00e9, est de contribuer \u00e0 la lutte contre l\u2019\u00e9rosion \u00e9olienne des sols et \u00e0 l\u2019aridification des terres, de mani\u00e8re \u00e0 conserver et \u00e0 assurer la r\u00e9habilitation des ressources naturelles et \u00e0 mieux lutter contre la d\u00e9sertification dans la zone.<\/p>\n<p>Approch\u00e9 par la MAP, M. Lemdarsaoui El Mehdi, ing\u00e9nieur d\u2019Etat, chef du Centre de Conservation et de D\u00e9veloppement des Ressources foresti\u00e8res d\u2019Essaouira, a donn\u00e9 un aper\u00e7u sur l\u2019histoire de la cr\u00e9ation des dunes d\u2019Essaouira qui s\u2019\u00e9tendent sur une superficie de 11.500 ha.<\/p>\n<p>Et de poursuivre : \u00ab\u00a0Apr\u00e8s la cr\u00e9ation de la ville de Mogador au 17\u00e8 si\u00e8cle, il y\u2019avait eu une exploitation anarchique des arbres de \u00ab\u00a0gen\u00e9vrier rouge\u00a0\u00bb formant la for\u00eat de la ville. A cela, s\u2019ajoute l\u2019aridit\u00e9 du climat, la raret\u00e9 des pr\u00e9cipitations outre, le vent assez particulier d\u2019Essaouira qui souffle presque 300 jours par an\u00a0\u00bb.<\/p>\n<p>Face \u00e0 ce fl\u00e9au \u00e9cologique, les services des Eaux et For\u00eats ont entam\u00e9 depuis 1914 les travaux de fixation des dunes. Un effort inlassable qui se poursuit jusqu\u2019\u00e0 nos jours et qui a permis la fixation de 11.500 ha de dunes, ainsi que la r\u00e9g\u00e9n\u00e9ration et la r\u00e9apparition de 4000 ha de for\u00eat de gen\u00e9vrier rouge, s\u2019est-il f\u00e9licit\u00e9.<\/p>\n<p>Et M. Lemdarsaoui d\u2019enchainer qu\u2019actuellement, la direction provinciale des Eaux et For\u00eats d\u2019Essaouira entame un programme de fixation des dunes de sable avec une cadence de 100 ha par an (une ann\u00e9e au niveau de la partie nord et une ann\u00e9e dans la partie sud de la ville).<\/p>\n<p>Quant \u00e0 la technique de fixation des dunes, elle est scind\u00e9e en deux \u00e9tapes principales \u00e0 savoir : une fixation m\u00e9canique qui consiste \u00e0 confectionner le cordon littoral qui est une barri\u00e8re physique qu\u2019on assoit au sommet de la dune afin de tarir la source de s\u00e9dimentation pour diminuer la vitesse du vent, a-t-il expliqu\u00e9.<\/p>\n<p>Apr\u00e8s la mise en place du cordon littoral, on proc\u00e8de \u00e0 la fixation m\u00e9canique des dunes qui consiste en l\u2019apport de pr\u00e8s de 30 tonnes par hectare de branchage, directement en provenance de la for\u00eat situ\u00e9e \u00e0 c\u00f4t\u00e9, a fait savoir M. Lemdarsaoui, tout en pr\u00e9cisant que ce branchage provient des travaux de sylvicole (d\u00e9pressage) du gen\u00e9vrier rouge.<\/p>\n<p>\u00ab\u00a0Apr\u00e8s la fixation m\u00e9canique on passe, par la suite, \u00e0 la fixation biologique qui est une action compl\u00e9mentaire et qui consiste, apr\u00e8s les premi\u00e8res pluies, \u00e0 la plantation d\u2019esp\u00e8ces d\u2019arbres dont des acacias, l\u2019eucalyptus, le lesi\u00ebm et le tamaris, qui affichent une capacit\u00e9 \u00e9lev\u00e9e d\u2019adaptation aux conditions climatiques et \u00e9daphiques pr\u00e9sentes dans la zone (salinit\u00e9, en drains marins, vent dominant qui souffle \u00e0 des vitesses d\u00e9passant les 100 km\/h et la fragilit\u00e9 du sol)\u00a0\u00bb, a-t-il fait savoir.<\/p>\n<p>G\u00e9n\u00e9ralement, on veille sur l\u2019ex\u00e9cution d\u2019une densit\u00e9 de 1.000 plants \u00e0 l\u2019hectare, a-t-il relev\u00e9, se f\u00e9licitant, en guise de conclusion, de tout l\u2019effort qui se fait en vue d\u2019att\u00e9nuer les effets de ce ph\u00e9nom\u00e8ne.<\/p>\n<p>In fine, la probl\u00e9matique de l\u2019ensablement, au-del\u00e0, de sa port\u00e9e \u00e9cologique et naturelle, li\u00e9e \u00e0 des ph\u00e9nom\u00e8ne multiples et complexes, requiert une mobilisation collective notamment, \u00e0 travers une conscientisation et sensibilisation permanentes des citoyens sur l\u2019imp\u00e9ratif de s\u2019inscrire en droite ligne des efforts colossaux d\u00e9ploy\u00e9s par les services concern\u00e9s en l\u2019occurrence ceux des Eaux et For\u00eats.<\/p>\n<p>Une mobilisation qui passe, avant tout, par l\u2019adoption de comportements responsables \u00e0 travers, entre autres, l\u2019abstention de la pratique d\u2019activit\u00e9s ill\u00e9gales dans les aires prot\u00e9g\u00e9es et les sites d\u2019int\u00e9r\u00eat \u00e9cologique, le respect de la biodiversit\u00e9, et la pr\u00e9servation des for\u00eats et des ceintures vertes, \u00ab\u00a0barri\u00e8res naturelles\u00a0\u00bb contre la d\u00e9sertification et l\u2019\u00e9rosion des sols.<\/p>\n<p>Bref, le respect de l\u2019environnement s\u2019impose, d\u00e9sormais, comme imp\u00e9ratif majeur dict\u00e9 pour le souci d\u2019une pr\u00e9servation durable de ce legs naturel pour les g\u00e9n\u00e9rations montantes.<\/p>\n<p>Auteur: Meriem IGASS<br \/>\n<a href=\"http:\/\/www.mapmarrakech.ma\/fr\/face-a-la-problematique-de-lensablement-essaouira-poursuit-sa-lutte-acharnee\/\">Cliquez ici pour lire l&rsquo;article depuis sa source.<\/a><\/p>\n","protected":false},"excerpt":{"rendered":"<p>Certes, ce ph\u00e9nom\u00e8ne qui apparait au niveau de la Cit\u00e9 des Aliz\u00e9s, \u00e0 travers l\u2019\u00e9mergence de dunes de sable mouvantes situ\u00e9es plus pr\u00e9cis\u00e9ment au niveau de la plage dite de \u00ab\u00a0Safi\u00a0\u00bb \u00e0 quelque m\u00e8tres seulement de l\u2019ancienne zone industrielle, ne date pas d\u2019aujourd\u2019hui, mais remontait \u00e0 de longues ann\u00e9es. Derri\u00e8re un tel ph\u00e9nom\u00e8ne dont les [&hellip;]<\/p>\n","protected":false},"author":1788,"featured_media":0,"comment_status":"closed","ping_status":"closed","sticky":false,"template":"","format":"standard","meta":{"fifu_image_url":"","fifu_image_alt":"","footnotes":""},"categories":[54,76],"tags":[],"class_list":["post-103019","post","type-post","status-publish","format-standard","hentry","category-maroc","category-regions"],"_links":{"self":[{"href":"https:\/\/linitiative.ca\/International\/wp-json\/wp\/v2\/posts\/103019","targetHints":{"allow":["GET"]}}],"collection":[{"href":"https:\/\/linitiative.ca\/International\/wp-json\/wp\/v2\/posts"}],"about":[{"href":"https:\/\/linitiative.ca\/International\/wp-json\/wp\/v2\/types\/post"}],"author":[{"embeddable":true,"href":"https:\/\/linitiative.ca\/International\/wp-json\/wp\/v2\/users\/1788"}],"replies":[{"embeddable":true,"href":"https:\/\/linitiative.ca\/International\/wp-json\/wp\/v2\/comments?post=103019"}],"version-history":[{"count":0,"href":"https:\/\/linitiative.ca\/International\/wp-json\/wp\/v2\/posts\/103019\/revisions"}],"wp:attachment":[{"href":"https:\/\/linitiative.ca\/International\/wp-json\/wp\/v2\/media?parent=103019"}],"wp:term":[{"taxonomy":"category","embeddable":true,"href":"https:\/\/linitiative.ca\/International\/wp-json\/wp\/v2\/categories?post=103019"},{"taxonomy":"post_tag","embeddable":true,"href":"https:\/\/linitiative.ca\/International\/wp-json\/wp\/v2\/tags?post=103019"}],"curies":[{"name":"wp","href":"https:\/\/api.w.org\/{rel}","templated":true}]}}