{"id":103028,"date":"2020-10-28T08:20:58","date_gmt":"2020-10-28T12:20:58","guid":{"rendered":"https:\/\/linitiative.ca\/International\/reunion-du-conseil-dadministration-du-cri-de-loriental\/"},"modified":"2020-10-28T08:20:58","modified_gmt":"2020-10-28T12:20:58","slug":"reunion-du-conseil-dadministration-du-cri-de-loriental","status":"publish","type":"post","link":"https:\/\/linitiative.ca\/International\/reunion-du-conseil-dadministration-du-cri-de-loriental\/","title":{"rendered":"R\u00e9union du Conseil d\u2019administration du CRI de l\u2019Oriental"},"content":{"rendered":"<p class=\"c4\">Le Conseil d\u2019administration du Centre r\u00e9gional d\u2019investissement (CRI) de l\u2019Oriental a tenu, mardi au si\u00e8ge de la Wilaya \u00e0 Oujda, sa deuxi\u00e8me r\u00e9union sous la pr\u00e9sidence du Wali de la r\u00e9gion de l\u2019Oriental, Mouad El Jamai.<\/p>\n<p class=\"c4\">Intervenant \u00e0 l\u2019ouverture des travaux de cette r\u00e9union, M. El Jamai, pr\u00e9sident du Conseil, a mis l\u2019accent sur la n\u00e9cessit\u00e9 d\u2019acc\u00e9l\u00e9rer le processus d\u2019investissement dans la r\u00e9gion de l\u2019Oriental, et sur les r\u00e9sultats positifs r\u00e9alis\u00e9s depuis la tenue de la premi\u00e8re session, le 5 d\u00e9cembre dernier, indique un communiqu\u00e9 du Centre r\u00e9gional d\u2019investissement.<\/p>\n<p class=\"c4\">Et d\u2019ajouter que le Directeur du CRI, Mohamed Sabri, a pr\u00e9sent\u00e9 \u00e0 cette occasion un bilan d\u2019\u00e9tape d\u00e9taill\u00e9, marqu\u00e9 par la hausse du nombre de dossiers examin\u00e9s durant les neufs premiers mois de cette ann\u00e9e par la Commission r\u00e9gionale unifi\u00e9e d\u2019investissement (CRUI).<\/p>\n<p class=\"c4\">M. Sabri a pr\u00e9cis\u00e9, dans ce sens, que le nombre de dossiers d\u2019investissement re\u00e7us et examin\u00e9s par le CRI avant leur soumission \u00e0 la CRUI pour \u00e9mettre un avis d\u00e9finitif s\u2019\u00e9l\u00e8ve \u00e0 223, dont 127 ont re\u00e7u un avis favorable.<\/p>\n<p class=\"c4\">Les 127 projets approuv\u00e9s vont permettre la cr\u00e9ation d\u2019environ 5.426 postes d\u2019emploi et d\u2019attirer quelque 1.613 millions de dirhams d\u2019investissements dans la r\u00e9gion, a-t-il fait savoir.<\/p>\n<p class=\"c4\">Cette hausse, qui a \u00e9t\u00e9 enregistr\u00e9e en d\u00e9pit de l\u2019impact n\u00e9gatif et des contraintes engendr\u00e9es par la propagation de la Covid-19, s\u2019explique par les mesures de simplification des proc\u00e9dures et d\u2019accompagnement pr\u00f4n\u00e9es par le CRI au profit des investisseurs durant la p\u00e9riode d\u2019\u00e9laboration, de pr\u00e9sentation et de traitement de leurs dossiers, a-t-il not\u00e9.<\/p>\n<p class=\"c4\">Elle est aussi le fruit de la r\u00e9duction notable des d\u00e9lais de traitement et de validation des dossiers d\u2019investissement, a-t-il ajout\u00e9, soulignant que les d\u00e9lais ont \u00e9t\u00e9 ramen\u00e9s \u00e0 17 jours en moyenne pendant l\u2019ann\u00e9e en 2020, contre plus 100 jours auparavant.<\/p>\n<p class=\"c4\">M. Sabri a par ailleurs expos\u00e9 le programme d\u2019action du CRI de l\u2019Oriental pour l\u2019ann\u00e9e 2021, \u00e9labor\u00e9 en tenant compte de la situation \u00e9pid\u00e9miologique que vit la r\u00e9gion \u00e0 l\u2019instar des autres r\u00e9gions et pays du monde.<\/p>\n<p class=\"c4\">La 2\u00e8me r\u00e9union du Conseil d\u2019administration a \u00e9t\u00e9 marqu\u00e9e \u00e9galement par l\u2019adoption des diff\u00e9rents points inscrits \u00e0 l\u2019ordre du jour et qui visent la promotion de l\u2019investissement et le d\u00e9veloppement des ressources humaines et strat\u00e9giques relatives \u00e0 la digitalisation du Centre.<\/p>\n<p>Auteur: Soufiane ELAHMAR<br \/>\n<a href=\"http:\/\/www.mapoujda.ma\/fr\/reunion-du-conseil-dadministration-du-cri-de-loriental\/\">Cliquez ici pour lire l&rsquo;article depuis sa source.<\/a><\/p>\n","protected":false},"excerpt":{"rendered":"<p>Le Conseil d\u2019administration du Centre r\u00e9gional d\u2019investissement (CRI) de l\u2019Oriental a tenu, mardi au si\u00e8ge de la Wilaya \u00e0 Oujda, sa deuxi\u00e8me r\u00e9union sous la pr\u00e9sidence du Wali de la r\u00e9gion de l\u2019Oriental, Mouad El Jamai. Intervenant \u00e0 l\u2019ouverture des travaux de cette r\u00e9union, M. El Jamai, pr\u00e9sident du Conseil, a mis l\u2019accent sur la [&hellip;]<\/p>\n","protected":false},"author":1788,"featured_media":0,"comment_status":"closed","ping_status":"closed","sticky":false,"template":"","format":"standard","meta":{"fifu_image_url":"","fifu_image_alt":"","footnotes":""},"categories":[54,76],"tags":[],"class_list":["post-103028","post","type-post","status-publish","format-standard","hentry","category-maroc","category-regions"],"_links":{"self":[{"href":"https:\/\/linitiative.ca\/International\/wp-json\/wp\/v2\/posts\/103028","targetHints":{"allow":["GET"]}}],"collection":[{"href":"https:\/\/linitiative.ca\/International\/wp-json\/wp\/v2\/posts"}],"about":[{"href":"https:\/\/linitiative.ca\/International\/wp-json\/wp\/v2\/types\/post"}],"author":[{"embeddable":true,"href":"https:\/\/linitiative.ca\/International\/wp-json\/wp\/v2\/users\/1788"}],"replies":[{"embeddable":true,"href":"https:\/\/linitiative.ca\/International\/wp-json\/wp\/v2\/comments?post=103028"}],"version-history":[{"count":0,"href":"https:\/\/linitiative.ca\/International\/wp-json\/wp\/v2\/posts\/103028\/revisions"}],"wp:attachment":[{"href":"https:\/\/linitiative.ca\/International\/wp-json\/wp\/v2\/media?parent=103028"}],"wp:term":[{"taxonomy":"category","embeddable":true,"href":"https:\/\/linitiative.ca\/International\/wp-json\/wp\/v2\/categories?post=103028"},{"taxonomy":"post_tag","embeddable":true,"href":"https:\/\/linitiative.ca\/International\/wp-json\/wp\/v2\/tags?post=103028"}],"curies":[{"name":"wp","href":"https:\/\/api.w.org\/{rel}","templated":true}]}}