{"id":103041,"date":"2020-10-28T15:13:36","date_gmt":"2020-10-28T19:13:36","guid":{"rendered":"https:\/\/linitiative.ca\/International\/international-benzema-et-pendant-ce-temps-la-les-chiens-aboient\/"},"modified":"2020-10-28T15:13:36","modified_gmt":"2020-10-28T19:13:36","slug":"international-benzema-et-pendant-ce-temps-la-les-chiens-aboient","status":"publish","type":"post","link":"https:\/\/linitiative.ca\/International\/international-benzema-et-pendant-ce-temps-la-les-chiens-aboient\/","title":{"rendered":"International : Benzema : \u00abEt pendant ce temps-l\u00e0, les chiens aboient\u00bb"},"content":{"rendered":"<div readability=\"32\">\n<p>Auteur : <span class=\"time\">mercredi 28 octobre 2020 16:56<\/span><\/p>\n<\/div>\n<div id=\"post_core\" readability=\"47\">\n<p>Le Real Madrid a \u00e9chapp\u00e9 de peu \u00e0 la catastrophe ce mardi soir contre M\u00f6nchengladbach (2-2). Une semaine apr\u00e8s leur d\u00e9faite \u00e0 domicile contre Donetsk (2-3), les hommes de Zinedine Zidane \u00e9taient men\u00e9s 2-0 jusqu&rsquo;\u00e0 la 87e minute avant de revenir au score gr\u00e2ce \u00e0 Karim Benzema et Casemiro. Les Merengue ont donc r\u00e9cup\u00e9r\u00e9 un point inesp\u00e9r\u00e9 et d\u00e9cisif pour la suite de leur campagne europ\u00e9enne, mais ce mercredi, c&rsquo;est un autre fait de la rencontre qui fait r\u00e9agir. \u00c0 la mi-temps du match, une cam\u00e9ra a intercept\u00e9 une discussion entre Ferland Mendy et Karim Benzema dans laquelle ce dernier semble \u00e9gratigner son co\u00e9quipier Vinicius Jr : \u00ab Il fait ce qu\u2019il veut. Fr\u00e8re, joue pas avec ! La vie de ma m\u00e8re. Il joue contre nous \u00bb. Face au battage m\u00e9diatique autour de cette captation dans les vestiaires du Borussia-Park , le principal int\u00e9ress\u00e9 a publi\u00e9 un message sur son compte Instagram. Sans \u00e9voquer explicitement la s\u00e9quence qui fait grand bruit ce mercredi, Karim Benzema a post\u00e9 un message sur Instagram semblait faire r\u00e9f\u00e9rence \u00e0 celle-ci. \u00ab Et pendant ce temps-l\u00e0, les chiens aboient. Nueve (Neuf en espagnol, son num\u00e9ro de maillot, NDLR) passe \u00bb, a partag\u00e9 l&rsquo;attaquant du Real Madrid. Pour l&rsquo;anecdote, le site de statistiques Opta a r\u00e9v\u00e9l\u00e9 ce mercredi que Karim Benzema n&rsquo;avait pas fait la moindre passe \u00e0 Vinicius Jr durant la seconde p\u00e9riode de la rencontre face \u00e0 M\u00f6nchengladbach rapporte Le 10 Sport.<\/p>\n<p><strong>Publi\u00e9 dans :<\/strong> <span>benzema<\/span><\/p>\n<\/div>\n<p>Auteur:<br \/>\n<a href=\"http:\/\/www.lebuteur.com\/article\/detail?titre=benzema-et-pendant-ce-temps-la-les-chiens-aboient&#038;id=97772&#038;utm_source=feedburner&#038;utm_medium=feed&#038;utm_campaign=Feed%3A+GalerieFArtciles+%28Les+derniers+articles++-+lebuteur.com%29\">Cliquez ici pour lire l&rsquo;article depuis sa source.<\/a><\/p>\n","protected":false},"excerpt":{"rendered":"<p>Auteur : mercredi 28 octobre 2020 16:56 Le Real Madrid a \u00e9chapp\u00e9 de peu \u00e0 la catastrophe ce mardi soir contre M\u00f6nchengladbach (2-2). Une semaine apr\u00e8s leur d\u00e9faite \u00e0 domicile contre Donetsk (2-3), les hommes de Zinedine Zidane \u00e9taient men\u00e9s 2-0 jusqu&rsquo;\u00e0 la 87e minute avant de revenir au score gr\u00e2ce \u00e0 Karim Benzema et [&hellip;]<\/p>\n","protected":false},"author":1738,"featured_media":103042,"comment_status":"closed","ping_status":"closed","sticky":false,"template":"","format":"standard","meta":{"fifu_image_url":"","fifu_image_alt":"","footnotes":""},"categories":[53,75],"tags":[],"class_list":["post-103041","post","type-post","status-publish","format-standard","has-post-thumbnail","hentry","category-algerie","category-sport"],"_links":{"self":[{"href":"https:\/\/linitiative.ca\/International\/wp-json\/wp\/v2\/posts\/103041","targetHints":{"allow":["GET"]}}],"collection":[{"href":"https:\/\/linitiative.ca\/International\/wp-json\/wp\/v2\/posts"}],"about":[{"href":"https:\/\/linitiative.ca\/International\/wp-json\/wp\/v2\/types\/post"}],"author":[{"embeddable":true,"href":"https:\/\/linitiative.ca\/International\/wp-json\/wp\/v2\/users\/1738"}],"replies":[{"embeddable":true,"href":"https:\/\/linitiative.ca\/International\/wp-json\/wp\/v2\/comments?post=103041"}],"version-history":[{"count":0,"href":"https:\/\/linitiative.ca\/International\/wp-json\/wp\/v2\/posts\/103041\/revisions"}],"wp:featuredmedia":[{"embeddable":true,"href":"https:\/\/linitiative.ca\/International\/wp-json\/"}],"wp:attachment":[{"href":"https:\/\/linitiative.ca\/International\/wp-json\/wp\/v2\/media?parent=103041"}],"wp:term":[{"taxonomy":"category","embeddable":true,"href":"https:\/\/linitiative.ca\/International\/wp-json\/wp\/v2\/categories?post=103041"},{"taxonomy":"post_tag","embeddable":true,"href":"https:\/\/linitiative.ca\/International\/wp-json\/wp\/v2\/tags?post=103041"}],"curies":[{"name":"wp","href":"https:\/\/api.w.org\/{rel}","templated":true}]}}