{"id":103051,"date":"2020-10-28T14:49:00","date_gmt":"2020-10-28T18:49:00","guid":{"rendered":"https:\/\/linitiative.ca\/International\/hamouda-ben-slama-non-il-macron-ne-renoncerait-pas-aux-caricatures-de-mahomet\/"},"modified":"2020-10-28T14:49:00","modified_gmt":"2020-10-28T18:49:00","slug":"hamouda-ben-slama-non-il-macron-ne-renoncerait-pas-aux-caricatures-de-mahomet","status":"publish","type":"post","link":"https:\/\/linitiative.ca\/International\/hamouda-ben-slama-non-il-macron-ne-renoncerait-pas-aux-caricatures-de-mahomet\/","title":{"rendered":"Hamouda Ben Slama: Non, il (Macron) ne renoncerait pas aux caricatures (de Mahomet) !&#8230;"},"content":{"rendered":"<p><span class=\"c3\"><span class=\"c2\"><em><strong><img decoding=\"async\" src=\"\/uploads\/FCK_files\/Hammouda-Bin-Slama6(1).jpg\" alt=\"\" width=\"20%\" vspace=\"5\" hspace=\"5\" align=\"left\"\/>Par Dr. Hamouda Ben Slama &#8211;<\/strong><\/em><\/span><\/span> Dans son discours de la col\u00e8re le Pr\u00e9sident fran\u00e7ais a martel\u00e9 qu\u2019il ne renoncerait pas aux caricatures de Mahomet ; \u00e0 ce propos je me suis juste permis de mettre son futur (le verbe bien s\u00fbr) au conditionnel \u2026 En politique; il convient d\u2019\u00eatre plus prudent et moins p\u00e9remptoire. On ne sait jamais \u2026<\/p>\n<p>Il se serait content\u00e9 de r\u00e9agir fermement au crime terroriste crapuleux qui a co\u00fbt\u00e9 la vie \u00e0 l\u2019enseignant fran\u00e7ais Samuel Paty, crime odieux et l\u00e2che condamn\u00e9 \u00e0 juste titre et unanimement, y compris par les communaut\u00e9s musulmanes en France et partout ailleurs dans le Monde,\u00a0 Macron serait rest\u00e9 dans son r\u00f4le naturel et habituel .<\/p>\n<p>Mais comme la col\u00e8re est souvent mauvaise conseill\u00e8re, craignant peut \u00eatre aussi de s\u2019ali\u00e9ner davantage son \u00e9lectorat de droite et lorgnant du c\u00f4t\u00e9 de celui de Mme Le Pen (2022 n\u2019est pas loin), il est all\u00e9 trop loin suscitant et cr\u00e9ant qu\u2019il l\u2019ait voulu ou non l\u2019amalgame entre le terrorisme et l\u2019Islam ; cela a \u00e9t\u00e9 per\u00e7u comme la stigmatisation (encore une fois) de la religion musulmane et de ses adeptes en France et ailleurs.<\/p>\n<p>Et m\u00eame s\u2019il a pris la pr\u00e9caution d\u2019usage de d\u00e9douaner du bout des l\u00e8vres I\u2019Islam des crimes du terrorisme et des m\u00e9faits et des exc\u00e8s de l\u2019islamisme et de l\u2019Islam radical, il n\u2019en reste pas moins qu\u2019il a ouvert ou plut\u00f4t \u00e9largi la br\u00e8che de l\u2019intol\u00e9rance et du rejet de l\u2019autre, surtout si l\u2019autre n\u2019est pas fran\u00e7ais de souche ou n\u2019est pas fran\u00e7ais du tout.<\/p>\n<p>La meute s\u2019est vite engouffr\u00e9e par la br\u00e8che ; p\u00e8le m\u00eale, une partie de la classe politique en mal de repr\u00e9sentativit\u00e9, des m\u00e9dias en qu\u00eate d\u2019audimat, des intellectuels chantres d\u2019une la\u00efcit\u00e9 outranci\u00e8re et r\u00eavant d\u2019en d\u00e9coudre avec la deuxi\u00e8me religion de France, et m\u00eame des religieux musulmans proches habitu\u00e9s des cercles du pouvoir et qui rappellent les oul\u00e9mas laudateurs de triste r\u00e9putation collaborateurs de la R\u00e9sidence G\u00e9n\u00e9rale du temps de la colonisation dans nos pays du Maghreb.<\/p>\n<p>Pour la meute, l\u2019ennemi est ainsi tout d\u00e9sign\u00e9 : c\u2019est l\u2019Islam puisque le terrorisme serait d\u2019apr\u00e8s eux islamiste et l\u2019islamisme c\u2019est l\u2019Islam radical or l\u2019islam radical serait selon eux d\u00e9riv\u00e9 de l\u2019Islam ; la boucle est boucl\u00e9e ; pour eux il n\u2019y a pas d\u2019Islam multis\u00e9culaire mod\u00e9r\u00e9 authentique et tol\u00e9rant ; il n\u2019y a que des islamistes donc potentiellement des terroristes en puissance !&#8230;<\/p>\n<p>Voil\u00e0 M. Macron ce qui reste de vos derniers propos et ce qui est retenu, par vos propres troupes et par une partie de l\u2019opinion publique fran\u00e7aise ! Vous voulez et pr\u00f4nez un d\u00e9bat raisonnable mais qu\u2019est-il rest\u00e9 de la raison dans vos propos et dans votre d\u00e9marche !&#8230;<\/p>\n<p>Les condamnations vigoureuses de ces propos par nombre de pays arabes et musulmans (habituellement amies de la France), risquent fort de porter atteinte \u00e0 son image et ses int\u00e9r\u00eats dans ces contr\u00e9es et de mettre fin au capital de sympathie et d\u2019amiti\u00e9 qu\u2019on toujours su investir et entretenir les dirigeants fran\u00e7ais de haut rang aupr\u00e8s de ces populations \u00e0 majorit\u00e9 musulmane.<\/p>\n<p>L\u2019\u00e9norme impact de la visite en Palestine occup\u00e9e et du coup de gueule de Jacques Chirac contre l\u2019occupant isra\u00e9lien reste encore vivace vingt ans apr\u00e8s ; sa popularit\u00e9 et celle de la France y avaient explos\u00e9 et \u00e9norm\u00e9ment gagn\u00e9 \u00e0 l\u2019\u00e9poque ! Qui ne se souvient pas de la position courageuse de Chirac et de la France contre la guerre \u00e0 l\u2019Irak apr\u00e8s les \u00e9v\u00e8nements du 11 septembre ? Nous avions appr\u00e9ci\u00e9 et nous n\u2019avons pas oubli\u00e9 !\u00a0<\/p>\n<p>Je crains fort que Le Pr\u00e9sident Macron n\u2019ait pris lui le chemin inverse car en plus de l\u2019amalgame malheureux qu\u2019il \u00e9tablit de fait et fut-ce implicitement entre islam et terrorisme, voil\u00e0 qu\u2019il s\u2019appr\u00eate \u00e0 faire publier de nouveau et \u00e0 large \u00e9chelle les caricatures de la discorde et notamment en milieu scolaire.<\/p>\n<p>Il s\u2019est publiquement engag\u00e9 \u00e0 ne pas renoncer aux caricatures. Si l\u2019on traduit sa d\u00e9claration en termes politiquement corrects, Macron s\u2019y engage ainsi \u00e0 ne pas renoncer \u00e0 la libert\u00e9 d\u2019expression ; et dans sa grille de lecture ces caricatures sont partie int\u00e9grante du plein exercice de cette libert\u00e9. Seulement et dans une autre grille de lecture ces caricatures de la discorde sont per\u00e7ues comme provocation et offense injurieuse au proph\u00e8te et \u00e0 l\u2019Islam par une partie non n\u00e9gligeable des musulmans de France et de musulmans partout ailleurs.<\/p>\n<p>Si \u00ab les caricatures et le blasph\u00e8me font partie de la culture fran\u00e7aise \u00bb comme j\u2019ai entendu la ministre fran\u00e7aise de la culture l\u2019affirmer r\u00e9cemment, la culture de pr\u00e8s de deux milliards de musulmans dans le Monde, dont des centaines de milliers de musulmans de France qu\u2019ils soient fran\u00e7ais ou non, consid\u00e8re au contraire le blasph\u00e8me attentatoire \u00e0 leur religion et au sacr\u00e9. D\u2019ailleurs dans les l\u00e9gislations de la plupart des pays musulmans le blasph\u00e8me est consid\u00e9r\u00e9 \u00e0 juste titre comme un crime ou un d\u00e9lit puni par la loi \u2026<\/p>\n<p>Il y a donc un probl\u00e8me de fond, d\u2019incompr\u00e9hension historique (qui date des premi\u00e8res vagues de l\u2019immigration dans les ann\u00e9es 60) et d\u2019\u00e9chelles de valeurs sociales.<\/p>\n<p>Car lorsque pour des citoyens vivant sur le m\u00eame sol, \u00e0 \u00e9galit\u00e9 en principe de droits et de devoirs,\u00a0 l\u2019exercice d\u2019un droit inali\u00e9nable tel que la libert\u00e9 d\u2019expression chez l\u2019un est per\u00e7u comme une stigmatisation et une atteinte inacceptable au religieux et au sacr\u00e9 par l\u2019autre (m\u00eame s\u2019il est minoritaire), il y a probl\u00e8me !<\/p>\n<p>Ces tensions et positions diam\u00e9tralement oppos\u00e9es durent en r\u00e9alit\u00e9 depuis des lustres, raviv\u00e9es et exacerb\u00e9es \u00e9pisodiquement lors d\u2019\u00e9v\u00e8nements douloureux tel le dernier en date. Deux grandes questions, en suspens et pomme de discorde sont \u00e0 l\u2019origine de ce misunderstanding (malentendu) historique : immigration (donc islam) d\u2019un cot\u00e9, la\u00efcit\u00e9 de l\u2019autre cot\u00e9 (per\u00e7ue \u00e0 tort ou \u00e0 raison comme anti religions et en premier lieu anti Islam).<\/p>\n<p>Depuis un demi-si\u00e8cle au moins ces deux questions, rythment et parasitent la vie politique et sociale en France. Des initiatives plus ou moins pertinentes ont toujours tent\u00e9 de trouver le consensus (programmes d\u2019int\u00e9gration, d\u00e9bat sur l\u2019identit\u00e9 nationale cher \u00e0 Sarkozy, lutte contre le s\u00e9paratisme cher \u00e0 Darmanin qui est parait-il choqu\u00e9 par les rayons de nourriture Halal et Cacher etc&#8230;).<\/p>\n<p>Il faut dire que ce grand d\u00e9bat a \u00e9t\u00e9 virus\u00e9 par les enjeux politiques et \u00e9lectoraux internes ; les vents favorables \u00e0 la droite et \u00e0 l\u2019extr\u00eame droite en France et en Europe ces derni\u00e8res ann\u00e9es ainsi que la perte d\u2019influence des partis de gauche sont pour beaucoup dans ces blocages \u2026<\/p>\n<p>Il faut se souvenir qu\u2019au d\u00e9but des ann\u00e9es 90, un grand ami de la France le roi Hassan II, en fin lettr\u00e9 et connaisseur de ces questions tant du c\u00f4t\u00e9 fran\u00e7ais que du c\u00f4t\u00e9 maghr\u00e9bin, avait conseill\u00e9 et pr\u00e9dit que les immigr\u00e9s marocains (donc par extension maghr\u00e9bins) ne pourraient jamais r\u00e9ussir pleinement leur int\u00e9gration car les approches civilisationnelles ne sont pas les m\u00eames !<\/p>\n<p>A pr\u00e9sent et trente apr\u00e8s, pour les enfants, petits-enfants et m\u00eame arri\u00e8re-petits enfants des immigr\u00e9s des premi\u00e8res vagues,\u00a0 le contexte est un peu diff\u00e9rent car ils sont de plus en plus fran\u00e7ais et de moins en moins immigr\u00e9s !<\/p>\n<p>Par ailleurs il y a une telle communaut\u00e9 de liens et d\u2019int\u00e9r\u00eats entre la France et son environnement r\u00e9gional, notamment maghr\u00e9bin, qui est en jeu et en danger et que l\u2019approche ne devrait pas se limiter \u00e0 ne prendre en consid\u00e9ration que le seul argument de l\u2019affaire int\u00e9rieure fran\u00e7aise qui ne souffrirait d\u2019aucune ing\u00e9rence ; car ces questions \u00e0 priori purement franco fran\u00e7aises int\u00e9ressent au plus haut point et impliquent leurs partenaires \u00e0 l\u2019\u00e9chelle r\u00e9gionale !&#8230;<\/p>\n<p>Un d\u00e9bat sage et raisonnable (tel que souhait\u00e9 par Macron) et que nous souhaitons aussi de notre c\u00f4t\u00e9 permettrait au moins d\u2019aborder cette \u00e9quation difficile \u00e0 appr\u00e9hender tant ses termes paraissent incontournables et inconciliables !<\/p>\n<p>Rien ne peut justifier, l\u00e9gitimer et tol\u00e9rer que l\u2019on tue son prochain pour quelque motif que ce soit (caricature de Mahomet ou autre) ni m\u00eame \u00e0 cause de leur republication et \u00e0 grande \u00e9chelle comme les autorit\u00e9s fran\u00e7aises auraient d\u00e9cid\u00e9 malgr\u00e9 tout et contre toute logique de le faire dans les \u00e9tablissements scolaires \u00e0 la rentr\u00e9e des vacances de la Toussaint.<\/p>\n<p>Pourquoi ces m\u00eames autorit\u00e9s ne permettent pas concomitamment dans un souci d\u2019\u00e9quilibre et de v\u00e9ritable instruction des \u00e9l\u00e8ves, de leur faire lire le merveilleux po\u00e8me que Victor Hugo, dans le cadre de La l\u00e9gende des Si\u00e8cles, a publi\u00e9\u00a0 sur la mort du proph\u00e8te de l\u2019islam en 1858 et qui s\u2019intitule \u00ab L\u2019an 9 de l\u2019h\u00e9gire \u00bb (l\u2019ann\u00e9e dans le calendrier h\u00e9girien de la mort de Mahomet) .\u00a0 Voici quelques vers de cette ode \u00e0 un saint homme :<\/p>\n<p class=\"c4\"><em>Si des hommes venaient le consulter, ce juge<br \/>Laissait l\u2019un affirmer, l\u2019autre rire et nier,<br \/>Ecoutait en silence et parlait le dernier.<br \/>\u2026\u2026.<br \/>Lui, reprit : \u00ab Sur ma mort, les Anges d\u00e9lib\u00e8rent ;<br \/>L\u2019heure arrive. Ecoutez. Si j\u2019ai de l\u2019un de vous<br \/>Mal parl\u00e9, qu\u2019il se l\u00e8ve, \u00f4 peuple, et devant tous<br \/>Qu\u2019il m\u2019insulte et m\u2019outrage avant que je m\u2019\u00e9chappe,<br \/>Si j\u2019ai frapp\u00e9 quelqu\u2019un, que celui-l\u00e0 me frappe. \u00bb<br \/>Et, tranquille, il tendit aux passants son b\u00e2ton.<br \/>Une vieille, tondant la laine d\u2019un mouton,<br \/>Assise sur un seuil, lui cria : \u00ab Dieu t\u2019assiste ! \u00bb<\/em><\/p>\n<p>Si l\u2019on veut r\u00e9ellement pr\u00e9server et universaliser la v\u00e9ritable libert\u00e9 d\u2019expression, qui devrait tenir compte de celle de l\u2019autre, inculquez les textes d\u2019anthologie qui transcendent et humanisent. \u00c0 vos \u00e9coliers (ainsi d\u2019ailleurs qu\u2019aux milliers de jeunes non fran\u00e7ais qui fr\u00e9quentent les \u00e9tablissements fran\u00e7ais d\u2019enseignement dans le Monde dont les pays \u00e0 population musulmane et en premier lieu les pays maghr\u00e9bins).<br \/>Faites savoir par exemple que Alphonse De Lamartine a \u00e9crit un livre intitul\u00e9 \u2018 la vie de Mahomet \u2019 dans lequel il dit :<\/p>\n<p>\u00ab Jamais homme n\u2019accomplit en moins de temps une si immense et durable r\u00e9volution dans le monde\u2026 \u00bb \u00ab Si la grandeur du dessein, la petitesse des moyens, l\u2019immensit\u00e9 du r\u00e9sultat sont les trois mesures du g\u00e9nie de l\u2019homme, qui osera comparer humainement un grand homme de l\u2019histoire moderne \u00e0 Mahomet ? \u00bb.<\/p>\n<p>Le proph\u00e8te de l\u2019Islam \u00e9tait un conciliateur et un f\u00e9d\u00e9rateur ; voici un exemple de sa magnanimit\u00e9 :<\/p>\n<p>La tribu de Qouraish qui commandait La Mecque \u00e9tait ennemie de l\u2019Islam et de Mahomet. A l\u2019aube de l\u2019Islam et tout au long des treize ans durant lesquels le proph\u00e8te est demeur\u00e9 \u00e0 la Mecque, les membres de Qouraish le provoquaient, le harcelaient et le boycottaient, lui et les siens. Ils tent\u00e8rent de le tuer \u00e0 plusieurs reprises jusqu&rsquo;\u00e0 ce qu\u2019il r\u00e9ussisse \u00e0 s\u2019enfuir et se r\u00e9fugier avec ses compagnons \u00e0 M\u00e9dine qui devint le haut lieu de l\u2019\u00e9pop\u00e9e de l\u2019H\u00e9gire. Ses ennemis mobilis\u00e8rent la plupart des tribus arabes et men\u00e8rent plusieurs guerres contre lui et ses fid\u00e8les.<\/p>\n<p>Malgr\u00e9 tout cela et lorsqu\u2019il revint en vainqueur \u00e0 la Mecque avec une arm\u00e9e de 10 000 musulmans, magnanime et f\u00e9d\u00e9rateur, il ne chercha \u00e0 se venger de personne et notamment de ceux qui \u00e9taient ses ennemis.\u00a0 Il dit plut\u00f4t aux notables vaincus de Qouraish ses pires ennemis et qui redoutaient et s\u2019attendaient \u00e0 la vengeance du vainqueur : \u00ab je vous dis ce que Joseph (Youssouf) dit \u00e0 ses fr\u00e8res : \u00ab je ne vous fais aucun reproche.\u00a0 Allez !\u00a0 Vous \u00eates tous libres ! \u00bb \u0625\u0630\u0647\u0628\u0648\u0627 \u0641\u0623\u0646\u062a\u0645 \u0627\u0644\u0637\u0644\u0642\u0627\u0621<\/p>\n<p>Co\u00efncidence\u00a0 et heureux hasard ; le Monde musulman comm\u00e9more le jeudi 29 octobre la naissance du proph\u00e8te Mohamad ; cette f\u00eate du Mouled que les Maghr\u00e9bins par exemple f\u00eatent traditionnellement et pieusement ;\u00a0 nous la souhaitons douce cette ann\u00e9e particuli\u00e8rement aux millions des musulmans de France en leur assurant qu\u2019 \u00ab il n\u2019y a rien de si merveilleux que la naissance de Mahomet \u00bb comme l\u2019\u00e9crivait Montesquieu\u00a0 dans ses lettres persanes.<\/p>\n<p class=\"c5\"><strong>Dr. Hamouda Ben Slama\u00a0<\/strong><br \/><span class=\"c3\"><em>Ancien ministre<br \/>Membre fondateur et ancien Secr\u00e9taire G\u00e9n\u00e9ral<br \/>de la Ligue Tunisienne pour la D\u00e9fense des Droits de l\u2019Homme<\/em><\/span><br \/>\u00a0<\/p>\n<p>Auteur:<br \/>\n<a href=\"https:\/\/www.leaders.com.tn\/article\/30807-hamouda-ben-slama-non-il-macron-ne-renoncerait-pas-aux-caricatures-de-mahomet\">Cliquez ici pour lire l&rsquo;article depuis sa source.<\/a><\/p>\n","protected":false},"excerpt":{"rendered":"<p>Par Dr. Hamouda Ben Slama &#8211; Dans son discours de la col\u00e8re le Pr\u00e9sident fran\u00e7ais a martel\u00e9 qu\u2019il ne renoncerait pas aux caricatures de Mahomet ; \u00e0 ce propos je me suis juste permis de mettre son futur (le verbe bien s\u00fbr) au conditionnel \u2026 En politique; il convient d\u2019\u00eatre plus prudent et moins p\u00e9remptoire. [&hellip;]<\/p>\n","protected":false},"author":1772,"featured_media":103052,"comment_status":"closed","ping_status":"closed","sticky":false,"template":"","format":"standard","meta":{"fifu_image_url":"","fifu_image_alt":"","footnotes":""},"categories":[73,55],"tags":[],"class_list":["post-103051","post","type-post","status-publish","format-standard","has-post-thumbnail","hentry","category-actualite","category-tunisie"],"_links":{"self":[{"href":"https:\/\/linitiative.ca\/International\/wp-json\/wp\/v2\/posts\/103051","targetHints":{"allow":["GET"]}}],"collection":[{"href":"https:\/\/linitiative.ca\/International\/wp-json\/wp\/v2\/posts"}],"about":[{"href":"https:\/\/linitiative.ca\/International\/wp-json\/wp\/v2\/types\/post"}],"author":[{"embeddable":true,"href":"https:\/\/linitiative.ca\/International\/wp-json\/wp\/v2\/users\/1772"}],"replies":[{"embeddable":true,"href":"https:\/\/linitiative.ca\/International\/wp-json\/wp\/v2\/comments?post=103051"}],"version-history":[{"count":0,"href":"https:\/\/linitiative.ca\/International\/wp-json\/wp\/v2\/posts\/103051\/revisions"}],"wp:featuredmedia":[{"embeddable":true,"href":"https:\/\/linitiative.ca\/International\/wp-json\/"}],"wp:attachment":[{"href":"https:\/\/linitiative.ca\/International\/wp-json\/wp\/v2\/media?parent=103051"}],"wp:term":[{"taxonomy":"category","embeddable":true,"href":"https:\/\/linitiative.ca\/International\/wp-json\/wp\/v2\/categories?post=103051"},{"taxonomy":"post_tag","embeddable":true,"href":"https:\/\/linitiative.ca\/International\/wp-json\/wp\/v2\/tags?post=103051"}],"curies":[{"name":"wp","href":"https:\/\/api.w.org\/{rel}","templated":true}]}}