{"id":103056,"date":"2020-10-28T06:00:00","date_gmt":"2020-10-28T10:00:00","guid":{"rendered":"https:\/\/linitiative.ca\/International\/si-on-cale-deja-sur-un-dossier-pareil\/"},"modified":"2020-10-28T06:00:00","modified_gmt":"2020-10-28T10:00:00","slug":"si-on-cale-deja-sur-un-dossier-pareil","status":"publish","type":"post","link":"https:\/\/linitiative.ca\/International\/si-on-cale-deja-sur-un-dossier-pareil\/","title":{"rendered":"Si on cale d\u00e9j\u00e0 sur un dossier pareil\u2026"},"content":{"rendered":"<p class=\"c4\">La journ\u00e9e, tu boycottes le camembert Pr\u00e9sident, et le soir, sous ta couette, dans le noir, tu pries avec ferveur pour la\u2026<\/p>\n<p class=\"c4\"><strong>\u2026 r\u00e9ouverture de VSF-Global !\u00a0<\/strong><\/p>\n<p class=\"c4\">Et allez ! Encore un tour de valse ! Tournez chevaux, tournez man\u00e8ges ! J\u2019ouvre le journal, et je tombe sur quoi ? \u00abImportation de v\u00e9hicules de moins de trois ans, le prochain Conseil des ministres va trancher\u00bb. Ce n\u2019est plus un dossier \u00e9conomique, c\u2019est une t\u00e9l\u00e9novela br\u00e9silienne ou mexicaine, cette histoire sans fin de l\u2019importation de guimbardes d\u2019occase ! Si nous mettons autant de temps \u00e0 g\u00e9rer un dossier pareil, combien nous en faudra-t-il de temps face \u00e0 des questions strat\u00e9giques ? Combien de si\u00e8cles mettrons-nous pour nous d\u00e9terminer sur des options fondamentales ? Dire clairement ce que l\u2019on veut dans la d\u00e9marche de sortie de crise, et le faire non d\u2019une pipe d\u2019El-Kala ! C\u2019est tout de m\u00eame d\u00e9plorable, ou pour le moins interpelant que nous ne puissions pas, au bout de tant de mois et d\u2019ann\u00e9es, r\u00e9gler cette ferraille-l\u00e0, celle de tututes usag\u00e9es et us\u00e9es jusqu\u2019\u00e0 la courroie de transmission. Heureusement qu\u2019il ne s\u2019agit pas de se d\u00e9terminer sur des questions comme \u00abquel mix \u00e9nerg\u00e9tique nous voulons dans le futur ?\u00bb ou encore la refonte du syst\u00e8me \u00e9ducatif et l\u2019extraction de l\u2019\u00e9cole des griffes de l\u2019islamisme et du conservatisme bigot. Parce que l\u00e0, nous en aurions pour des plombes et des pas m\u00fbres \u00e0 guetter et \u00e0 attendre des r\u00e9ponses. Remarque ! Je me plante peut-\u00eatre ! Parce que sur l\u2019islamisation de l\u2019\u00e9cole, j\u2019ai la d\u00e9sagr\u00e9able impression que \u00e7a va tout de m\u00eame un peu plus vite que pour les tacots de moins de trois ans ! Je fume du th\u00e9 et je reste \u00e9veill\u00e9, le cauchemar continue.<br \/><em><strong>H. L.<\/strong><\/em><\/p>\n<p>Auteur:<br \/>\n<a href=\"https:\/\/www.lesoirdalgerie.com\/pousse-avec-eux\/si-on-cale-deja-sur-un-dossier-pareil-50432\">Cliquez ici pour lire l&rsquo;article depuis sa source.<\/a><\/p>\n","protected":false},"excerpt":{"rendered":"<p>La journ\u00e9e, tu boycottes le camembert Pr\u00e9sident, et le soir, sous ta couette, dans le noir, tu pries avec ferveur pour la\u2026 \u2026 r\u00e9ouverture de VSF-Global !\u00a0 Et allez ! Encore un tour de valse ! Tournez chevaux, tournez man\u00e8ges ! J\u2019ouvre le journal, et je tombe sur quoi ? \u00abImportation de v\u00e9hicules de moins [&hellip;]<\/p>\n","protected":false},"author":1741,"featured_media":0,"comment_status":"closed","ping_status":"closed","sticky":false,"template":"","format":"standard","meta":{"fifu_image_url":"","fifu_image_alt":"","footnotes":""},"categories":[73,53],"tags":[],"class_list":["post-103056","post","type-post","status-publish","format-standard","hentry","category-actualite","category-algerie"],"_links":{"self":[{"href":"https:\/\/linitiative.ca\/International\/wp-json\/wp\/v2\/posts\/103056","targetHints":{"allow":["GET"]}}],"collection":[{"href":"https:\/\/linitiative.ca\/International\/wp-json\/wp\/v2\/posts"}],"about":[{"href":"https:\/\/linitiative.ca\/International\/wp-json\/wp\/v2\/types\/post"}],"author":[{"embeddable":true,"href":"https:\/\/linitiative.ca\/International\/wp-json\/wp\/v2\/users\/1741"}],"replies":[{"embeddable":true,"href":"https:\/\/linitiative.ca\/International\/wp-json\/wp\/v2\/comments?post=103056"}],"version-history":[{"count":0,"href":"https:\/\/linitiative.ca\/International\/wp-json\/wp\/v2\/posts\/103056\/revisions"}],"wp:attachment":[{"href":"https:\/\/linitiative.ca\/International\/wp-json\/wp\/v2\/media?parent=103056"}],"wp:term":[{"taxonomy":"category","embeddable":true,"href":"https:\/\/linitiative.ca\/International\/wp-json\/wp\/v2\/categories?post=103056"},{"taxonomy":"post_tag","embeddable":true,"href":"https:\/\/linitiative.ca\/International\/wp-json\/wp\/v2\/tags?post=103056"}],"curies":[{"name":"wp","href":"https:\/\/api.w.org\/{rel}","templated":true}]}}