{"id":103057,"date":"2020-10-28T11:27:30","date_gmt":"2020-10-28T15:27:30","guid":{"rendered":"https:\/\/linitiative.ca\/International\/vrai-ou-fake-sur-la-covid-19-au-maroc-mercredi-28-octobre\/"},"modified":"2020-10-28T11:27:30","modified_gmt":"2020-10-28T15:27:30","slug":"vrai-ou-fake-sur-la-covid-19-au-maroc-mercredi-28-octobre","status":"publish","type":"post","link":"https:\/\/linitiative.ca\/International\/vrai-ou-fake-sur-la-covid-19-au-maroc-mercredi-28-octobre\/","title":{"rendered":"Vrai ou Fake sur la Covid-19 au Maroc, mercredi 28 octobre"},"content":{"rendered":"<p><strong>Le coronavirus, qui a contamin\u00e9 plus de 44 millions de personnes dans le monde, est \u00e0 l\u2019origine d\u2019un flot de Fake news relay\u00e9es par des sites d\u2019information et sur les r\u00e9seaux sociaux.<\/strong><\/p>\n<div class=\"c10\"\/>\n<p>\u2013 Les autorit\u00e9s de la ville de K\u00e9nitra ont d\u00e9cid\u00e9 d\u2019imposer de nouvelles mesures suite \u00e0 la recrudescence des cas dans la ville. <strong>VRAI<\/strong> Les autorit\u00e9s de K\u00e9nitra ont d\u00e9cid\u00e9 d\u2019imposer un couvre feu de 22h \u00e0 6h du matin. Les jardins, parcs, terrains de proximit\u00e9, salles de jeu et salles de sport seront ferm\u00e9s jusqu\u2019\u00e0 nouvel ordre.<\/p>\n<p>\u2013 Le vaccin contre le coronavirus ne sera pr\u00eat qu\u2019en 2022. <strong>FAKE<\/strong><\/p>\n<p><strong>Lire aussi |<\/strong><a href=\"https:\/\/www.challenge.ma\/ahmed-belhassan-pdg-de-huileries-du-souss-nest-plus-163217\/\"><strong>Ahmed Belhassan, PDG des Huileries du Souss, n\u2019est plus<\/strong><\/a><\/p>\n<p>\u2013 L\u2019immunit\u00e9 d\u00e9velopp\u00e9e chez les personnes qui ont d\u00e9j\u00e0 \u00e9t\u00e9 contamin\u00e9es par le Covid-19 diminuerait \u00ab\u00a0assez rapidement\u00a0\u00bb. <strong>VRAI<\/strong><\/p>\n<p>\u2013 Une autorisation de d\u00e9placement entre les villes est obligatoire, \u00e0 l\u2019occasion de la f\u00eate du Mawlid Annabaoui, qui co\u00efncide avec les vacances scolaires. <strong>FAKE<\/strong><\/p>\n<p>\u2013 Le Raja de Casablanca a enregistr\u00e9 deux nouveaux cas de covid et deux nouvelles gu\u00e9risons. <strong>VRAI<\/strong><\/p>\n<p>\u2013 Le taux de reproduction de la Covid-19 au Maroc se stabilise autour de 0,8%, alors qu\u2019il d\u00e9passe 1 dans dix r\u00e9gions. <strong>VRAI<\/strong><\/p>\n<p><strong>Lire aussi |<\/strong><a href=\"https:\/\/www.challenge.ma\/air-arabia-lance-la-ligne-casablanca-rennes-163205\/\"><strong>Air Arabia lance la ligne Casablanca-Rennes<\/strong><\/a><\/p>\n<p>Auteur: Hajar DARI<br \/>\n<a href=\"https:\/\/www.challenge.ma\/vrai-ou-fake-sur-la-covid-19-au-maroc-mercredi-28-octobre-163239\/\">Cliquez ici pour lire l&rsquo;article depuis sa source.<\/a><\/p>\n","protected":false},"excerpt":{"rendered":"<p>Le coronavirus, qui a contamin\u00e9 plus de 44 millions de personnes dans le monde, est \u00e0 l\u2019origine d\u2019un flot de Fake news relay\u00e9es par des sites d\u2019information et sur les r\u00e9seaux sociaux. \u2013 Les autorit\u00e9s de la ville de K\u00e9nitra ont d\u00e9cid\u00e9 d\u2019imposer de nouvelles mesures suite \u00e0 la recrudescence des cas dans la ville. [&hellip;]<\/p>\n","protected":false},"author":1787,"featured_media":0,"comment_status":"closed","ping_status":"closed","sticky":false,"template":"","format":"standard","meta":{"fifu_image_url":"","fifu_image_alt":"","footnotes":""},"categories":[78,54],"tags":[],"class_list":["post-103057","post","type-post","status-publish","format-standard","hentry","category-economie","category-maroc"],"_links":{"self":[{"href":"https:\/\/linitiative.ca\/International\/wp-json\/wp\/v2\/posts\/103057","targetHints":{"allow":["GET"]}}],"collection":[{"href":"https:\/\/linitiative.ca\/International\/wp-json\/wp\/v2\/posts"}],"about":[{"href":"https:\/\/linitiative.ca\/International\/wp-json\/wp\/v2\/types\/post"}],"author":[{"embeddable":true,"href":"https:\/\/linitiative.ca\/International\/wp-json\/wp\/v2\/users\/1787"}],"replies":[{"embeddable":true,"href":"https:\/\/linitiative.ca\/International\/wp-json\/wp\/v2\/comments?post=103057"}],"version-history":[{"count":0,"href":"https:\/\/linitiative.ca\/International\/wp-json\/wp\/v2\/posts\/103057\/revisions"}],"wp:attachment":[{"href":"https:\/\/linitiative.ca\/International\/wp-json\/wp\/v2\/media?parent=103057"}],"wp:term":[{"taxonomy":"category","embeddable":true,"href":"https:\/\/linitiative.ca\/International\/wp-json\/wp\/v2\/categories?post=103057"},{"taxonomy":"post_tag","embeddable":true,"href":"https:\/\/linitiative.ca\/International\/wp-json\/wp\/v2\/tags?post=103057"}],"curies":[{"name":"wp","href":"https:\/\/api.w.org\/{rel}","templated":true}]}}