{"id":103058,"date":"2020-10-28T11:52:21","date_gmt":"2020-10-28T15:52:21","guid":{"rendered":"https:\/\/linitiative.ca\/International\/coronavirus-le-maroc-sapprete-a-deployer-des-tests-covid-antigeniques-rapides\/"},"modified":"2020-10-28T11:52:21","modified_gmt":"2020-10-28T15:52:21","slug":"coronavirus-le-maroc-sapprete-a-deployer-des-tests-covid-antigeniques-rapides","status":"publish","type":"post","link":"https:\/\/linitiative.ca\/International\/coronavirus-le-maroc-sapprete-a-deployer-des-tests-covid-antigeniques-rapides\/","title":{"rendered":"Coronavirus :  le Maroc s\u2019appr\u00eate \u00e0 d\u00e9ployer des tests Covid antig\u00e9niques rapides"},"content":{"rendered":"<p><strong>Une \u00e9valuation de trois tests antig\u00e9niques est en cours \u00e0 l\u2019Institut Pasteur \u00e0 Casablanca, \u00e0 la demande du ministre de la Sant\u00e9, Khalid Ait Taleb. Le Maroc entend utiliser ces tests \u00e0 une tr\u00e8s large \u00e9chelle en cas de deuxi\u00e8me vague de la pand\u00e9mie cet hiver.<\/strong><\/p>\n<div class=\"c10\"\/>\n<p>Le Maroc renforce son arsenal de test de d\u00e9pistage Covid-19. Selon notre confr\u00e8re Medias24.com, le royaume s\u2019appr\u00eate en effet \u00e0 introduire les tests Covid antig\u00e9niques rapides. Notons que ces tests pr\u00e9sentent des avantages compl\u00e9mentaires aux tests PCR. Le site d\u2019information pr\u00e9cise ainsi qu\u2019une \u00e9valuation de trois tests antig\u00e9niques diff\u00e9rents est en cours \u00e0 l\u2019Institut Pasteur \u00e0 Casablanca \u00e0 la demande du ministre de la Sant\u00e9, Khalid Ait Taleb.<\/p>\n<p><strong>Lire aussi| <a href=\"https:\/\/www.challenge.ma\/coronavirus-limmunite-acquise-par-les-personnes-gueries-diminue-rapidement-etude-163130\/\">Coronavirus : l\u2019immunit\u00e9 acquise par les personnes gu\u00e9ries diminue rapidement [\u00c9tude]<\/a><\/strong><\/p>\n<p>Force est de souligner que le Maroc demeure en phase de circulation active du virus et que l\u2019introduction de ce type de tests de d\u00e9pistage est de nature \u00e0 renforcer les capacit\u00e9s de l\u2019Etat d\u2019autant plus que l\u2019OMS a d\u00e9j\u00e0 mis en garde contre une vague hivernale du coronavirus. De m\u00eame, pr\u00e9cisons que les milieux scientifiques, et plus pr\u00e9cis\u00e9ment la Soci\u00e9t\u00e9 marocaine des sciences m\u00e9dicales, r\u00e9clamaient depuis un moment l\u2019introduction de tests antig\u00e9niques. Le site ajoute que l\u2019\u00e9valuation en cours de ces trois tests consiste en une v\u00e9rification de la sensibilit\u00e9 et de la sp\u00e9cificit\u00e9 de chaque test, sur des \u00e9chantillons de taille suffisante au sein de la population marocaine.<\/p>\n<p><strong>Lire aussi| <a href=\"https:\/\/www.challenge.ma\/air-arabia-lance-la-ligne-casablanca-rennes-163205\/\">Air Arabia lance la ligne Casablanca-Rennes<\/a><\/strong><\/p>\n<p>Notons que l\u2019objectif de cette v\u00e9rification est de d\u00e9terminer jusqu\u2019\u00e0 quel point ce test est sensible \u00e0 la pr\u00e9sence d\u2019antig\u00e8nes et jusqu\u2019\u00e0 quel point il est sp\u00e9cifique au coronavirus. Rappelons que l\u2019OMS estime que les tests antig\u00e9niques doivent pr\u00e9senter une sensibilit\u00e9 de 80% au minimum et une sp\u00e9cificit\u00e9 de 99% au moins. L\u2019efficacit\u00e9 de ce type de test r\u00e9side, en effet, dans sa rapidit\u00e9 en termes de r\u00e9sultats. En effet, le r\u00e9sultat est d\u00e9livr\u00e9 en 15 voire 20 minutes, contre plusieurs jours aujourd\u2019hui pour le test PCR. Le Maroc entend utiliser les tests antig\u00e9niques \u00e0 une tr\u00e8s large \u00e9chelle en cas de deuxi\u00e8me vague de la pand\u00e9mie cet hiver.<\/p>\n<p>Auteur: challenge<br \/>\n<a href=\"https:\/\/www.challenge.ma\/coronavirus-le-maroc-sapprete-a-deployer-des-tests-covid-antigeniques-rapides-163263\/\">Cliquez ici pour lire l&rsquo;article depuis sa source.<\/a><\/p>\n","protected":false},"excerpt":{"rendered":"<p>Une \u00e9valuation de trois tests antig\u00e9niques est en cours \u00e0 l\u2019Institut Pasteur \u00e0 Casablanca, \u00e0 la demande du ministre de la Sant\u00e9, Khalid Ait Taleb. Le Maroc entend utiliser ces tests \u00e0 une tr\u00e8s large \u00e9chelle en cas de deuxi\u00e8me vague de la pand\u00e9mie cet hiver. Le Maroc renforce son arsenal de test de d\u00e9pistage [&hellip;]<\/p>\n","protected":false},"author":1787,"featured_media":0,"comment_status":"closed","ping_status":"closed","sticky":false,"template":"","format":"standard","meta":{"fifu_image_url":"","fifu_image_alt":"","footnotes":""},"categories":[78,54],"tags":[],"class_list":["post-103058","post","type-post","status-publish","format-standard","hentry","category-economie","category-maroc"],"_links":{"self":[{"href":"https:\/\/linitiative.ca\/International\/wp-json\/wp\/v2\/posts\/103058","targetHints":{"allow":["GET"]}}],"collection":[{"href":"https:\/\/linitiative.ca\/International\/wp-json\/wp\/v2\/posts"}],"about":[{"href":"https:\/\/linitiative.ca\/International\/wp-json\/wp\/v2\/types\/post"}],"author":[{"embeddable":true,"href":"https:\/\/linitiative.ca\/International\/wp-json\/wp\/v2\/users\/1787"}],"replies":[{"embeddable":true,"href":"https:\/\/linitiative.ca\/International\/wp-json\/wp\/v2\/comments?post=103058"}],"version-history":[{"count":0,"href":"https:\/\/linitiative.ca\/International\/wp-json\/wp\/v2\/posts\/103058\/revisions"}],"wp:attachment":[{"href":"https:\/\/linitiative.ca\/International\/wp-json\/wp\/v2\/media?parent=103058"}],"wp:term":[{"taxonomy":"category","embeddable":true,"href":"https:\/\/linitiative.ca\/International\/wp-json\/wp\/v2\/categories?post=103058"},{"taxonomy":"post_tag","embeddable":true,"href":"https:\/\/linitiative.ca\/International\/wp-json\/wp\/v2\/tags?post=103058"}],"curies":[{"name":"wp","href":"https:\/\/api.w.org\/{rel}","templated":true}]}}