{"id":103061,"date":"2020-10-28T15:41:58","date_gmt":"2020-10-28T19:41:58","guid":{"rendered":"https:\/\/linitiative.ca\/International\/coronavirus-la-france-se-reconfine\/"},"modified":"2020-10-28T15:41:58","modified_gmt":"2020-10-28T19:41:58","slug":"coronavirus-la-france-se-reconfine","status":"publish","type":"post","link":"https:\/\/linitiative.ca\/International\/coronavirus-la-france-se-reconfine\/","title":{"rendered":"Coronavirus : la France se reconfine"},"content":{"rendered":"<p><strong>Emmanuel Macron, le pr\u00e9sident fran\u00e7ais, annonce un reconfinement de l\u2019ensemble du territoire fran\u00e7ais. L\u2019objectif de ce nouveau confinement est de ralentir la vitesse de propagation du coronavirus dans le pays. Les d\u00e9tails.<\/strong><\/p>\n<div class=\"c10\"\/>\n<p>Les Fran\u00e7ais s\u2019appr\u00eatent \u00e0 vivre un deuxi\u00e8me confinement, apr\u00e8s celui du printemps dernier. Dans une allocution diffus\u00e9e \u00e0 la t\u00e9l\u00e9vision nationale ce mercredi 28 octobre, le Chef de l\u2019Etat fran\u00e7ais, Emmanuel Macron, a annonc\u00e9 un reconfinement qui devrait prendre effet d\u00e8s vendredi et durer jusqu\u2019au 1<sup>er<\/sup> d\u00e9cembre prochain. Emmanuel Macron a invit\u00e9 les entreprises \u00e0 avoir recours au t\u00e9l\u00e9travail tant que cela est possible.<\/p>\n<p><strong>Lire aussi| <a href=\"https:\/\/www.challenge.ma\/coronavirus-le-maroc-sapprete-a-deployer-des-tests-covid-antigeniques-rapides-163263\/\">Coronavirus : le Maroc s\u2019appr\u00eate \u00e0 d\u00e9ployer des tests Covid antig\u00e9niques rapides<\/a><\/strong><\/p>\n<p>Toutefois, les \u00e9coles, les cr\u00e8ches et certaines autres structures resteront ouvertes. Le pr\u00e9sident a assur\u00e9 que l\u2019\u00e9conomie ne s\u2019arr\u00eatera pas et que toutes les mesures seront prises pour venir en aide aux entreprises (ch\u00f4mage partiel et aides aux entreprises\u2026). Emmanuel Macron a indiqu\u00e9 que l\u2019objectif est de faire chuter le nombre de contamination quotidien \u00e0 5000 par jour contre plus de 20.000 en moyenne actuellement. Il a aussi soulign\u00e9 que les fronti\u00e8res du pays resteront ouvertes pour les ressortissants de l\u2019UE et les Fran\u00e7ais r\u00e9sidant \u00e0 l\u2019\u00e9tranger, mais qu\u2019elles seront ferm\u00e9es \u00e0 toutes les personnes qui n\u2019appartiennent pas \u00e0 cet espace g\u00e9ographique.<\/p>\n<p><strong>Lire aussi| <a href=\"https:\/\/www.challenge.ma\/le-ministere-des-finances-propose-aux-investisseurs-ses-lignes-de-credits-163177\/\">Le minist\u00e8re des Finances propose aux investisseurs ses lignes de cr\u00e9dits<\/a><\/strong><\/p>\n<p>Auteur: challenge<br \/>\n<a href=\"https:\/\/www.challenge.ma\/coronavirus-la-france-se-reconfine-163307\/\">Cliquez ici pour lire l&rsquo;article depuis sa source.<\/a><\/p>\n","protected":false},"excerpt":{"rendered":"<p>Emmanuel Macron, le pr\u00e9sident fran\u00e7ais, annonce un reconfinement de l\u2019ensemble du territoire fran\u00e7ais. L\u2019objectif de ce nouveau confinement est de ralentir la vitesse de propagation du coronavirus dans le pays. Les d\u00e9tails. Les Fran\u00e7ais s\u2019appr\u00eatent \u00e0 vivre un deuxi\u00e8me confinement, apr\u00e8s celui du printemps dernier. Dans une allocution diffus\u00e9e \u00e0 la t\u00e9l\u00e9vision nationale ce mercredi [&hellip;]<\/p>\n","protected":false},"author":1787,"featured_media":0,"comment_status":"closed","ping_status":"closed","sticky":false,"template":"","format":"standard","meta":{"fifu_image_url":"","fifu_image_alt":"","footnotes":""},"categories":[78,54],"tags":[],"class_list":["post-103061","post","type-post","status-publish","format-standard","hentry","category-economie","category-maroc"],"_links":{"self":[{"href":"https:\/\/linitiative.ca\/International\/wp-json\/wp\/v2\/posts\/103061","targetHints":{"allow":["GET"]}}],"collection":[{"href":"https:\/\/linitiative.ca\/International\/wp-json\/wp\/v2\/posts"}],"about":[{"href":"https:\/\/linitiative.ca\/International\/wp-json\/wp\/v2\/types\/post"}],"author":[{"embeddable":true,"href":"https:\/\/linitiative.ca\/International\/wp-json\/wp\/v2\/users\/1787"}],"replies":[{"embeddable":true,"href":"https:\/\/linitiative.ca\/International\/wp-json\/wp\/v2\/comments?post=103061"}],"version-history":[{"count":0,"href":"https:\/\/linitiative.ca\/International\/wp-json\/wp\/v2\/posts\/103061\/revisions"}],"wp:attachment":[{"href":"https:\/\/linitiative.ca\/International\/wp-json\/wp\/v2\/media?parent=103061"}],"wp:term":[{"taxonomy":"category","embeddable":true,"href":"https:\/\/linitiative.ca\/International\/wp-json\/wp\/v2\/categories?post=103061"},{"taxonomy":"post_tag","embeddable":true,"href":"https:\/\/linitiative.ca\/International\/wp-json\/wp\/v2\/tags?post=103061"}],"curies":[{"name":"wp","href":"https:\/\/api.w.org\/{rel}","templated":true}]}}