{"id":103065,"date":"2020-10-28T16:44:21","date_gmt":"2020-10-28T20:44:21","guid":{"rendered":"https:\/\/linitiative.ca\/International\/volley-ball-coupe-de-tunisie-nouvelle-date-pour-la-finale-est-css\/"},"modified":"2020-10-28T16:44:21","modified_gmt":"2020-10-28T20:44:21","slug":"volley-ball-coupe-de-tunisie-nouvelle-date-pour-la-finale-est-css","status":"publish","type":"post","link":"https:\/\/linitiative.ca\/International\/volley-ball-coupe-de-tunisie-nouvelle-date-pour-la-finale-est-css\/","title":{"rendered":"Volley-ball | Coupe de Tunisie : nouvelle date pour la finale EST-CSS"},"content":{"rendered":"<div class=\"post-cont-in left relative\">\n<div id=\"post-info-wrap\" class=\"left relative post-info-out\">\n<div class=\"post-info-img left relative\"><img loading=\"lazy\" decoding=\"async\" alt=\"\" src=\"https:\/\/secure.gravatar.com\/avatar\/e08a32c38bbac601a92c63c79d61b38d?s=50&amp;d=mm&amp;r=g\" srcset=\"https:\/\/secure.gravatar.com\/avatar\/e08a32c38bbac601a92c63c79d61b38d?s=100&amp;d=mm&amp;r=g 2x\" class=\"avatar avatar-50 photo\" height=\"50\" width=\"50\"\/><\/div>\n<div class=\"post-info-in\">\n<div class=\"post-info-right left relative post-info-name left relative\"><span itemprop=\"author\" itemscope=\"\" itemtype=\"https:\/\/schema.org\/Person\"><span class=\"post-info-text\">By<\/span> <span class=\"author-name vcard fn author\" itemprop=\"name\"><a href=\"https:\/\/sport.tunisienumerique.com\/author\/fakhreddine\/\" title=\"Articles par Fakhreddine Ben Malek\" rel=\"author\">Fakhreddine Ben Malek<\/a><\/span> <span class=\"author-twitter\"><a href=\"https:\/\/twitter.com\/Fakhr_Ben_Malek\" class=\"twitter-but\" target=\"_blank\" rel=\"noopener noreferrer\"><\/span><\/span> <span class=\"post-date updated\"><time class=\"post-date updated\" itemprop=\"datePublished\" datetime=\"2020-10-28\">\u00a0| Il y a 22 secondes<\/time><\/span><\/div>\n<div class=\"left relative\"><button id=\"listenButton1\" class=\"responsivevoice-button\" type=\"button\" value=\"Play\" title=\"&#xC9;coutez l'article\"><span>\ud83d\udd0a \u00c9coutez l&rsquo;article<\/span><\/button> <\/div>\n<\/div>\n<\/div>\n<div class=\"heateor_sss_sharing_container heateor_sss_horizontal_sharing\" heateor-sss-data-href=\"https:\/\/sport.tunisienumerique.com\/volley-ball-coupe-de-tunisie-nouvelle-date-pour-la-finale-est-css\/\">\n<div class=\"heateor_sss_sharing_title c4\">Cet article vous a \u00e9t\u00e9 utile? Partagez le, il int\u00e9ressera d\u2019autres personnes. Merci!<\/div>\n<ul class=\"heateor_sss_sharing_ul\">\n<li class=\"heateorSssSharingRound\"><em alt=\"Facebook\" title=\"Facebook\" class=\"heateorSssSharing heateorSssFacebookBackground c5\" onclick=\"heateorSssPopup(&quot;https:\/\/www.facebook.com\/sharer\/sharer.php?u=https%3A%2F%2Fsport.tunisienumerique.com%2Fvolley-ball-coupe-de-tunisie-nouvelle-date-pour-la-finale-est-css%2F&quot;)\">\u00a0<\/em><\/li>\n<li class=\"heateorSssSharingRound\"><em alt=\"Twitter\" title=\"Twitter\" class=\"heateorSssSharing heateorSssTwitterBackground c5\" onclick=\"heateorSssPopup(&quot;http:\/\/twitter.com\/intent\/tweet?text=Volley-ball%20%7C%20Coupe%20de%20Tunisie%20%3A%20nouvelle%20date%20pour%20la%20finale%20EST-CSS&amp;url=https%3A%2F%2Fsport.tunisienumerique.com%2Fvolley-ball-coupe-de-tunisie-nouvelle-date-pour-la-finale-est-css%2F&quot;)\">\u00a0<\/em><\/li>\n<li class=\"heateorSssSharingRound\"><em alt=\"Linkedin\" title=\"Linkedin\" class=\"heateorSssSharing heateorSssLinkedinBackground c5\" onclick=\"heateorSssPopup(&quot;http:\/\/www.linkedin.com\/shareArticle?mini=true&amp;url=https%3A%2F%2Fsport.tunisienumerique.com%2Fvolley-ball-coupe-de-tunisie-nouvelle-date-pour-la-finale-est-css%2F&amp;title=Volley-ball%20%7C%20Coupe%20de%20Tunisie%20%3A%20nouvelle%20date%20pour%20la%20finale%20EST-CSS&quot;)\">\u00a0<\/em><\/li>\n<li class=\"heateorSssSharingRound\"><em alt=\"Google Gmail\" title=\"Google Gmail\" class=\"heateorSssSharing heateorSssGoogleGmailBackground c5\" onclick=\"heateorSssPopup(&quot;https:\/\/mail.google.com\/mail\/?ui=2&amp;view=cm&amp;fs=1&amp;tf=1&amp;su=Volley-ball%20%7C%20Coupe%20de%20Tunisie%20%3A%20nouvelle%20date%20pour%20la%20finale%20EST-CSS&amp;body=Link:https%3A%2F%2Fsport.tunisienumerique.com%2Fvolley-ball-coupe-de-tunisie-nouvelle-date-pour-la-finale-est-css%2F&quot;)\">\u00a0<\/em><\/li>\n<li class=\"heateorSssSharingRound\"><em alt=\"Whatsapp\" title=\"Whatsapp\" class=\"heateorSssSharing heateorSssWhatsappBackground c5\"><a href=\"https:\/\/api.whatsapp.com\/send?text=Volley-ball%20%7C%20Coupe%20de%20Tunisie%20%3A%20nouvelle%20date%20pour%20la%20finale%20EST-CSS%20https%3A%2F%2Fsport.tunisienumerique.com%2Fvolley-ball-coupe-de-tunisie-nouvelle-date-pour-la-finale-est-css%2F\" rel=\"nofollow noopener noreferrer\" target=\"_blank\">\u00a0<\/a><\/em><\/li>\n<li class=\"heateorSssSharingRound\">\u00a0<\/li>\n<\/ul>\n<\/div>\n<p dir=\"ltr\">Initialement pr\u00e9vue le 10 octobre dernier, la finale de la Coupe de Tunisie de volley-ball opposant l\u2019Esp\u00e9rance de Tunis au CS Sfaxien a \u00e9t\u00e9 report\u00e9e\u00a0 en raison du coronavirus.<\/p>\n<p dir=\"ltr\">Suite \u00e0 la d\u00e9cision du Chef du gouvernement, Hichem Mechichi de suspendre toutes activit\u00e9s culturelles et sportives, la F\u00e9d\u00e9ration Tunisienne de Volley-ball avait d\u00e9cid\u00e9 de remettre \u00e0 plus tard\u00a0 la finale de la Coupe devant opposer l\u2019EST au CSS.<\/p>\n<div class=\"code-block code-block-1 c7\"><ins class=\"adsbygoogle c6\" data-ad-layout=\"in-article\" data-ad-format=\"fluid\" data-ad-client=\"ca-pub-2102118777505746\" data-ad-slot=\"7301775417\"\/> <\/div>\n<p dir=\"ltr\">La FTVB a propos\u00e9 aujourd\u2019hui de faire jouer la finale ce dimanche 1er novembre \u00e0 partir de 15h00 \u00e0 la salle de Rad\u00e8s.<\/p>\n<p dir=\"ltr\">Cette proposition devrait \u00eatre approuv\u00e9e par le ministre de la Jeunesse, du Sport et de l\u2019Int\u00e9gration professionnelle et des autorit\u00e9s de sant\u00e9 publique.<\/p>\n<p><\/p>\n<div class=\"heateor_sss_sharing_container heateor_sss_horizontal_sharing\" heateor-sss-data-href=\"https:\/\/sport.tunisienumerique.com\/volley-ball-coupe-de-tunisie-nouvelle-date-pour-la-finale-est-css\/\">\n<div class=\"heateor_sss_sharing_title c4\">Cet article vous a \u00e9t\u00e9 utile? Partagez le, il int\u00e9ressera d\u2019autres personnes. Merci!<\/div>\n<ul class=\"heateor_sss_sharing_ul\">\n<li class=\"heateorSssSharingRound\"><em alt=\"Facebook\" title=\"Facebook\" class=\"heateorSssSharing heateorSssFacebookBackground c5\" onclick=\"heateorSssPopup(&quot;https:\/\/www.facebook.com\/sharer\/sharer.php?u=https%3A%2F%2Fsport.tunisienumerique.com%2Fvolley-ball-coupe-de-tunisie-nouvelle-date-pour-la-finale-est-css%2F&quot;)\">\u00a0<\/em><\/li>\n<li class=\"heateorSssSharingRound\"><em alt=\"Twitter\" title=\"Twitter\" class=\"heateorSssSharing heateorSssTwitterBackground c5\" onclick=\"heateorSssPopup(&quot;http:\/\/twitter.com\/intent\/tweet?text=Volley-ball%20%7C%20Coupe%20de%20Tunisie%20%3A%20nouvelle%20date%20pour%20la%20finale%20EST-CSS&amp;url=https%3A%2F%2Fsport.tunisienumerique.com%2Fvolley-ball-coupe-de-tunisie-nouvelle-date-pour-la-finale-est-css%2F&quot;)\">\u00a0<\/em><\/li>\n<li class=\"heateorSssSharingRound\"><em alt=\"Linkedin\" title=\"Linkedin\" class=\"heateorSssSharing heateorSssLinkedinBackground c5\" onclick=\"heateorSssPopup(&quot;http:\/\/www.linkedin.com\/shareArticle?mini=true&amp;url=https%3A%2F%2Fsport.tunisienumerique.com%2Fvolley-ball-coupe-de-tunisie-nouvelle-date-pour-la-finale-est-css%2F&amp;title=Volley-ball%20%7C%20Coupe%20de%20Tunisie%20%3A%20nouvelle%20date%20pour%20la%20finale%20EST-CSS&quot;)\">\u00a0<\/em><\/li>\n<li class=\"heateorSssSharingRound\"><em alt=\"Google Gmail\" title=\"Google Gmail\" class=\"heateorSssSharing heateorSssGoogleGmailBackground c5\" onclick=\"heateorSssPopup(&quot;https:\/\/mail.google.com\/mail\/?ui=2&amp;view=cm&amp;fs=1&amp;tf=1&amp;su=Volley-ball%20%7C%20Coupe%20de%20Tunisie%20%3A%20nouvelle%20date%20pour%20la%20finale%20EST-CSS&amp;body=Link:https%3A%2F%2Fsport.tunisienumerique.com%2Fvolley-ball-coupe-de-tunisie-nouvelle-date-pour-la-finale-est-css%2F&quot;)\">\u00a0<\/em><\/li>\n<li class=\"heateorSssSharingRound\"><em alt=\"Whatsapp\" title=\"Whatsapp\" class=\"heateorSssSharing heateorSssWhatsappBackground c5\"><a href=\"https:\/\/api.whatsapp.com\/send?text=Volley-ball%20%7C%20Coupe%20de%20Tunisie%20%3A%20nouvelle%20date%20pour%20la%20finale%20EST-CSS%20https%3A%2F%2Fsport.tunisienumerique.com%2Fvolley-ball-coupe-de-tunisie-nouvelle-date-pour-la-finale-est-css%2F\" rel=\"nofollow noopener noreferrer\" target=\"_blank\">\u00a0<\/a><\/em><\/li>\n<li class=\"heateorSssSharingRound\">\u00a0<\/li>\n<\/ul>\n<\/div>\n<p><strong>Que se passe-t-il en Tunisie?<\/strong><br \/>Nous expliquons sur notre <a href=\"https:\/\/www.youtube.com\/channel\/UCRzypVq0B_yBad5eGrwBx0Q?sub_confirmation=1\" target=\"_blank\" rel=\"noopener noreferrer\">cha\u00eene YouTube<\/a> . <a href=\"https:\/\/www.youtube.com\/channel\/UCRzypVq0B_yBad5eGrwBx0Q?sub_confirmation=1\" target=\"_blank\" rel=\"noopener noreferrer\">Abonnez-vous!<\/a><\/p>\n<div class=\"mvp-org-wrap mvp-org-logo\" itemprop=\"publisher\" itemscope=\"\" itemtype=\"https:\/\/schema.org\/Organization\"><img decoding=\"async\" src=\"https:\/\/sport.tunisienumerique.com\/wp-content\/uploads\/2017\/05\/logo_tunisie_numerique.png\"\/><\/div>\n<div class=\"mvp-related-posts left relative\">\n<h4 class=\"post-header\"><span class=\"post-header\">Lire aussi<\/span><\/h4>\n<\/div>\n<div id=\"article-ad\"><ins class=\"adsbygoogle c8\" data-ad-client=\"ca-pub-2102118777505746\" data-ad-slot=\"6513972734\" data-ad-format=\"auto\" data-full-width-responsive=\"true\"\/> <\/div>\n<\/div>\n<div id=\"post-sidebar-wrap\"><ins class=\"adsbygoogle c8\" data-ad-client=\"ca-pub-2102118777505746\" data-ad-slot=\"6513972734\" data-ad-format=\"auto\" data-full-width-responsive=\"true\"\/> <\/div>\n<p>Auteur:<br \/>\n<a href=\"https:\/\/sport.tunisienumerique.com\/volley-ball-coupe-de-tunisie-nouvelle-date-pour-la-finale-est-css\/\">Cliquez ici pour lire l&rsquo;article depuis sa source.<\/a><\/p>\n","protected":false},"excerpt":{"rendered":"<p>By Fakhreddine Ben Malek \u00a0| Il y a 22 secondes \ud83d\udd0a \u00c9coutez l&rsquo;article Cet article vous a \u00e9t\u00e9 utile? Partagez le, il int\u00e9ressera d\u2019autres personnes. Merci! \u00a0 \u00a0 \u00a0 \u00a0 \u00a0 \u00a0 Initialement pr\u00e9vue le 10 octobre dernier, la finale de la Coupe de Tunisie de volley-ball opposant l\u2019Esp\u00e9rance de Tunis au CS Sfaxien a [&hellip;]<\/p>\n","protected":false},"author":1789,"featured_media":0,"comment_status":"closed","ping_status":"closed","sticky":false,"template":"","format":"standard","meta":{"fifu_image_url":"","fifu_image_alt":"","footnotes":""},"categories":[73,55],"tags":[],"class_list":["post-103065","post","type-post","status-publish","format-standard","hentry","category-actualite","category-tunisie"],"_links":{"self":[{"href":"https:\/\/linitiative.ca\/International\/wp-json\/wp\/v2\/posts\/103065","targetHints":{"allow":["GET"]}}],"collection":[{"href":"https:\/\/linitiative.ca\/International\/wp-json\/wp\/v2\/posts"}],"about":[{"href":"https:\/\/linitiative.ca\/International\/wp-json\/wp\/v2\/types\/post"}],"author":[{"embeddable":true,"href":"https:\/\/linitiative.ca\/International\/wp-json\/wp\/v2\/users\/1789"}],"replies":[{"embeddable":true,"href":"https:\/\/linitiative.ca\/International\/wp-json\/wp\/v2\/comments?post=103065"}],"version-history":[{"count":0,"href":"https:\/\/linitiative.ca\/International\/wp-json\/wp\/v2\/posts\/103065\/revisions"}],"wp:attachment":[{"href":"https:\/\/linitiative.ca\/International\/wp-json\/wp\/v2\/media?parent=103065"}],"wp:term":[{"taxonomy":"category","embeddable":true,"href":"https:\/\/linitiative.ca\/International\/wp-json\/wp\/v2\/categories?post=103065"},{"taxonomy":"post_tag","embeddable":true,"href":"https:\/\/linitiative.ca\/International\/wp-json\/wp\/v2\/tags?post=103065"}],"curies":[{"name":"wp","href":"https:\/\/api.w.org\/{rel}","templated":true}]}}