{"id":103067,"date":"2020-10-28T09:29:57","date_gmt":"2020-10-28T13:29:57","guid":{"rendered":"https:\/\/linitiative.ca\/International\/lettre-ouverte-au-president-alpha-conde\/"},"modified":"2020-10-28T09:29:57","modified_gmt":"2020-10-28T13:29:57","slug":"lettre-ouverte-au-president-alpha-conde","status":"publish","type":"post","link":"https:\/\/linitiative.ca\/International\/lettre-ouverte-au-president-alpha-conde\/","title":{"rendered":"LETTRE OUVERTE AU PRESIDENT ALPHA CONDE"},"content":{"rendered":"<div class=\"stream-item stream-item-above-post-content\">\n<p><noscript><\/p>\n<p><a href=\"\/\/www3.smartadserver.com\/ac?jump=1&amp;nwid=2136&amp;siteid=240610&amp;pgname=rg&amp;fmtid=49046&amp;visit=m&amp;tmstp=[timestamp]&amp;out=nonrich\" target=\"_blank\" rel=\"noopener noreferrer\"><img decoding=\"async\" src=\"http:\/\/www3.smartadserver.com\/ac?out=nonrich&amp;nwid=2136&amp;siteid=240610&amp;pgname=rg&amp;fmtid=49046&amp;visit=m&amp;tmstp=[timestamp]\" border=\"0\" alt=\"\"\/><\/a><\/p>\n<p><\/noscript><\/div>\n<p class=\"c3\"><em>Monsieur le Pr\u00e9sident, vous venez d\u2019\u00eatre d\u00e9clar\u00e9 vainqueur de la pr\u00e9sidentielle du 18 octobre dernier, avec pr\u00e8s de 60% des suffrages, si l\u2019on en croit du moins la CENI (Commission \u00e9lectorale nationale ind\u00e9pendante) de Guin\u00e9e. Un score largement confortable puisqu\u2019il vous permet d\u2019\u00eatre proclam\u00e9 vainqueur d\u00e8s le premier tour. Je me serais empress\u00e9 de vous adresser mes vives f\u00e9licitations si votre pays, la Guin\u00e9e, avait la vertu d\u00e9mocratique ancr\u00e9e en elle, \u00e0 l\u2019instar d\u2019un pays for\u00e7ant l\u2019admiration et le respect comme le Ghana o\u00f9 le processus \u00e9lectoral a toujours \u00e9t\u00e9 conduit de bout en bout avec s\u00e9rieux, rigueur et respect de tous les candidats. Chose qui ne surprend gu\u00e8re. Car, tr\u00e8s soucieux de son image et de sa respectabilit\u00e9, le Ghana comme bien d\u2019autres rares pays du continent noir, ne s\u2019amuse pas avec ses institutions\u00a0! Fortes et cr\u00e9dibles, elles le sont\u00a0! Et c\u2019est le moins que l\u2019on puisse en dire\u00a0! Et c\u2019est pourquoi celles auxquelles est confi\u00e9e l\u2019organisation des \u00e9lections, ne peuvent invariablement que livrer, in fine, un travail propre et sans bavures,\u00a0c\u2019est-\u00e0-dire des r\u00e9sultats qui ne souffrent pas la moindre contestation et qui \u00a0sont, ce faisant, accept\u00e9s de tous les candidats. Peut-on en dire de m\u00eame pour les institutions en Guin\u00e9e\u00a0? Rien n\u2019est moins s\u00fbr.\u00a0 Je me permets m\u00eame cette sentence : il ne faut pas r\u00eaver\u00a0!\u00a0 Dans un pays comme la Guin\u00e9e qui a toujours eu du mal \u00e0 se d\u00e9barrasser de ses haillons de Gondwana, o\u00f9 la barbarie politique l\u2019a toujours disput\u00e9 au vaudeville \u00e9lectoral, votre ascension au pouvoir, Monsieur le Pr\u00e9sident, n\u2019a malheureusement pas apport\u00e9 un grand changement aux vieilles mauvaises pratiques. Bien au contraire\u00a0: tout se passe comme si vous avez un malin plaisir \u00e0 profaner le terreau guin\u00e9en pour le triomphe de vos ambitions de patrimoinisation du pouvoir. En tout cas, \u00e0 en juger par la violente contestation qui a accompagn\u00e9 la proclamation de votre victoire, je ne suis pas loin de donner raison au pr\u00e9sident am\u00e9ricain, Donald Trump, quand il a eu la maladresse de qualifier nos pays africains de pays de m\u2026 Certes, il a exag\u00e9r\u00e9 en mettant tous les pays dans le m\u00eame sac.\u00a0 Mais si l\u2019on devait rapporter cette caricature au cas guin\u00e9en, je ne m\u2019offusquerais pas outre mesure. En tout \u00e9tat de cause, votre victoire ne convainc pas grand monde, mises \u00e0 part les organisations internationales comme la CEDEAO, l\u2019Union africaine qui, comme d\u2019habitude, n\u2019ont jamais rien pu constater de nature \u00e0 remettre en cause, \u00ab\u00a0la sinc\u00e9rit\u00e9 et la cr\u00e9dibilit\u00e9 du scrutin\u00a0\u00bb.\u00a0 Votre victoire a du mal \u00e0 passer d\u2019autant que depuis le lancement de votre fameuse id\u00e9e de r\u00e9vision constitutionnelle, tout le sc\u00e9nario \u00e9tait en marche pour que vous parveniez \u00e0 vos fins, c\u2019est-\u00e0-dire \u00e9trenner votre 3<sup>e<\/sup> mandat. Et c\u2019est peu de dire que vous n\u2019aurez pas l\u00e9sin\u00e9 sur les moyens\u00a0!<\/em><\/p>\n<p class=\"c3\"><em>\u00a0<\/em><\/p>\n<p class=\"c4\"><strong><em>Vous aviez plut\u00f4t un int\u00e9r\u00eat colossal dans l\u2019insinc\u00e9rit\u00e9 du vote<\/em><\/strong><\/p>\n<p class=\"c3\"><em>\u00a0<\/em><\/p>\n<p class=\"c3\"><em>Face au refus des r\u00e9sultats par une bonne partie du peuple de Guin\u00e9e, vous r\u00e9torquerez que c\u2019est encore la faute \u00e0 votre opposition qui ne sait rien faire de mieux que contester. Soit. Mais, qu\u2019avez-vous donn\u00e9 comme garanties et gages de transparence \u00e0 ce scrutin ?\u00a0 En tout cas, toutes les anomalies d\u00e9nonc\u00e9es \u00e7\u00e0 et l\u00e0, notamment par des commissaires de la CENI dont le premier vice-pr\u00e9sident, \u00e0 l\u2019occasion des compilations des voix, me font croire que vous aviez plut\u00f4t un int\u00e9r\u00eat colossal dans l\u2019insinc\u00e9rit\u00e9 du vote.\u00a0<\/em> <em>Mais, plus grave est le d\u00e9ferlement de violence cons\u00e9cutif \u00e0 la proclamation des r\u00e9sultats qui vous attribuent cette victoire par coup K.-O.\u00a0 Aujourd\u2019hui, la Guin\u00e9e br\u00fble et tout \u00e7a, \u00e0 cause de votre irr\u00e9pressible d\u00e9sir de 3<sup>e<\/sup> mandat. Que c\u2019est cher pay\u00e9, Monsieur le Pr\u00e9sident ! Le sang continue de couler et la comptabilit\u00e9 macabre ne cesse de s\u2019allonger ! Avez-vous encore le courage de vous regarder dans le miroir quand des vies humaines sont ainsi brutalement et b\u00eatement fauch\u00e9es par vos sicaires ?\u00a0 La Guin\u00e9e n\u2019a-t-elle pas suffisamment souffert ?\u00a0 A plus de quatre-vingt-deux ans r\u00e9volus, l\u2019on devrait plut\u00f4t avoir pour souci, l\u2019apr\u00e8s-vie, du moins quand on se dit croyant. Et j\u2019ose croire que vous l\u2019\u00eates, vous qui avez \u00e9t\u00e9 r\u00e9cemment en Terre-sainte\u2026<\/em> <em>Face \u00e0 la violence inou\u00efe qui continue de s\u2019abattre sur les manifestants, je m\u2019attendais au moins de votre part, \u00e0 une adresse \u00e0 la Nation.\u00a0 Un message qui aurait traduit un minimum de compassion \u00e0 l\u2019\u00e9gard des familles endeuill\u00e9es. Mais surtout une adresse dans laquelle vous auriez appel\u00e9 \u00e0 la fin du massacre sur vos enfants et petits-enfants, et mis en garde toute force de l\u2019ordre et de la s\u00e9curit\u00e9 qui viendrait encore \u00e0 faire usage de balles r\u00e9elles. Jusque-l\u00e0, vous \u00eates rest\u00e9 aphone.\u00a0 Comme si vous approuviez cette sanglante r\u00e9pression. Si, comme on le dit, le pouvoir r\u00e9v\u00e8le l\u2019homme, il aura mis \u00e0 nue, la face hideuse\u00a0de votre personnalit\u00e9 : un homme pr\u00eat \u00e0 dresser le b\u00fbcher contre son pays\u00a0; l\u2019essentiel, pour lui, \u00e9tant qu\u2019il puisse mourir au pouvoir et s\u2019offrir des fun\u00e9railles nationales. Et c\u2019est bien dommage, Monsieur le Pr\u00e9sident.\u00a0 Vous que toute l\u2019Afrique tenait en estime\u00a0!\u00a0\u00a0 Vous dont la phrase avait fait date quand vous d\u00e9clariez qu\u2019il fallait aider les chefs d\u2019Etat accroch\u00e9s \u00e0 leur fauteuil, \u00e0 partir en leur m\u00e9nageant une porte de sortie.\u00a0\u00a0 Ce principe, \u00e0 ce que je constate, ne doit pas s\u2019appliquer \u00e0 vous puisque de d\u00e9part, il n\u2019en est pas encore question ! Assur\u00e9ment, avec tous ces macchab\u00e9es qui vont bient\u00f4t hanter vos nuits,\u00a0 votre triomphe \u00e9lectoral est une victoire \u00e0 la Pyrrhus.<\/em><\/p>\n<p class=\"c3\"><em>\u00a0<\/em><\/p>\n<p class=\"c4\"><strong><em>Par Cheick Beldh\u2019or SIGUE<\/em><\/strong><\/p>\n<p class=\"c4\"><strong><em>\u00a0<\/em><\/strong><\/p>\n<p>Auteur: Le Pays<br \/>\n<a href=\"http:\/\/lepays.bf\/lettre-ouverte-au-president-alpha-conde\/\">Cliquez ici pour lire l&rsquo;article depuis sa source.<\/a><\/p>\n","protected":false},"excerpt":{"rendered":"<p>Monsieur le Pr\u00e9sident, vous venez d\u2019\u00eatre d\u00e9clar\u00e9 vainqueur de la pr\u00e9sidentielle du 18 octobre dernier, avec pr\u00e8s de 60% des suffrages, si l\u2019on en croit du moins la CENI (Commission \u00e9lectorale nationale ind\u00e9pendante) de Guin\u00e9e. Un score largement confortable puisqu\u2019il vous permet d\u2019\u00eatre proclam\u00e9 vainqueur d\u00e8s le premier tour. Je me serais empress\u00e9 de vous [&hellip;]<\/p>\n","protected":false},"author":1813,"featured_media":0,"comment_status":"closed","ping_status":"closed","sticky":false,"template":"","format":"standard","meta":{"fifu_image_url":"","fifu_image_alt":"","footnotes":""},"categories":[73,81],"tags":[],"class_list":["post-103067","post","type-post","status-publish","format-standard","hentry","category-actualite","category-burkina-faso"],"_links":{"self":[{"href":"https:\/\/linitiative.ca\/International\/wp-json\/wp\/v2\/posts\/103067","targetHints":{"allow":["GET"]}}],"collection":[{"href":"https:\/\/linitiative.ca\/International\/wp-json\/wp\/v2\/posts"}],"about":[{"href":"https:\/\/linitiative.ca\/International\/wp-json\/wp\/v2\/types\/post"}],"author":[{"embeddable":true,"href":"https:\/\/linitiative.ca\/International\/wp-json\/wp\/v2\/users\/1813"}],"replies":[{"embeddable":true,"href":"https:\/\/linitiative.ca\/International\/wp-json\/wp\/v2\/comments?post=103067"}],"version-history":[{"count":0,"href":"https:\/\/linitiative.ca\/International\/wp-json\/wp\/v2\/posts\/103067\/revisions"}],"wp:attachment":[{"href":"https:\/\/linitiative.ca\/International\/wp-json\/wp\/v2\/media?parent=103067"}],"wp:term":[{"taxonomy":"category","embeddable":true,"href":"https:\/\/linitiative.ca\/International\/wp-json\/wp\/v2\/categories?post=103067"},{"taxonomy":"post_tag","embeddable":true,"href":"https:\/\/linitiative.ca\/International\/wp-json\/wp\/v2\/tags?post=103067"}],"curies":[{"name":"wp","href":"https:\/\/api.w.org\/{rel}","templated":true}]}}