{"id":103077,"date":"2020-10-28T15:18:03","date_gmt":"2020-10-28T19:18:03","guid":{"rendered":"https:\/\/linitiative.ca\/International\/presidentielle-ivoirienne-fatou-bensouda-preoccupee-par-les-violences-preelectorales-appelle-a-la-retenue\/"},"modified":"2020-10-28T15:18:03","modified_gmt":"2020-10-28T19:18:03","slug":"presidentielle-ivoirienne-fatou-bensouda-preoccupee-par-les-violences-preelectorales-appelle-a-la-retenue","status":"publish","type":"post","link":"https:\/\/linitiative.ca\/International\/presidentielle-ivoirienne-fatou-bensouda-preoccupee-par-les-violences-preelectorales-appelle-a-la-retenue\/","title":{"rendered":"Pr\u00e9sidentielle ivoirienne: Fatou Bensouda \u00abpr\u00e9occup\u00e9e\u00bb par les violences pr\u00e9\u00e9lectorales appelle \u00e0 la retenue"},"content":{"rendered":"<div readability=\"32\">\n<p>Publi\u00e9 le 28.10.2020 \u00e0 20h18 par APA News<\/p>\n<\/div>\n<div readability=\"66\">\n<p>La procureure de la Cour p\u00e9nale internationale (CPI), Fatou Bensouda qui s\u2019est dite pr\u00e9occup\u00e9e par les all\u00e9gations de violences inter-communautaires en C\u00f4te d\u2019Ivoire ayant caus\u00e9 des morts, a appel\u00e9 les acteurs politiques ivoiriens \u00e0 la retenue, indique une d\u00e9claration transmise mercredi \u00e0 APA.\u00ab Je suis profond\u00e9ment pr\u00e9occup\u00e9e par les rapports publics et les informations re\u00e7ues par mon Bureau, faisant \u00e9tat d\u2019une recrudescence de violences graves depuis plusieurs jours dans des villes de la C\u00f4te d\u2019Ivoire. Je d\u00e9plore particuli\u00e8rement les all\u00e9gations de violences intercommunautaires qui auraient caus\u00e9 la mort de plusieurs personnes, des bless\u00e9s\u2026 \u00bb, a regrett\u00e9 Mme Bensouda appelant au calme et \u00e0 la retenue.<\/p>\n<p>\u00a0\u00ab Toute personne qui commet, ordonne, incite, encourage ou contribue de toute autre mani\u00e8re \u00e0 la commission de crimes vis\u00e9s par le Statut de Rome est passible de poursuites devant les tribunaux de la C\u00f4te d\u2019Ivoire ou devant la CPI\u00bb, a pr\u00e9venu la procureure, \u00a0estimant que les violences connues en C\u00f4te d\u2019Ivoire lors de la premi\u00e8re crise pr\u00e9-\u00e9lectorale de 2010 ne doivent pas se r\u00e9p\u00e9ter.\u00a0<\/p>\n<p>\u00ab Je tiens \u00e0 rappeler que nos enqu\u00eates ouvertes en C\u00f4te d\u2019Ivoire depuis octobre 2011 se poursuivent et que mon Bureau continue de suivre de pr\u00e8s la situation sur toute l\u2019\u00e9tendue du territoire ivoirien\u00bb, a conclu Mme Bensouda.<\/p>\n<p>\u00a0La C\u00f4te d\u2019Ivoire est secou\u00e9e depuis plusieurs semaines par des \u00a0violences pr\u00e9-\u00e9lectorales qui ont fait plusieurs morts et de nombreux d\u00e9g\u00e2ts mat\u00e9riels. L\u2019opposition ivoirienne a appel\u00e9 ses militants \u00e0 la d\u00e9sob\u00e9issance civile et au boycott du scrutin pr\u00e9sidentiel de samedi prochain, estimant que la candidature du pr\u00e9sident Alassane Ouattara est ill\u00e9gale.\u00a0<\/p>\n<p>Quatre candidats \u00e0 savoir Alassane Ouattara (Pouvoir), Henri Konan B\u00e9di\u00e9 et Pascal Affi N\u2019Guessan ( Opposition) et Kouadio Konan Bertin ( Ind\u00e9pendant) sont en lice pour cette \u00e9lection.\u00a0<\/p>\n<\/div>\n<p>Auteur: APA News<br \/>\n<a href=\"https:\/\/www.journalducameroun.com\/presidentielle-ivoirienne-fatou-bensouda-preoccupee-par-les-violences-preelectorales-appelle-a-la-retenue\/\">Cliquez ici pour lire l&rsquo;article depuis sa source.<\/a><\/p>\n","protected":false},"excerpt":{"rendered":"<p>Publi\u00e9 le 28.10.2020 \u00e0 20h18 par APA News La procureure de la Cour p\u00e9nale internationale (CPI), Fatou Bensouda qui s\u2019est dite pr\u00e9occup\u00e9e par les all\u00e9gations de violences inter-communautaires en C\u00f4te d\u2019Ivoire ayant caus\u00e9 des morts, a appel\u00e9 les acteurs politiques ivoiriens \u00e0 la retenue, indique une d\u00e9claration transmise mercredi \u00e0 APA.\u00ab Je suis profond\u00e9ment pr\u00e9occup\u00e9e [&hellip;]<\/p>\n","protected":false},"author":1965,"featured_media":0,"comment_status":"closed","ping_status":"closed","sticky":false,"template":"","format":"standard","meta":{"fifu_image_url":"","fifu_image_alt":"","footnotes":""},"categories":[73,82],"tags":[],"class_list":["post-103077","post","type-post","status-publish","format-standard","hentry","category-actualite","category-cameroun"],"_links":{"self":[{"href":"https:\/\/linitiative.ca\/International\/wp-json\/wp\/v2\/posts\/103077","targetHints":{"allow":["GET"]}}],"collection":[{"href":"https:\/\/linitiative.ca\/International\/wp-json\/wp\/v2\/posts"}],"about":[{"href":"https:\/\/linitiative.ca\/International\/wp-json\/wp\/v2\/types\/post"}],"author":[{"embeddable":true,"href":"https:\/\/linitiative.ca\/International\/wp-json\/wp\/v2\/users\/1965"}],"replies":[{"embeddable":true,"href":"https:\/\/linitiative.ca\/International\/wp-json\/wp\/v2\/comments?post=103077"}],"version-history":[{"count":0,"href":"https:\/\/linitiative.ca\/International\/wp-json\/wp\/v2\/posts\/103077\/revisions"}],"wp:attachment":[{"href":"https:\/\/linitiative.ca\/International\/wp-json\/wp\/v2\/media?parent=103077"}],"wp:term":[{"taxonomy":"category","embeddable":true,"href":"https:\/\/linitiative.ca\/International\/wp-json\/wp\/v2\/categories?post=103077"},{"taxonomy":"post_tag","embeddable":true,"href":"https:\/\/linitiative.ca\/International\/wp-json\/wp\/v2\/tags?post=103077"}],"curies":[{"name":"wp","href":"https:\/\/api.w.org\/{rel}","templated":true}]}}