{"id":103079,"date":"2020-10-28T17:18:04","date_gmt":"2020-10-28T21:18:04","guid":{"rendered":"https:\/\/linitiative.ca\/International\/macky-sall-limoge-son-gouvernement-et-dautres-personnalites\/"},"modified":"2020-10-28T17:18:04","modified_gmt":"2020-10-28T21:18:04","slug":"macky-sall-limoge-son-gouvernement-et-dautres-personnalites","status":"publish","type":"post","link":"https:\/\/linitiative.ca\/International\/macky-sall-limoge-son-gouvernement-et-dautres-personnalites\/","title":{"rendered":"Macky Sall limoge son gouvernement et d\u2019autres personnalit\u00e9s"},"content":{"rendered":"<div readability=\"32\">\n<p>Publi\u00e9 le 28.10.2020 \u00e0 22h18 par APA News<\/p>\n<\/div>\n<div readability=\"70\">\n<p>Le pr\u00e9sident Macky Sall a mis fin mercredi 28 octobre aux fonctions de plusieurs de ses collaborateurs, vingt mois apr\u00e8s sa r\u00e9\u00e9lection \u00e0 la t\u00eate du S\u00e9n\u00e9gal.Le remaniement gouvernemental qui \u00e9tait annonc\u00e9 depuis plusieurs mois vient d\u2019\u00eatre officialis\u00e9. Suite \u00e0 la signature de quatre d\u00e9crets ce jour, le chef de l\u2019Etat s\u00e9n\u00e9galais a mis fin aux fonctions des ministres et secr\u00e9taires d\u2019Etat, membres du gouvernement.\u00a0<\/p>\n<p>La surprise porte toutefois sur le limogeage de la Pr\u00e9sidente du Conseil \u00e9conomique social et environnemental (Cese), en la personne de l\u2019ancienne Premier ministre Aminata Tour\u00e9.\u00a0<\/p>\n<p>Le secr\u00e9taire g\u00e9n\u00e9ral de la pr\u00e9sidence de la R\u00e9publique et le secr\u00e9taire g\u00e9n\u00e9ral du gouvernement, en l\u2019occurrence l\u2019ex-Premier ministre Mahammed Boun Abdallah Dionne et Maxime Jean Simon Ndiaye, sont \u00e9galement licenci\u00e9s par Macky Sall.\u00a0<\/p>\n<p>\u00ab Le pr\u00e9sident de la R\u00e9publique r\u00e9it\u00e8re ses remerciements \u00e0 la Pr\u00e9sidente du Conseil \u00e9conomique social et environnemental, au ministre d\u2019Etat, secr\u00e9taire g\u00e9n\u00e9ral de la pr\u00e9sidence de la R\u00e9publique, secr\u00e9taire g\u00e9n\u00e9ral du gouvernement, aux ministres et secr\u00e9taires d\u2019Etat sortants, pour leur collaboration au service de la R\u00e9publique \u00bb, selon le communiqu\u00e9 parvenu mercredi soir \u00e0 APA et sign\u00e9 par le porte-parole de la pr\u00e9sidence de la R\u00e9publique, Abdou Latif Coulibaly.<\/p>\n<p>\u00ab En attendant la mise en place d\u2019un nouveau gouvernement, les ministres et secr\u00e9taires d\u2019Etat sortants sont charg\u00e9s d\u2019exp\u00e9dier les affaires courantes \u00bb, ajoute le document.<\/p>\n<p>Par ailleurs, le poste de Premier ministre n\u2019existe plus au S\u00e9n\u00e9gal suite \u00e0 une r\u00e9forme controvers\u00e9e voulue par le pr\u00e9sident d\u00e8s le d\u00e9but de son second mandat. Elle \u00e9tait promulgu\u00e9e en mai 2019 et renfor\u00e7ait le caract\u00e8re pr\u00e9sidentiel du r\u00e9gime s\u00e9n\u00e9galais.<\/p>\n<\/div>\n<p>Auteur: APA News<br \/>\n<a href=\"https:\/\/www.journalducameroun.com\/macky-sall-limoge-son-gouvernement-et-dautres-personnalites\/\">Cliquez ici pour lire l&rsquo;article depuis sa source.<\/a><\/p>\n","protected":false},"excerpt":{"rendered":"<p>Publi\u00e9 le 28.10.2020 \u00e0 22h18 par APA News Le pr\u00e9sident Macky Sall a mis fin mercredi 28 octobre aux fonctions de plusieurs de ses collaborateurs, vingt mois apr\u00e8s sa r\u00e9\u00e9lection \u00e0 la t\u00eate du S\u00e9n\u00e9gal.Le remaniement gouvernemental qui \u00e9tait annonc\u00e9 depuis plusieurs mois vient d\u2019\u00eatre officialis\u00e9. Suite \u00e0 la signature de quatre d\u00e9crets ce jour, [&hellip;]<\/p>\n","protected":false},"author":1965,"featured_media":0,"comment_status":"closed","ping_status":"closed","sticky":false,"template":"","format":"standard","meta":{"fifu_image_url":"","fifu_image_alt":"","footnotes":""},"categories":[73,82],"tags":[],"class_list":["post-103079","post","type-post","status-publish","format-standard","hentry","category-actualite","category-cameroun"],"_links":{"self":[{"href":"https:\/\/linitiative.ca\/International\/wp-json\/wp\/v2\/posts\/103079","targetHints":{"allow":["GET"]}}],"collection":[{"href":"https:\/\/linitiative.ca\/International\/wp-json\/wp\/v2\/posts"}],"about":[{"href":"https:\/\/linitiative.ca\/International\/wp-json\/wp\/v2\/types\/post"}],"author":[{"embeddable":true,"href":"https:\/\/linitiative.ca\/International\/wp-json\/wp\/v2\/users\/1965"}],"replies":[{"embeddable":true,"href":"https:\/\/linitiative.ca\/International\/wp-json\/wp\/v2\/comments?post=103079"}],"version-history":[{"count":0,"href":"https:\/\/linitiative.ca\/International\/wp-json\/wp\/v2\/posts\/103079\/revisions"}],"wp:attachment":[{"href":"https:\/\/linitiative.ca\/International\/wp-json\/wp\/v2\/media?parent=103079"}],"wp:term":[{"taxonomy":"category","embeddable":true,"href":"https:\/\/linitiative.ca\/International\/wp-json\/wp\/v2\/categories?post=103079"},{"taxonomy":"post_tag","embeddable":true,"href":"https:\/\/linitiative.ca\/International\/wp-json\/wp\/v2\/tags?post=103079"}],"curies":[{"name":"wp","href":"https:\/\/api.w.org\/{rel}","templated":true}]}}