{"id":103081,"date":"2020-10-28T18:03:55","date_gmt":"2020-10-28T22:03:55","guid":{"rendered":"https:\/\/linitiative.ca\/International\/le-senegal-se-dote-dune-plateforme-de-tele-declaration-des-activites-minieres\/"},"modified":"2020-10-28T18:03:55","modified_gmt":"2020-10-28T22:03:55","slug":"le-senegal-se-dote-dune-plateforme-de-tele-declaration-des-activites-minieres","status":"publish","type":"post","link":"https:\/\/linitiative.ca\/International\/le-senegal-se-dote-dune-plateforme-de-tele-declaration-des-activites-minieres\/","title":{"rendered":"Le S\u00e9n\u00e9gal se dote d\u2019une plateforme de t\u00e9l\u00e9-d\u00e9claration des activit\u00e9s mini\u00e8res"},"content":{"rendered":"<div readability=\"32\">\n<p>Publi\u00e9 le 28.10.2020 \u00e0 23h18 par APA News<\/p>\n<\/div>\n<div readability=\"111\">\n<p>Cet toutil de recensement des activit\u00e9s mini\u00e8res devrait permettre aux populations et aux acteurs du milieu de savoir, \u00ab au quotidien \u00bb, les diff\u00e9rentes op\u00e9rations en cours dans le secteur des mines.Le S\u00e9n\u00e9gal fait un pas de plus pour la gestion transparente des ressources mini\u00e8res et min\u00e9rales. En effet, le pays vient de se doter d\u2019une plateforme num\u00e9rique o\u00f9 seront publi\u00e9s tous les contrats liant l\u2019Etat du S\u00e9n\u00e9gal et les industries extractives. De m\u00eame, toutes les transactions financi\u00e8res, les recettes fiscales, les imp\u00f4ts\u2026qui seront per\u00e7ues par les services des diff\u00e9rents minist\u00e8res y seront partag\u00e9s.\u00a0<\/p>\n<p>\u00ab Chaque ann\u00e9e, nous publions un rapport o\u00f9 il y a tout ce que les industries publient comme ressources qui vont vers l\u2019\u00c9tat \u00a0et ce que ce dernier re\u00e7oit exactement. Cela nous permet de faire une conciliation pour voir si ce que les industries donnent, c\u2019est ce que l\u2019\u00c9tat re\u00e7oit. Et jusqu\u2019\u00e0 pr\u00e9sent, on s\u2019est rendu compte que \u00e7a se passait tr\u00e8s bien. Mais \u00e7a se fait annuellement \u00bb, a expliqu\u00e9 la Pr\u00e9sidente du Comit\u00e9 National de l\u2019Initiative pour la Transparence dans les Industries Extractives (CNITIE), Professeur Awa Marie Coll-Seck.\u00a0<\/p>\n<p>\u00ab Avec la T\u00e9l\u00e9-d\u00e9claration, ce travail va se faire au jour le jour \u00bb, poursuit Mme Seck, pr\u00e9cisant que \u00ab si (par exemple) une industrie nouvelle ou ancienne met un avenant sur un contrat, cela est imm\u00e9diatement mis sur la plateforme \u00bb afin de permettre aux uns et aux autres d\u2019\u00eatre sur le m\u00eame niveau d\u2019information.\u00a0<\/p>\n<p>L\u2019ancienne Directrice ex\u00e9cutive du Partenariat Roll Back Malaria s\u2019exprimait \u00e0 l\u2019occasion d\u2019un atelier de formation des journalistes portant sur \u00ab Lecture, suivi et compr\u00e9hension des obligations contractuelles et leurs implications \u00bb pour les entreprises extractives.<\/p>\n<p>H\u00e9berg\u00e9e par le minist\u00e8re des Finances, la plateforme de t\u00e9l\u00e9-d\u00e9claration devrait par ailleurs permettre un recensement imm\u00e9diat de toute taxe pay\u00e9e au niveau des services fiscaux au lieu d\u2019attendre un an ou plusieurs mois pour que cela soit fait.<\/p>\n<p>\u00ab L\u2019avenir pour nous est de permettre aux populations et \u00e0 tout le monde de pouvoir savoir ce qui se passe dans le secteur au jour le jour au lieu d\u2019attendre un rapport annuel \u00bb, a martel\u00e9 l\u2019ancienne ministre de la Sant\u00e9.\u00a0<\/p>\n<p>A en croire Professeur Awa Marie Coll-Seck, la plateforme, qui se veut plus tard interactive, est d\u00e9j\u00e0 op\u00e9rationnelle et elle a montr\u00e9 son efficacit\u00e9. Elle en veut pour preuve le fait que le rapport ITIE 2019, qui sera rendu public \u00e0 la fin de l\u2019ann\u00e9e, prend en charge des donn\u00e9es qui y sont publi\u00e9es.\u00a0<\/p>\n<p>La norme ITIE 2019 stipule que les pays mettant en \u0153uvre l\u2019Initiative pour la Transparence dans les Industries Extractives sont tenus, \u00e0 compter du 1er janvier 2021, de divulguer tous les contrats et licences qui sont octroy\u00e9s, conclus ou modifi\u00e9s. En outre, les pays sont encourag\u00e9s \u00e0 divulguer publiquement tous les contrats et licences qui fixent les conditions d\u2019exploitation du p\u00e9trole, du gaz et des min\u00e9raux. \u00a0\u00a0<\/p>\n<p>\u00ab Nous avons commenc\u00e9 \u00e0 publier les contrats bien avant la mise en \u0153uvre de l\u2019exigence. Cette derni\u00e8re est fix\u00e9e pour 2021, mais d\u00e9j\u00e0 au niveau du S\u00e9n\u00e9gal, les contrats ont \u00e9t\u00e9 pratiquement tous publi\u00e9s et mis sur le site, soit de l\u2019entreprise ou de l\u2019ITIE, ou des minist\u00e8res concern\u00e9s \u00bb, a indiqu\u00e9 la pr\u00e9sidente du CNITIE.\u00a0<\/p>\n<p>Partant de ce constat, elle estime que le S\u00e9n\u00e9gal \u00ab est sur une voie qui nous permettra de mettre en \u0153uvre, sans probl\u00e8me, cette exigence\u00a0\u00bb<\/p>\n<\/div>\n<p>Auteur: APA News<br \/>\n<a href=\"https:\/\/www.journalducameroun.com\/le-senegal-se-dote-dune-plateforme-de-tele-declaration-des-activites-minieres\/\">Cliquez ici pour lire l&rsquo;article depuis sa source.<\/a><\/p>\n","protected":false},"excerpt":{"rendered":"<p>Publi\u00e9 le 28.10.2020 \u00e0 23h18 par APA News Cet toutil de recensement des activit\u00e9s mini\u00e8res devrait permettre aux populations et aux acteurs du milieu de savoir, \u00ab au quotidien \u00bb, les diff\u00e9rentes op\u00e9rations en cours dans le secteur des mines.Le S\u00e9n\u00e9gal fait un pas de plus pour la gestion transparente des ressources mini\u00e8res et min\u00e9rales. [&hellip;]<\/p>\n","protected":false},"author":1965,"featured_media":0,"comment_status":"closed","ping_status":"closed","sticky":false,"template":"","format":"standard","meta":{"fifu_image_url":"","fifu_image_alt":"","footnotes":""},"categories":[73,82],"tags":[],"class_list":["post-103081","post","type-post","status-publish","format-standard","hentry","category-actualite","category-cameroun"],"_links":{"self":[{"href":"https:\/\/linitiative.ca\/International\/wp-json\/wp\/v2\/posts\/103081","targetHints":{"allow":["GET"]}}],"collection":[{"href":"https:\/\/linitiative.ca\/International\/wp-json\/wp\/v2\/posts"}],"about":[{"href":"https:\/\/linitiative.ca\/International\/wp-json\/wp\/v2\/types\/post"}],"author":[{"embeddable":true,"href":"https:\/\/linitiative.ca\/International\/wp-json\/wp\/v2\/users\/1965"}],"replies":[{"embeddable":true,"href":"https:\/\/linitiative.ca\/International\/wp-json\/wp\/v2\/comments?post=103081"}],"version-history":[{"count":0,"href":"https:\/\/linitiative.ca\/International\/wp-json\/wp\/v2\/posts\/103081\/revisions"}],"wp:attachment":[{"href":"https:\/\/linitiative.ca\/International\/wp-json\/wp\/v2\/media?parent=103081"}],"wp:term":[{"taxonomy":"category","embeddable":true,"href":"https:\/\/linitiative.ca\/International\/wp-json\/wp\/v2\/categories?post=103081"},{"taxonomy":"post_tag","embeddable":true,"href":"https:\/\/linitiative.ca\/International\/wp-json\/wp\/v2\/tags?post=103081"}],"curies":[{"name":"wp","href":"https:\/\/api.w.org\/{rel}","templated":true}]}}