{"id":103095,"date":"2020-10-29T11:25:22","date_gmt":"2020-10-29T15:25:22","guid":{"rendered":"https:\/\/linitiative.ca\/International\/mohamed-melehi-est-decede-mercredi-un-pionnier-de-lart-contemporain-emporte-par-la-covid-19\/"},"modified":"2020-10-29T11:25:22","modified_gmt":"2020-10-29T15:25:22","slug":"mohamed-melehi-est-decede-mercredi-un-pionnier-de-lart-contemporain-emporte-par-la-covid-19","status":"publish","type":"post","link":"https:\/\/linitiative.ca\/International\/mohamed-melehi-est-decede-mercredi-un-pionnier-de-lart-contemporain-emporte-par-la-covid-19\/","title":{"rendered":"Mohamed Melehi est d\u00e9c\u00e9d\u00e9 mercredi : Un pionnier de l\u2019art contemporain emport\u00e9 par la Covid-19"},"content":{"rendered":"<p><img decoding=\"async\" class=\"post_layout_5_img\" src=\"http:\/\/aujourdhui.ma\/wp-content\/uploads\/2019\/03\/Mohamed-Melehi-artiste-peintre.jpg\" alt=\"Mohamed Melehi est d&#xE9;c&#xE9;d&#xE9; mercredi : Un pionnier de l&#x2019;art contemporain emport&#xE9; par la Covid-19\"\/><\/p>\n<p class=\"v1MsoNormal\"><strong>Le Coronavirus s\u2019est empar\u00e9 de l\u2019\u00e2me de l\u2019artiste-peintre Mohamed Melihi. Admis r\u00e9cemment en r\u00e9animation intensive \u00e0 l\u2019H\u00f4pital Ambroise Par\u00e9 (pr\u00e8s de Paris), il a succomb\u00e9, mercredi, \u00e0 la Covid-19 apr\u00e8s l\u2019avoir contract\u00e9 lors d\u2019un s\u00e9jour dans une clinique parisienne pour y subir une intervention chirurgicale sp\u00e9cifique.<\/strong><span id=\"more-359186\"\/> Le destin en a voulu ainsi apr\u00e8s 84 ans pleins de vie et de passion pour l\u2019art. Une disparition qui a endeuill\u00e9 la sc\u00e8ne artistique. \u00ab\u00a0Le monde de l\u2019art est triste. Melehi nous a quitt\u00e9\u00a0\u00bb, s\u2019exprime le pr\u00e9sident de la fondation nationale des mus\u00e9es, Mehdi Qotbi, sur sa page officielle Facebook \u00e0 propos de la disparition de l\u2019artiste n\u00e9 en 1936 \u00e0 Asilah.\u00a0\u00abUne grande perte, profonde tristesse\u00bb, indique, de son c\u00f4t\u00e9, le designer marocain, Hicham Lahlou, sur son compte officiel\u00a0en consid\u00e9rant le regrett\u00e9 comme \u00abpionnier\u00bb.<\/p>\n<p class=\"v1MsoNormal\">En tant que chef de file de la modernit\u00e9 marocaine et artiste cosmopolite, Mohamed Melihi a, \u00e0 travers son \u0153uvre, contribu\u00e9 \u00e0 fa\u00e7onner l\u2019esth\u00e9tique des r\u00e9seaux artistiques postcoloniaux et panarabes \u00e0 travers ses exp\u00e9rimentations g\u00e9om\u00e9triques, la r\u00e9volution culturelle op\u00e9r\u00e9e avec l\u2019\u00c9cole de Casablanca mais aussi son travail de photographe, \u00e9diteur, designer, affichiste et muraliste. Ses cr\u00e9ations artistiques ont fait l\u2019objet de nombreuses expositions dans le monde entier et plusieurs r\u00e9trospectives lui ont \u00e9t\u00e9 consacr\u00e9es.<\/p>\n<p class=\"v1MsoNormal\">Mieux encore, Mohamed Melihi s\u2019impose depuis quelques temps comme \u00e9tant le principal repr\u00e9sentant encore vivant, \u00e0 l\u2019international, de l\u2019art contemporain marocain. Consid\u00e9r\u00e9 comme l\u2019un des pionniers de l\u2019art moderne, Mohamed Melehi, \u00e9galement pr\u00e9sident de l\u2019Association Marocaine Des Arts Plastiques (AMAP), n\u2019a cess\u00e9 de militer dans le domaine culturel et associatif, aussi bien au Maroc qu\u2019\u00e0 l\u2019\u00e9tranger, pour d\u00e9fendre l\u2019Art Moderne au Royaume.<\/p>\n<p class=\"v1MsoNormal\">A lui seul, son art a pu se frayer un chemin au niveau mondial malgr\u00e9 la conjoncture difficile de la Covid. En avril dernier, une \u0153uvre du d\u00e9funt a \u00e9t\u00e9 adjug\u00e9e \u00e0 plus de 5 millions de dirhams. Un record qu\u2019il a battu aux ench\u00e8res de Sotheby\u2019s de Londres consacr\u00e9es \u00e0 l\u2019art moderne contemporain en Afrique et au Moyen-Orient. D\u2019une valeur entre 692.625 et 818\u2009557 dirhams, l\u2019\u0153uvre a \u00e9t\u00e9 acquise virtuellement \u00e0 5\u2009024\u2009683 dirhams. Parmi 71 \u0153uvres de 48 artistes mises aux ench\u00e8res, une \u0153uvre de Mohamed Melehi a remport\u00e9 les plus grosses ench\u00e8res de cette vente. Appel\u00e9e \u00ab\u2009The Blacks\u2009\u00bb, cette toile a \u00e9t\u00e9 r\u00e9alis\u00e9e en 1963 \u00e0 New York lorsque l\u2019artiste marocain r\u00e9sidait dans cette ville am\u00e9ricaine. Une \u0153uvre d\u2019une valeur ajout\u00e9e pour le palmar\u00e8s grandiose de l\u2019artiste d\u00e9funt.<\/p>\n<p>Auteur: ALM<br \/>\n<a href=\"https:\/\/aujourdhui.ma\/actualite\/mohamed-melehi-est-decede-mercredi-un-pionnier-de-lart-contemporain-emporte-par-la-covid-19\">Cliquez ici pour lire l&rsquo;article depuis sa source.<\/a><\/p>\n","protected":false},"excerpt":{"rendered":"<p>Le Coronavirus s\u2019est empar\u00e9 de l\u2019\u00e2me de l\u2019artiste-peintre Mohamed Melihi. Admis r\u00e9cemment en r\u00e9animation intensive \u00e0 l\u2019H\u00f4pital Ambroise Par\u00e9 (pr\u00e8s de Paris), il a succomb\u00e9, mercredi, \u00e0 la Covid-19 apr\u00e8s l\u2019avoir contract\u00e9 lors d\u2019un s\u00e9jour dans une clinique parisienne pour y subir une intervention chirurgicale sp\u00e9cifique. Le destin en a voulu ainsi apr\u00e8s 84 ans [&hellip;]<\/p>\n","protected":false},"author":1759,"featured_media":103096,"comment_status":"closed","ping_status":"closed","sticky":false,"template":"","format":"standard","meta":{"fifu_image_url":"","fifu_image_alt":"","footnotes":""},"categories":[73,54],"tags":[],"class_list":["post-103095","post","type-post","status-publish","format-standard","has-post-thumbnail","hentry","category-actualite","category-maroc"],"_links":{"self":[{"href":"https:\/\/linitiative.ca\/International\/wp-json\/wp\/v2\/posts\/103095","targetHints":{"allow":["GET"]}}],"collection":[{"href":"https:\/\/linitiative.ca\/International\/wp-json\/wp\/v2\/posts"}],"about":[{"href":"https:\/\/linitiative.ca\/International\/wp-json\/wp\/v2\/types\/post"}],"author":[{"embeddable":true,"href":"https:\/\/linitiative.ca\/International\/wp-json\/wp\/v2\/users\/1759"}],"replies":[{"embeddable":true,"href":"https:\/\/linitiative.ca\/International\/wp-json\/wp\/v2\/comments?post=103095"}],"version-history":[{"count":0,"href":"https:\/\/linitiative.ca\/International\/wp-json\/wp\/v2\/posts\/103095\/revisions"}],"wp:featuredmedia":[{"embeddable":true,"href":"https:\/\/linitiative.ca\/International\/wp-json\/"}],"wp:attachment":[{"href":"https:\/\/linitiative.ca\/International\/wp-json\/wp\/v2\/media?parent=103095"}],"wp:term":[{"taxonomy":"category","embeddable":true,"href":"https:\/\/linitiative.ca\/International\/wp-json\/wp\/v2\/categories?post=103095"},{"taxonomy":"post_tag","embeddable":true,"href":"https:\/\/linitiative.ca\/International\/wp-json\/wp\/v2\/tags?post=103095"}],"curies":[{"name":"wp","href":"https:\/\/api.w.org\/{rel}","templated":true}]}}