{"id":103111,"date":"2020-10-29T10:55:31","date_gmt":"2020-10-29T14:55:31","guid":{"rendered":"https:\/\/linitiative.ca\/International\/ghardaia-la-celebration-du-mawlid-ennabaoui-impactee-par-le-protocole-sanitaire\/"},"modified":"2020-10-29T10:55:31","modified_gmt":"2020-10-29T14:55:31","slug":"ghardaia-la-celebration-du-mawlid-ennabaoui-impactee-par-le-protocole-sanitaire","status":"publish","type":"post","link":"https:\/\/linitiative.ca\/International\/ghardaia-la-celebration-du-mawlid-ennabaoui-impactee-par-le-protocole-sanitaire\/","title":{"rendered":"Gharda\u00efa : la c\u00e9l\u00e9bration du Mawlid Ennabaoui impact\u00e9e par le protocole sanitaire"},"content":{"rendered":"<div readability=\"35\">\n<p><strong>GHARDAIA- Devant la pand\u00e9mie du coronavirus qui frappe le monde, la c\u00e9l\u00e9bration du Mawlid-Ennabaoui (anniversaire de la naissance du Proph\u00e8te Mohamed +QSSL) a \u00e9t\u00e9 fortement impact\u00e9e dans la wilaya de Gharda\u00efa par le protocole sanitaire.<\/strong><\/p>\n<\/div>\n<div readability=\"116.04360257327\">\n<p>La c\u00e9l\u00e9bration du Mawlid a \u00e9t\u00e9 globalement r\u00e9duite \u00e0 des \u00ab\u00a0madayeh\u00a0\u00bb (chants religieux) enregistr\u00e9s et diffus\u00e9s par des mosqu\u00e9es durant toute la nuit.Pour c\u00e9l\u00e9brer la naissance du messager d\u2019Allah, Mohamed (QSSL), les habitants de la vall\u00e9e du M\u2019zab, de M\u00e9tlili, El-Menea, Guerrara et Berriane ont organis\u00e9, apr\u00e8s la pri\u00e8re du Maghreb et dans le strict respect du protocole de distanciation impos\u00e9 par la COVID-19, des chants religieux qui adoucissent les m\u0153urs et guident sur la bonne voie.<\/p>\n<p>Cette tradition ancestrale, qui se pratiquait \u00e0 travers les mosqu\u00e9es dans un climat de pi\u00e9t\u00e9, de ferveur et de recueillement, est perp\u00e9tu\u00e9e par des textes religieux chant\u00e9s collectivement et \u00e0 haute voix par les fid\u00e8les durant toute la nuit jusqu\u2019\u00e0 la pri\u00e8re de l\u2019aube (Sobh).<\/p>\n<p>Pour les Ghardaouis, cette f\u00eate religieuse est l&rsquo;occasion de veiller aux rythmes m\u00e9lodieux des chants \u00e9logieux sur le proph\u00e8te et la d\u00e9clamation de versets du Saint Coran, et de se rem\u00e9morer les hauts faits du Proph\u00e8te Mohamed (QSSL).<\/p>\n<blockquote readability=\"13\">\n<p><strong><em>Cette grande f\u00eate qui favorise l&rsquo;\u00e9change de visites entre proches et voisins dans une ambiance de convivialit\u00e9 et de g\u00e9n\u00e9rosit\u00e9 envers les n\u00e9cessiteux et les orphelins, tout en \u00e9duquant les enfants sur la vie du proph\u00e8te Mohamed (QSSL), est assombrie cette ann\u00e9e par les mesures et les r\u00e8gles visant \u00e0 endiguer la pand\u00e9mie de coronavirus, notamment le port obligatoire de masque et le respect de la distanciation physique, a indiqu\u00e9 \u00e0 l\u2019APS Hadj Mokhtar, notable du quartier de Hadj Messaoud.<\/em><\/strong><\/p>\n<\/blockquote>\n<p>Habituellement v\u00e9cu par la population dans la pure tradition ancestrale qui renforce l\u2019\u00e9ducation religieuse des enfants, la coh\u00e9sion sociale, la solidarit\u00e9, le partage et la g\u00e9n\u00e9rosit\u00e9, la population Ghardaouie dans toute sa diversit\u00e9 sociologique accueille cette fois le Mawlid dans une ambiance in\u00e9dite.<\/p>\n<hr\/>\n<h3 class=\"tagItemTitle\">Lire aussi:\u00a0<a href=\"http:\/\/www.aps.dz\/societe\/111999-mawlid-ennabaoui-a-tlemcen-les-enfants-en-tenues-traditionnelles-en-force-chez-les-photographes\">Mawlid \u00e0 Tlemcen: les enfants en tenues traditionnelles en force chez les photographes<\/a><\/h3>\n<hr\/>\n<p>Les habitudes des habitants ont connu cette ann\u00e9e un changement de programme et une forte r\u00e9duction des d\u00e9fil\u00e9s d\u2019enfants.Malgr\u00e9 l\u2019impact de la Covid-19 sur leur quotidien, les habitants du M\u2019zab expriment de diff\u00e9rentes mani\u00e8res, durant cet \u00e9v\u00e8nement, leur attachement aux traditions authentiques l\u00e9gu\u00e9es par les anc\u00eatres, a soulign\u00e9 Dr. Ahmed Nouh, notable de B\u00e9ni-Isguen.<\/p>\n<blockquote readability=\"10\">\n<p><strong><em>\u00ab\u00a0Nous avons tenu \u00e0 organiser de mani\u00e8re r\u00e9duite \u00e0 chaque quartier, le protocole de distanciation oblige, la rituelle procession religieuse organis\u00e9e par les habitants du Ksar de B\u00e9ni-Isguen \u00e0 l&rsquo;occasion de c\u00e9l\u00e9bration du Mawlid Ennaboui, a-t-il fait savoir.<\/em><\/strong><\/p>\n<\/blockquote>\n<p>Cette procession riche en couleurs, en symboles et en sonorit\u00e9s, qui perp\u00e9tue un rite ancestral dans la r\u00e9gion, ou chaque ann\u00e9e un d\u00e9fil\u00e9 se d\u00e9roule \u00e0 la lumi\u00e8re tamis\u00e9e de torches fonctionnant \u00e0 l\u2019huile, connues localement sous l\u2019appellation de \u00ab\u00a0Inar\u00e8ne\u00a0\u00bb, accompagn\u00e9 de chants glorifiant le Sceau des proph\u00e8tes et \u00e9gay\u00e9 par les enfants en tenue traditionnelle.<\/p>\n<p>\u00ab\u00a0On essaye de maintenir cette tradition ancestrale dans le Ksar de B\u00e9ni-isguen pour permettre aux g\u00e9n\u00e9rations futures de la perp\u00e9tuer\u00a0\u00bb, a soulign\u00e9 M.Nouh, pr\u00e9cisant que cette ann\u00e9e elle s\u2019est effectu\u00e9 par quartier pour limiter le nombre de participants \u00e0 la procession.<\/p>\n<p>Cette procession est marqu\u00e9e dans la r\u00e9gion de Guerrara par une tradition originale appel\u00e9e \u00ab\u00a0Adoual\u00a0\u00bb (le retour) ou les nouveaux mari\u00e9s revivent une nouvelle soir\u00e9e de noce dans leurs costumes traditionnels et dans un climat festif restreint uniquement aux membres de la famille.<\/p>\n<p>La femme nouvellement mari\u00e9e sera invit\u00e9e quelques jours avant le Mawlid chez ses parents avant de revenir chez son mari dans la m\u00eame tenue traditionnel de mariage, aux sons du t\u2019bal entrecoup\u00e9s de youyous stridents de proches, a fait savoir Hadj Kacem de Guerrara.<\/p>\n<p>Bien que les festivit\u00e9s marquant l\u2019anniversaire du proph\u00e8te (QSSL) connaissent un certain modernisme avec l\u2019apparition d\u2019artifices, p\u00e9tards et autres produits pyrotechniques, elles restent, cependant, marqu\u00e9es par des traditions qui perdurent jusqu\u2019\u00e0 aujourd\u2019hui, \u00e0 travers notamment le regroupement familial et l\u2019entraide.<\/p>\n<\/div>\n<p>Auteur:<br \/>\n<a href=\"http:\/\/www.aps.dz\/regions\/112036-ghardaia-la-celebration-du-mawlid-ennabaoui-impactee-par-le-protocole-sanitaire\">Cliquez ici pour lire l&rsquo;article depuis sa source.<\/a><\/p>\n","protected":false},"excerpt":{"rendered":"<p>GHARDAIA- Devant la pand\u00e9mie du coronavirus qui frappe le monde, la c\u00e9l\u00e9bration du Mawlid-Ennabaoui (anniversaire de la naissance du Proph\u00e8te Mohamed +QSSL) a \u00e9t\u00e9 fortement impact\u00e9e dans la wilaya de Gharda\u00efa par le protocole sanitaire. La c\u00e9l\u00e9bration du Mawlid a \u00e9t\u00e9 globalement r\u00e9duite \u00e0 des \u00ab\u00a0madayeh\u00a0\u00bb (chants religieux) enregistr\u00e9s et diffus\u00e9s par des mosqu\u00e9es durant [&hellip;]<\/p>\n","protected":false},"author":1790,"featured_media":0,"comment_status":"closed","ping_status":"closed","sticky":false,"template":"","format":"standard","meta":{"fifu_image_url":"","fifu_image_alt":"","footnotes":""},"categories":[53,76],"tags":[],"class_list":["post-103111","post","type-post","status-publish","format-standard","hentry","category-algerie","category-regions"],"_links":{"self":[{"href":"https:\/\/linitiative.ca\/International\/wp-json\/wp\/v2\/posts\/103111","targetHints":{"allow":["GET"]}}],"collection":[{"href":"https:\/\/linitiative.ca\/International\/wp-json\/wp\/v2\/posts"}],"about":[{"href":"https:\/\/linitiative.ca\/International\/wp-json\/wp\/v2\/types\/post"}],"author":[{"embeddable":true,"href":"https:\/\/linitiative.ca\/International\/wp-json\/wp\/v2\/users\/1790"}],"replies":[{"embeddable":true,"href":"https:\/\/linitiative.ca\/International\/wp-json\/wp\/v2\/comments?post=103111"}],"version-history":[{"count":0,"href":"https:\/\/linitiative.ca\/International\/wp-json\/wp\/v2\/posts\/103111\/revisions"}],"wp:attachment":[{"href":"https:\/\/linitiative.ca\/International\/wp-json\/wp\/v2\/media?parent=103111"}],"wp:term":[{"taxonomy":"category","embeddable":true,"href":"https:\/\/linitiative.ca\/International\/wp-json\/wp\/v2\/categories?post=103111"},{"taxonomy":"post_tag","embeddable":true,"href":"https:\/\/linitiative.ca\/International\/wp-json\/wp\/v2\/tags?post=103111"}],"curies":[{"name":"wp","href":"https:\/\/api.w.org\/{rel}","templated":true}]}}