{"id":103119,"date":"2020-10-29T12:10:25","date_gmt":"2020-10-29T16:10:25","guid":{"rendered":"https:\/\/linitiative.ca\/International\/celebration-du-premier-sacre-continental-de-la-rsb-2\/"},"modified":"2020-10-29T12:10:25","modified_gmt":"2020-10-29T16:10:25","slug":"celebration-du-premier-sacre-continental-de-la-rsb-2","status":"publish","type":"post","link":"https:\/\/linitiative.ca\/International\/celebration-du-premier-sacre-continental-de-la-rsb-2\/","title":{"rendered":"C\u00e9l\u00e9bration du premier sacre continental de la RSB"},"content":{"rendered":"<p><iframe loading=\"lazy\" width=\"1170\" height=\"658\" src=\"https:\/\/www.youtube.com\/embed\/PmYjzJdvLQQ?feature=oembed\" frameborder=\"0\" allow=\"accelerometer; autoplay; clipboard-write; encrypted-media; gyroscope; picture-in-picture\" allowfullscreen=\"\">[embedded content]<\/iframe><\/p>\n<div class=\"post-header-inner\">\n<div class=\"post-header-title\">\n<p>\n\t\t\t\t<span class=\"time\"><time class=\"post-published updated\" datetime=\"2020-10-29T17:10:25+00:00\"><b><b> 29 octobre 2020 <\/b> <\/b><\/time><\/span>\n\t\t\t<\/p>\n<\/p><\/div>\n<\/p><\/div>\n<div class=\"single-post-excerpt post-excerpt-bc\" readability=\"37\">\n<p>L\u2019Agropole de Berkane a accueilli, mardi, une c\u00e9r\u00e9monie \u00e0 l\u2019honneur de la Renaissance sportive de Berkane (RSB), \u00e0 l\u2019occasion de sa cons\u00e9cration \u00e0 la Coupe de la Conf\u00e9d\u00e9ration africaine de football (CAF).<\/p>\n<\/div>\n<p>Auteur: Soufiane ELAHMAR<br \/>\n<a href=\"http:\/\/www.mapoujda.ma\/fr\/celebration-du-premier-sacre-continental-de-la-rsb-2\/\">Cliquez ici pour lire l&rsquo;article depuis sa source.<\/a><\/p>\n","protected":false},"excerpt":{"rendered":"<p>[embedded content] 29 octobre 2020 L\u2019Agropole de Berkane a accueilli, mardi, une c\u00e9r\u00e9monie \u00e0 l\u2019honneur de la Renaissance sportive de Berkane (RSB), \u00e0 l\u2019occasion de sa cons\u00e9cration \u00e0 la Coupe de la Conf\u00e9d\u00e9ration africaine de football (CAF). Auteur: Soufiane ELAHMAR Cliquez ici pour lire l&rsquo;article depuis sa source.<\/p>\n","protected":false},"author":1788,"featured_media":0,"comment_status":"closed","ping_status":"closed","sticky":false,"template":"","format":"standard","meta":{"fifu_image_url":"","fifu_image_alt":"","footnotes":""},"categories":[54,76],"tags":[],"class_list":["post-103119","post","type-post","status-publish","format-standard","hentry","category-maroc","category-regions"],"_links":{"self":[{"href":"https:\/\/linitiative.ca\/International\/wp-json\/wp\/v2\/posts\/103119","targetHints":{"allow":["GET"]}}],"collection":[{"href":"https:\/\/linitiative.ca\/International\/wp-json\/wp\/v2\/posts"}],"about":[{"href":"https:\/\/linitiative.ca\/International\/wp-json\/wp\/v2\/types\/post"}],"author":[{"embeddable":true,"href":"https:\/\/linitiative.ca\/International\/wp-json\/wp\/v2\/users\/1788"}],"replies":[{"embeddable":true,"href":"https:\/\/linitiative.ca\/International\/wp-json\/wp\/v2\/comments?post=103119"}],"version-history":[{"count":0,"href":"https:\/\/linitiative.ca\/International\/wp-json\/wp\/v2\/posts\/103119\/revisions"}],"wp:attachment":[{"href":"https:\/\/linitiative.ca\/International\/wp-json\/wp\/v2\/media?parent=103119"}],"wp:term":[{"taxonomy":"category","embeddable":true,"href":"https:\/\/linitiative.ca\/International\/wp-json\/wp\/v2\/categories?post=103119"},{"taxonomy":"post_tag","embeddable":true,"href":"https:\/\/linitiative.ca\/International\/wp-json\/wp\/v2\/tags?post=103119"}],"curies":[{"name":"wp","href":"https:\/\/api.w.org\/{rel}","templated":true}]}}