{"id":103121,"date":"2020-10-29T14:53:26","date_gmt":"2020-10-29T18:53:26","guid":{"rendered":"https:\/\/linitiative.ca\/International\/iam-designe-top-performer-rse-pour-la-7e-fois\/"},"modified":"2020-10-29T14:53:26","modified_gmt":"2020-10-29T18:53:26","slug":"iam-designe-top-performer-rse-pour-la-7e-fois","status":"publish","type":"post","link":"https:\/\/linitiative.ca\/International\/iam-designe-top-performer-rse-pour-la-7e-fois\/","title":{"rendered":"IAM d\u00e9sign\u00e9 Top Performer RSE pour la 7e fois"},"content":{"rendered":"<div class=\"body\">\n<div class=\"field field-name-body field-type-text-with-summary field-label-hidden\">\n<div class=\"field-items\" readability=\"8.5\">\n<div class=\"field-item even\" property=\"content:encoded\" readability=\"12\">\n<p class=\"rtejustify\">Et de 7 pour Maroc Telecom. L\u2019op\u00e9rateur historique a \u00e9t\u00e9 consacr\u00e9 Top Performer RSE 2020 pour la septi\u00e8me fois cons\u00e9cutive par Vigeo-Eiris, l\u2019agence de notation extra-financi\u00e8re. Il obtient une note globale parmi les\u00a0 plus \u00e9lev\u00e9es des soci\u00e9t\u00e9s cot\u00e9es \u00e0 la Bourse de Casablanca. Trois crit\u00e8res sp\u00e9cifiques ont conduit \u00e0 cette cons\u00e9cration le \u00abRespect des droits humains fondamentaux et pr\u00e9vention de atteintes \u00e0 ces droits\u00bb, \u00abl\u2019Efficacit\u00e9 des dispositifs d\u2019audits et de contr\u00f4les internes\u00bb et le \u00abRespect de la libert\u00e9 syndicale et du droit de n\u00e9gociation collective\u00bb. IAM figure dans l\u2019Indice \u00abCasablanca ESG 10\u00bb depuis sa cr\u00e9ation.<br \/><em>M.A.B.<\/em><\/p>\n<\/div>\n<\/div>\n<\/div>\n<\/div>\n<div class=\"eco-conseil\">\n<div class=\"view view-eco-conseil-16 view-id-eco_conseil_16 view-display-id-cookies view-dom-id-eb049e3d7de7203db83829415b9d0a5d\">\n<div class=\"view-content\">\n<div id=\"views-bootstrap-grid-1\" class=\"views-bootstrap-grid-plugin-style\">\n<div class=\"row\">\n<div class=\" col-xs-12 col-lg-4\">\n<div class=\"row\">\n<div class=\"col col-xs-12 col-lg-12\">\n<div class=\"field-content\"><a href=\"\/article\/1068936-simplification-des-procedures\"><img loading=\"lazy\" decoding=\"async\" class=\"img-responsive\" typeof=\"foaf:Image\" src=\"https:\/\/www.leconomiste.com\/sites\/default\/files\/eco7\/public\/styles\/800x400\/public\/default_images\/default_une.jpg?itok=4jZlgnIZ\" width=\"660\" height=\"330\" alt=\"\"\/><\/a><\/div>\n<\/div>\n<div class=\" title_suite_2 col col-xs-12 col-lg-12\"> <a href=\"\/article\/1068936-simplification-des-procedures\"\/><span class=\"field-content\">Article 1068936<\/span><\/div>\n<\/div>\n<\/div>\n<div class=\" col-xs-12 col-lg-4\">\n<div class=\"row\">\n<div class=\"col col-xs-12 col-lg-12\">\n<div class=\"field-content\"><a href=\"\/article\/1068935-carrieres-de-sable-nouvelle-reunion-au-parlement\"><img loading=\"lazy\" decoding=\"async\" class=\"img-responsive\" typeof=\"foaf:Image\" src=\"https:\/\/www.leconomiste.com\/sites\/default\/files\/eco7\/public\/styles\/800x400\/public\/default_images\/default_une.jpg?itok=4jZlgnIZ\" width=\"660\" height=\"330\" alt=\"\"\/><\/a><\/div>\n<\/div>\n<div class=\" title_suite_2 col col-xs-12 col-lg-12\"> <a href=\"\/article\/1068935-carrieres-de-sable-nouvelle-reunion-au-parlement\"\/><span class=\"field-content\">Carri\u00e8res de sable: Nouvelle r\u00e9union au Parlement<\/span><\/div>\n<\/div>\n<\/div>\n<div class=\" col-xs-12 col-lg-4\">\n<div class=\"row\">\n<div class=\"col col-xs-12 col-lg-12\">\n<div class=\"field-content\"><a href=\"\/article\/1068934-les-eleves-ingenieurs-font-greve\"><img loading=\"lazy\" decoding=\"async\" class=\"img-responsive\" typeof=\"foaf:Image\" src=\"https:\/\/www.leconomiste.com\/sites\/default\/files\/eco7\/public\/styles\/800x400\/public\/default_images\/default_une.jpg?itok=4jZlgnIZ\" width=\"660\" height=\"330\" alt=\"\"\/><\/a><\/div>\n<\/div>\n<div class=\" title_suite_2 col col-xs-12 col-lg-12\"> <a href=\"\/article\/1068934-les-eleves-ingenieurs-font-greve\"\/><span class=\"field-content\">Les \u00e9l\u00e8ves ing\u00e9nieurs font gr\u00e8ve<\/span><\/div>\n<\/div>\n<\/div>\n<\/div>\n<\/div>\n<\/div>\n<\/div>\n<\/div>\n<p>Auteur: hlafriqi<br \/>\n<a href=\"https:\/\/www.leconomiste.com\/article\/1068933-iam-designe-top-performer-rse-pour-la-7e-fois\">Cliquez ici pour lire l&rsquo;article depuis sa source.<\/a><\/p>\n","protected":false},"excerpt":{"rendered":"<p>Et de 7 pour Maroc Telecom. L\u2019op\u00e9rateur historique a \u00e9t\u00e9 consacr\u00e9 Top Performer RSE 2020 pour la septi\u00e8me fois cons\u00e9cutive par Vigeo-Eiris, l\u2019agence de notation extra-financi\u00e8re. Il obtient une note globale parmi les\u00a0 plus \u00e9lev\u00e9es des soci\u00e9t\u00e9s cot\u00e9es \u00e0 la Bourse de Casablanca. Trois crit\u00e8res sp\u00e9cifiques ont conduit \u00e0 cette cons\u00e9cration le \u00abRespect des droits [&hellip;]<\/p>\n","protected":false},"author":1763,"featured_media":0,"comment_status":"closed","ping_status":"closed","sticky":false,"template":"","format":"standard","meta":{"fifu_image_url":"","fifu_image_alt":"","footnotes":""},"categories":[78,54],"tags":[],"class_list":["post-103121","post","type-post","status-publish","format-standard","hentry","category-economie","category-maroc"],"_links":{"self":[{"href":"https:\/\/linitiative.ca\/International\/wp-json\/wp\/v2\/posts\/103121","targetHints":{"allow":["GET"]}}],"collection":[{"href":"https:\/\/linitiative.ca\/International\/wp-json\/wp\/v2\/posts"}],"about":[{"href":"https:\/\/linitiative.ca\/International\/wp-json\/wp\/v2\/types\/post"}],"author":[{"embeddable":true,"href":"https:\/\/linitiative.ca\/International\/wp-json\/wp\/v2\/users\/1763"}],"replies":[{"embeddable":true,"href":"https:\/\/linitiative.ca\/International\/wp-json\/wp\/v2\/comments?post=103121"}],"version-history":[{"count":0,"href":"https:\/\/linitiative.ca\/International\/wp-json\/wp\/v2\/posts\/103121\/revisions"}],"wp:attachment":[{"href":"https:\/\/linitiative.ca\/International\/wp-json\/wp\/v2\/media?parent=103121"}],"wp:term":[{"taxonomy":"category","embeddable":true,"href":"https:\/\/linitiative.ca\/International\/wp-json\/wp\/v2\/categories?post=103121"},{"taxonomy":"post_tag","embeddable":true,"href":"https:\/\/linitiative.ca\/International\/wp-json\/wp\/v2\/tags?post=103121"}],"curies":[{"name":"wp","href":"https:\/\/api.w.org\/{rel}","templated":true}]}}