{"id":103122,"date":"2020-10-29T14:53:28","date_gmt":"2020-10-29T18:53:28","guid":{"rendered":"https:\/\/linitiative.ca\/International\/les-eleves-ingenieurs-font-greve\/"},"modified":"2020-10-29T14:53:28","modified_gmt":"2020-10-29T18:53:28","slug":"les-eleves-ingenieurs-font-greve","status":"publish","type":"post","link":"https:\/\/linitiative.ca\/International\/les-eleves-ingenieurs-font-greve\/","title":{"rendered":"Les \u00e9l\u00e8ves ing\u00e9nieurs font gr\u00e8ve"},"content":{"rendered":"<div class=\"author\" readability=\"5.6949152542373\"> Par <a href=\"\/content\/ahlam-nazih\"> Ahlam NAZIH<\/a> <a href=\"\/node\/\"> <\/a> | Edition N\u00b0:5873 Le 27\/10\/2020 | Partager <\/div>\n<div class=\"body\">\n<div class=\"field field-name-body field-type-text-with-summary field-label-hidden\">\n<div class=\"field-items\" readability=\"13\">\n<div class=\"field-item even\" property=\"content:encoded\" readability=\"21\">\n<p class=\"rtejustify\">Le tout en ligne, les \u00e9l\u00e8ves ing\u00e9nieurs n\u2019en veulent pas. La nature de leur formation comprenant une bonne part de technique et de pratique, ils pr\u00e9f\u00e8rent le pr\u00e9sentiel, ou au moins avoir le choix entre les deux modes d\u2019enseignement. R\u00e9futant le e-learning qu\u2019ils disent \u00abimpos\u00e9\u00bb par leurs \u00e9coles, parfois \u00absans r\u00e9el encadrement\u00bb, ils ont d\u00e9cid\u00e9 de faire gr\u00e8ve ces 27 et 28 octobre. Les \u00e9tudiants de six \u00e9coles y participent (INPT, EHTP, ENSEM, ENSIAS, ENSAM Rabat\u00a0 et ENSMR). D\u2019autres sont en n\u00e9gociation avec leurs \u00e9tablissements. Ils r\u00e9clament, aussi, l\u2019ouverture des internats toujours ferm\u00e9s.<br \/><em>A.Na<\/em><\/p>\n<\/div>\n<\/div>\n<\/div>\n<\/div>\n<div class=\"eco-conseil\">\n<div class=\"view view-eco-conseil-16 view-id-eco_conseil_16 view-display-id-cookies view-dom-id-fd2c83ed0049aaad7c2dfd7ab9651737\">\n<div class=\"view-content\">\n<div id=\"views-bootstrap-grid-1\" class=\"views-bootstrap-grid-plugin-style\">\n<div class=\"row\">\n<div class=\" col-xs-12 col-lg-4\">\n<div class=\"row\">\n<div class=\"col col-xs-12 col-lg-12\">\n<div class=\"field-content\"><a href=\"\/article\/1068936-simplification-des-procedures\"><img loading=\"lazy\" decoding=\"async\" class=\"img-responsive\" typeof=\"foaf:Image\" src=\"https:\/\/www.leconomiste.com\/sites\/default\/files\/eco7\/public\/styles\/800x400\/public\/default_images\/default_une.jpg?itok=4jZlgnIZ\" width=\"660\" height=\"330\" alt=\"\"\/><\/a><\/div>\n<\/div>\n<div class=\" title_suite_2 col col-xs-12 col-lg-12\"> <a href=\"\/article\/1068936-simplification-des-procedures\"\/><span class=\"field-content\">Article 1068936<\/span><\/div>\n<\/div>\n<\/div>\n<div class=\" col-xs-12 col-lg-4\">\n<div class=\"row\">\n<div class=\"col col-xs-12 col-lg-12\">\n<div class=\"field-content\"><a href=\"\/article\/1068935-carrieres-de-sable-nouvelle-reunion-au-parlement\"><img loading=\"lazy\" decoding=\"async\" class=\"img-responsive\" typeof=\"foaf:Image\" src=\"https:\/\/www.leconomiste.com\/sites\/default\/files\/eco7\/public\/styles\/800x400\/public\/default_images\/default_une.jpg?itok=4jZlgnIZ\" width=\"660\" height=\"330\" alt=\"\"\/><\/a><\/div>\n<\/div>\n<div class=\" title_suite_2 col col-xs-12 col-lg-12\"> <a href=\"\/article\/1068935-carrieres-de-sable-nouvelle-reunion-au-parlement\"\/><span class=\"field-content\">Carri\u00e8res de sable: Nouvelle r\u00e9union au Parlement<\/span><\/div>\n<\/div>\n<\/div>\n<div class=\" col-xs-12 col-lg-4\">\n<div class=\"row\">\n<div class=\"col col-xs-12 col-lg-12\">\n<div class=\"field-content\"><a href=\"\/article\/1068933-iam-designe-top-performer-rse-pour-la-7e-fois\"><img loading=\"lazy\" decoding=\"async\" class=\"img-responsive\" typeof=\"foaf:Image\" src=\"https:\/\/www.leconomiste.com\/sites\/default\/files\/eco7\/public\/styles\/800x400\/public\/default_images\/default_une.jpg?itok=4jZlgnIZ\" width=\"660\" height=\"330\" alt=\"\"\/><\/a><\/div>\n<\/div>\n<div class=\" title_suite_2 col col-xs-12 col-lg-12\"> <a href=\"\/article\/1068933-iam-designe-top-performer-rse-pour-la-7e-fois\"\/><span class=\"field-content\">IAM d\u00e9sign\u00e9 Top Performer RSE pour la 7e fois<\/span><\/div>\n<\/div>\n<\/div>\n<\/div>\n<\/div>\n<\/div>\n<\/div>\n<\/div>\n<p>Auteur: hlafriqi<br \/>\n<a href=\"https:\/\/www.leconomiste.com\/article\/1068934-les-eleves-ingenieurs-font-greve\">Cliquez ici pour lire l&rsquo;article depuis sa source.<\/a><\/p>\n","protected":false},"excerpt":{"rendered":"<p>Par Ahlam NAZIH | Edition N\u00b0:5873 Le 27\/10\/2020 | Partager Le tout en ligne, les \u00e9l\u00e8ves ing\u00e9nieurs n\u2019en veulent pas. La nature de leur formation comprenant une bonne part de technique et de pratique, ils pr\u00e9f\u00e8rent le pr\u00e9sentiel, ou au moins avoir le choix entre les deux modes d\u2019enseignement. R\u00e9futant le e-learning qu\u2019ils disent \u00abimpos\u00e9\u00bb [&hellip;]<\/p>\n","protected":false},"author":1763,"featured_media":0,"comment_status":"closed","ping_status":"closed","sticky":false,"template":"","format":"standard","meta":{"fifu_image_url":"","fifu_image_alt":"","footnotes":""},"categories":[78,54],"tags":[],"class_list":["post-103122","post","type-post","status-publish","format-standard","hentry","category-economie","category-maroc"],"_links":{"self":[{"href":"https:\/\/linitiative.ca\/International\/wp-json\/wp\/v2\/posts\/103122","targetHints":{"allow":["GET"]}}],"collection":[{"href":"https:\/\/linitiative.ca\/International\/wp-json\/wp\/v2\/posts"}],"about":[{"href":"https:\/\/linitiative.ca\/International\/wp-json\/wp\/v2\/types\/post"}],"author":[{"embeddable":true,"href":"https:\/\/linitiative.ca\/International\/wp-json\/wp\/v2\/users\/1763"}],"replies":[{"embeddable":true,"href":"https:\/\/linitiative.ca\/International\/wp-json\/wp\/v2\/comments?post=103122"}],"version-history":[{"count":0,"href":"https:\/\/linitiative.ca\/International\/wp-json\/wp\/v2\/posts\/103122\/revisions"}],"wp:attachment":[{"href":"https:\/\/linitiative.ca\/International\/wp-json\/wp\/v2\/media?parent=103122"}],"wp:term":[{"taxonomy":"category","embeddable":true,"href":"https:\/\/linitiative.ca\/International\/wp-json\/wp\/v2\/categories?post=103122"},{"taxonomy":"post_tag","embeddable":true,"href":"https:\/\/linitiative.ca\/International\/wp-json\/wp\/v2\/tags?post=103122"}],"curies":[{"name":"wp","href":"https:\/\/api.w.org\/{rel}","templated":true}]}}