{"id":103125,"date":"2020-10-29T07:14:30","date_gmt":"2020-10-29T11:14:30","guid":{"rendered":"https:\/\/linitiative.ca\/International\/les-derniers-souffles-de-lacropolium\/"},"modified":"2020-10-29T07:14:30","modified_gmt":"2020-10-29T11:14:30","slug":"les-derniers-souffles-de-lacropolium","status":"publish","type":"post","link":"https:\/\/linitiative.ca\/International\/les-derniers-souffles-de-lacropolium\/","title":{"rendered":"Les derniers souffles  de l\u2019Acropolium"},"content":{"rendered":"<p class=\"p1 c4\"><span class=\"c3\"><span class=\"s1 c2\"><strong>Le Temps &#8211;<span class=\"Apple-converted-space\">\u00a0<\/span><\/strong><\/span><\/span><\/p>\n<p class=\"p1 c4\"><span class=\"c3\"><span class=\"s1 c2\"><strong>Hamma HANACHI<\/strong><\/span><\/span><\/p>\n<p class=\"p2 c5\"><span class=\"c3\">Surpris, abasourdi, atterr\u00e9 d\u2019apprendre la fermeture d\u00e9finitive de l\u2019Acropolium, haut lieu culturel qui a fait les beaux jours et les d\u00e9licieuses soir\u00e9es de la zone de la banlieue nord et au-del\u00e0.<\/span><\/p>\n<p class=\"p2 c5\"><span class=\"c3\">L\u2019Acropolium, anciennement Cath\u00e9drale de Carthage, est un espace culturel, n\u00e9 en 1992 sur une<span class=\"Apple-converted-space\">\u00a0<\/span> id\u00e9e de son fondateur, Mustapha Okby,<span class=\"Apple-converted-space\">\u00a0<\/span> son statut est r\u00e9gi par une convention de partenariat avec le minist\u00e8re de la Culture.<span class=\"Apple-converted-space\">\u00a0<\/span> Situ\u00e9 sur la colline de Byrsa, avoisinant le mus\u00e9e, depuis sa cr\u00e9ation l\u2019espace a jou\u00e9 un r\u00f4le majeur dans la diffusion de la culture dans la zone touristique de Carthage-Sidi Bou Sa\u00efd. Citer les hauts faits artistiques, notamment musicaux, mentionner les c\u00e9l\u00e9brit\u00e9s qu\u2019y se sont produits requiert un gros volume et non pas une chronique. Les hauts responsables de la Culture, on imagine seraient fiers de citer l\u2019Acropolium comme exemple de r\u00e9ussite du concept partenariat public priv\u00e9 (PPP). Mais pour l\u2019instant, ils ferment cette institution pour raison de r\u00e9am\u00e9nagement. Les soucis des acteurs culturels (amuseurs des foyers) et des amateurs de culture, on en parlera plus tard dans des conditions meilleures.<\/span><\/p>\n<p class=\"p2 c5\"><span class=\"c3\">Ayant perdu le proc\u00e8s qui dure depuis 2009 et qui l\u2019opposait au minist\u00e8re de tutelle, le directeur des lieux, faute d\u2019avoir re\u00e7u de r\u00e9ponse \u00e0 ses nombreuses lettres envoy\u00e9es aux services concern\u00e9s, a adress\u00e9 une Lettre ouverte, intitul\u00e9e \u00abLes tenants et les aboutissants de la fermeture de l\u2019Acropolium\u00bb, dans laquelle, il met au clair, sans forcer le trait ni r\u00e9clamer quoi que ce soit<span class=\"Apple-converted-space\">\u00a0<\/span> les p\u00e9rip\u00e9ties affligeantes qu\u2019il a endur\u00e9es et les d\u00e9cisions incoh\u00e9rentes de l\u2019administration.<\/span><\/p>\n<p class=\"p2 c5\"><span class=\"c3\">Nous en citons une de ces d\u00e9cisions qui pr\u00eaterait \u00e0 rire pour ne pas temp\u00eater.<span class=\"Apple-converted-space\">\u00a0<\/span> Un accord d\u00fbment sign\u00e9 par les deux parties stipule le r\u00e8glement des redevances annuelles, \u00e0 chaque \u00e9ch\u00e9ance, le g\u00e9rant adresse le montant aux services du minist\u00e8re (preuves \u00e0 l\u2019appui) qui, on ne sait pour quelles raisons, rejetaient les paiements. Puis, le fil \u00e9tant rompu, le divorce consomm\u00e9 ; on ne sait pour quels autres motifs aussi cocasses que les premi\u00e8res, ces m\u00eames services exigent le r\u00e8glement des redevances cumul\u00e9es depuis le d\u00e9but du litige. Situation kafka\u00efenne qui en dit long sur la marche de notre administration. En somme, Nous, on pouvait sans difficult\u00e9, deviner l\u2019issue du proc\u00e8s, sachant que l\u2019un des protagonistes parle culture, vision du futur, \u00e9panouissement intellectuel de l\u2019individu, alors que l\u2019autre parle d\u2019articles du code civil.<\/span><\/p>\n<p class=\"p2 c5\"><span class=\"c3\">Dans cette lettre, M. Okby annonce donc la fermeture d\u00e9finitive de l\u2019Acropolium dont il tient les r\u00eanes depuis plus de 25 ans, \u00e0 la fin de l\u2019ann\u00e9e courante. Se posent plusieurs questions, aux premiers desquelles : quel sort le minist\u00e8re de la Culture r\u00e9serve \u00e0 la colline de Carthage. La r\u00e9ponse fournie est le r\u00e9am\u00e9nagement de ce site historique, quand \u00e0 la nouvelle configuration que prendrait ce site exceptionnel, le citoyen amateur d\u2019arch\u00e9ologie et de culture n\u2019en sait pas plus. Il a appris sans plus de d\u00e9tails que l\u2019Union Europ\u00e9enne a allou\u00e9 une enveloppe importante pour cet \u00abinattendu r\u00e9am\u00e9nagement\u00bb et que les responsables politiques, les sp\u00e9cialistes et autres experts tunisiens ont accept\u00e9 l\u2019offre. Y e\u00fbt-il une concertation, des discussions, etc. ? Ou bien, l\u2019Etat en manque flagrant de liquidit\u00e9s encaisse d\u2019abord et discute apr\u00e8s. Pallions au plus press\u00e9 (payer les salaires des personnels et contenter l\u2019opinion), tel semble \u00eatre la d\u00e9marche des d\u00e9cideurs.<\/span><\/p>\n<p class=\"p3 c6\"><span class=\"c3\"><strong>H.H.<\/strong><\/span><\/p>\n<p>Auteur: letemps1<br \/>\n<a href=\"http:\/\/www.letemps.com.tn\/article\/117832\/les-derniers-souffles-de-l%E2%80%99acropolium\">Cliquez ici pour lire l&rsquo;article depuis sa source.<\/a><\/p>\n","protected":false},"excerpt":{"rendered":"<p>Le Temps &#8211;\u00a0 Hamma HANACHI Surpris, abasourdi, atterr\u00e9 d\u2019apprendre la fermeture d\u00e9finitive de l\u2019Acropolium, haut lieu culturel qui a fait les beaux jours et les d\u00e9licieuses soir\u00e9es de la zone de la banlieue nord et au-del\u00e0. L\u2019Acropolium, anciennement Cath\u00e9drale de Carthage, est un espace culturel, n\u00e9 en 1992 sur une\u00a0 id\u00e9e de son fondateur, Mustapha [&hellip;]<\/p>\n","protected":false},"author":1773,"featured_media":0,"comment_status":"closed","ping_status":"closed","sticky":false,"template":"","format":"standard","meta":{"fifu_image_url":"","fifu_image_alt":"","footnotes":""},"categories":[73,55],"tags":[],"class_list":["post-103125","post","type-post","status-publish","format-standard","hentry","category-actualite","category-tunisie"],"_links":{"self":[{"href":"https:\/\/linitiative.ca\/International\/wp-json\/wp\/v2\/posts\/103125","targetHints":{"allow":["GET"]}}],"collection":[{"href":"https:\/\/linitiative.ca\/International\/wp-json\/wp\/v2\/posts"}],"about":[{"href":"https:\/\/linitiative.ca\/International\/wp-json\/wp\/v2\/types\/post"}],"author":[{"embeddable":true,"href":"https:\/\/linitiative.ca\/International\/wp-json\/wp\/v2\/users\/1773"}],"replies":[{"embeddable":true,"href":"https:\/\/linitiative.ca\/International\/wp-json\/wp\/v2\/comments?post=103125"}],"version-history":[{"count":0,"href":"https:\/\/linitiative.ca\/International\/wp-json\/wp\/v2\/posts\/103125\/revisions"}],"wp:attachment":[{"href":"https:\/\/linitiative.ca\/International\/wp-json\/wp\/v2\/media?parent=103125"}],"wp:term":[{"taxonomy":"category","embeddable":true,"href":"https:\/\/linitiative.ca\/International\/wp-json\/wp\/v2\/categories?post=103125"},{"taxonomy":"post_tag","embeddable":true,"href":"https:\/\/linitiative.ca\/International\/wp-json\/wp\/v2\/tags?post=103125"}],"curies":[{"name":"wp","href":"https:\/\/api.w.org\/{rel}","templated":true}]}}