{"id":103140,"date":"2020-10-29T05:54:04","date_gmt":"2020-10-29T09:54:04","guid":{"rendered":"https:\/\/linitiative.ca\/International\/miloud-bouadis-president-du-cnivr-ce-sont-des-prix-de-circonstance\/"},"modified":"2020-10-29T05:54:04","modified_gmt":"2020-10-29T09:54:04","slug":"miloud-bouadis-president-du-cnivr-ce-sont-des-prix-de-circonstance","status":"publish","type":"post","link":"https:\/\/linitiative.ca\/International\/miloud-bouadis-president-du-cnivr-ce-sont-des-prix-de-circonstance\/","title":{"rendered":"Miloud Bouadis, pr\u00e9sident du CNIVR : \u00abCe sont des prix de circonstance\u00bb"},"content":{"rendered":"<h4 class=\"title-14\"\/>\n<p class=\"p3\"><span class=\"s2\">\u00ab<em>La hausse des prix est de circonstance. Elle est due \u00e0 la hausse de la demande en cette p\u00e9riode de f\u00eates. Les prix vont revenir \u00e0 la normale dans un laps de 3 \u00e0 4 jours.\u00bb<\/em><\/span><\/p>\n<p class=\"p3\"><span class=\"s2\">C\u2019est par ces mots que Miloud Bouadis, pr\u00e9sident du Conseil national interprofessionnel des viandes rouges, a expliqu\u00e9 la hausse des prix de la viande rouge sur le march\u00e9 de d\u00e9tail.<\/span><\/p>\n<p class=\"p3\"><span class=\"s2\">Selon notre interlocuteur, cette hausse n\u2019est pas en relation avec la disponibilit\u00e9 de ce produit ni d\u2019une augmentation des frais de la production ou de l\u2019\u00e9levage. \u00ab<em>La production de viande rouge est consid\u00e9rable. Nous avons une production de l\u2019an pass\u00e9 qui n\u2019a pas \u00e9t\u00e9 \u00e9coul\u00e9e sur le march\u00e9. J\u2019entends par production, l\u2019investissement fait dans l\u2019\u00e9levage.<\/em><\/span><\/p>\n<p class=\"p3\"><span class=\"s2\"><em>La fermeture des march\u00e9s de b\u00e9tails durant le confinement et durant la p\u00e9riode de l\u2019A\u00efd El Adha en est la premi\u00e8re cause. S\u2019ajoute \u00e0 cela l\u2019autorisation d\u2019importation de viande fra\u00eeche au grand dam de la production nationale\u00bb,<\/em> souligne-t-il.<\/span><\/p>\n<p class=\"p3\"><span class=\"s2\">Pour lui, pour que cette disponibilit\u00e9 influe sur les prix, il est imp\u00e9ratif de r\u00e9glementer la marge de b\u00e9n\u00e9fice des diff\u00e9rents intervenants dans la cha\u00eene de distribution de la viande rouge.<\/span><\/p>\n<p class=\"p3\"><span class=\"s2\">Les maquignons et les chevillards, principaux maillons de la cha\u00eene de distribution de la viande, continuent de se sucrer et d\u2019imposer leurs prix. Les diff\u00e9rentes crises, notamment sanitaire, n\u2019ont pas influ\u00e9 sur le travail de ces intervenants.<\/span><\/p>\n<p class=\"p3\"><span class=\"s2\">R\u00e9guler le march\u00e9, d\u00e9finir une marge de b\u00e9n\u00e9fices, limiter l\u2019importation et encourager les \u00e9leveurs par des mesures incitatives seraient la panac\u00e9e \u00e0 cette fluctuation des prix sur le march\u00e9 de d\u00e9tail.\u00a0<\/span><\/p>\n<p><span class=\"post-views-label\">Post Views:<\/span> <span class=\"post-views-count\">289<\/span><\/p>\n<div class=\"ichhar-moneytagnative c6\" id=\"ichhar-1230125070\">\n<p>Advertisements<\/p>\n<\/div>\n<p><br class=\"c2\"\/><br class=\"c7\"\/><\/p>\n<p>Auteur: Anis Khecheba<br \/>\n<a href=\"https:\/\/www.elwatan.com\/edition\/actualite\/ce-sont-des-prix-de-circonstance-29-10-2020\">Cliquez ici pour lire l&rsquo;article depuis sa source.<\/a><\/p>\n","protected":false},"excerpt":{"rendered":"<p>\u00abLa hausse des prix est de circonstance. Elle est due \u00e0 la hausse de la demande en cette p\u00e9riode de f\u00eates. Les prix vont revenir \u00e0 la normale dans un laps de 3 \u00e0 4 jours.\u00bb C\u2019est par ces mots que Miloud Bouadis, pr\u00e9sident du Conseil national interprofessionnel des viandes rouges, a expliqu\u00e9 la hausse [&hellip;]<\/p>\n","protected":false},"author":1743,"featured_media":0,"comment_status":"closed","ping_status":"closed","sticky":false,"template":"","format":"standard","meta":{"fifu_image_url":"","fifu_image_alt":"","footnotes":""},"categories":[73,53],"tags":[],"class_list":["post-103140","post","type-post","status-publish","format-standard","hentry","category-actualite","category-algerie"],"_links":{"self":[{"href":"https:\/\/linitiative.ca\/International\/wp-json\/wp\/v2\/posts\/103140","targetHints":{"allow":["GET"]}}],"collection":[{"href":"https:\/\/linitiative.ca\/International\/wp-json\/wp\/v2\/posts"}],"about":[{"href":"https:\/\/linitiative.ca\/International\/wp-json\/wp\/v2\/types\/post"}],"author":[{"embeddable":true,"href":"https:\/\/linitiative.ca\/International\/wp-json\/wp\/v2\/users\/1743"}],"replies":[{"embeddable":true,"href":"https:\/\/linitiative.ca\/International\/wp-json\/wp\/v2\/comments?post=103140"}],"version-history":[{"count":0,"href":"https:\/\/linitiative.ca\/International\/wp-json\/wp\/v2\/posts\/103140\/revisions"}],"wp:attachment":[{"href":"https:\/\/linitiative.ca\/International\/wp-json\/wp\/v2\/media?parent=103140"}],"wp:term":[{"taxonomy":"category","embeddable":true,"href":"https:\/\/linitiative.ca\/International\/wp-json\/wp\/v2\/categories?post=103140"},{"taxonomy":"post_tag","embeddable":true,"href":"https:\/\/linitiative.ca\/International\/wp-json\/wp\/v2\/tags?post=103140"}],"curies":[{"name":"wp","href":"https:\/\/api.w.org\/{rel}","templated":true}]}}