{"id":103142,"date":"2020-10-29T05:58:50","date_gmt":"2020-10-29T09:58:50","guid":{"rendered":"https:\/\/linitiative.ca\/International\/risque-de-flambee-de-cas-de-covid-19-dans-les-prochains-jours-les-membres-du-conseil-scientifique-appellent-a-la-prudence\/"},"modified":"2020-10-29T05:58:50","modified_gmt":"2020-10-29T09:58:50","slug":"risque-de-flambee-de-cas-de-covid-19-dans-les-prochains-jours-les-membres-du-conseil-scientifique-appellent-a-la-prudence","status":"publish","type":"post","link":"https:\/\/linitiative.ca\/International\/risque-de-flambee-de-cas-de-covid-19-dans-les-prochains-jours-les-membres-du-conseil-scientifique-appellent-a-la-prudence\/","title":{"rendered":"Risque de flamb\u00e9e de cas de Covid-19 dans les prochains jours : Les membres du conseil scientifique appellent \u00e0 la prudence"},"content":{"rendered":"<h4 class=\"title-14\"\/>\n<div class=\"featured_image\"><img loading=\"lazy\" decoding=\"async\" width=\"1500\" height=\"1038\" src=\"https:\/\/www.elwatan.com\/wp-content\/uploads\/2020\/10\/ecole-b.-souhil.jpg\" class=\"attachment-post-thumbnail size-post-thumbnail wp-post-image\" alt=\"\" srcset=\"https:\/\/www.elwatan.com\/wp-content\/uploads\/2020\/10\/ecole-b.-souhil.jpg 1500w, https:\/\/www.elwatan.com\/wp-content\/uploads\/2020\/10\/ecole-b.-souhil-300x208.jpg 300w, https:\/\/www.elwatan.com\/wp-content\/uploads\/2020\/10\/ecole-b.-souhil-768x531.jpg 768w, https:\/\/www.elwatan.com\/wp-content\/uploads\/2020\/10\/ecole-b.-souhil-1024x709.jpg 1024w, https:\/\/www.elwatan.com\/wp-content\/uploads\/2020\/10\/ecole-b.-souhil-1320x913.jpg 1320w\" sizes=\"auto, (max-width: 1500px) 100vw, 1500px\"\/><\/div>\n<p class=\"p3\"><span class=\"s2\"><strong>Afin d\u2019anticiper la saturation des \u00e9tablissements de sant\u00e9 publique, dont certains affichent d\u00e9j\u00e0 complet vu la vitesse de contamination\u00a0par le Sars-CoV-2, des membres du conseil scientifique de suivi de l\u2019\u00e9volution de la pand\u00e9mie appellent \u00e0 plus de vigilance et au respect\u00a0strict des mesures barri\u00e8res. Ils n\u2019\u00e9cartent pas un reconfinement territorial si les contaminations augmentent dans les prochains jours.<\/strong><\/span><\/p>\n<p class=\"p3\"><span class=\"s2\"><strong>L<\/strong><\/span><span class=\"s1\">\u2019augmentation du nombre de cas d\u2019infections de Covid-19 ces derni\u00e8res semaines, co\u00efncidant avec la reprise progressive des activit\u00e9s socio\u00e9conomiques, inqui\u00e8tent s\u00e9rieusement les membres du comit\u00e9 scientifique \u00e0 la veille du r\u00e9f\u00e9rendum, la rentr\u00e9e scolaire des paliers moyens et secondaires pr\u00e9vue pour le 4 novembre, l\u2019ouverture de toutes les mosqu\u00e9es deux jours apr\u00e8s et la rentr\u00e9e universitaire.<\/span><\/p>\n<p class=\"p3\"><span class=\"s1\"><em>\u00abLe risque de voir l\u2019\u00e9pid\u00e9mie red\u00e9marrer de nouveau n\u2019est pas \u00e0 sous-estimer. Il faut savoir que tant qu\u2019 il y a interaction sociale, que ce soit familiale, dans les entreprises ou des regroupements ailleurs avec un rel\u00e2chement des mesures barri\u00e8res, le virus va se red\u00e9ployer \u00e0 une vitesse sup\u00e9rieure. Il est actuellement en forte activit\u00e9 avec une contamination tr\u00e8s rapide.<\/em><\/span><\/p>\n<p class=\"p3\"><span class=\"s1\"><em>Les sp\u00e9cialistes ne cessent de le r\u00e9p\u00e9ter. Il est essentiel d\u2019anticiper pour mieux g\u00e9rer les lits et soulager les soignants\u00bb,<\/em> met en garde le D<sup>r<\/sup> Abdelkrim Touahria, pr\u00e9sident du Conseil de l\u2019Ordre des pharmaciens et membre du comit\u00e9 scientifique. Et de d\u00e9plorer : <em>\u00abOn n\u2019a pas assez pris au s\u00e9rieux l\u2019importance des mesures de pr\u00e9vention et les gestes barri\u00e8res.\u00bb<\/em><\/span><\/p>\n<p class=\"p3\"><span class=\"s1\">Selon lui, les protocoles sanitaires valid\u00e9s par le conseil scientifique ont \u00e9t\u00e9 effectivement mis en place \u00e0 diff\u00e9rentes niveaux mais \u00ab<em>faudrait-il que les recommandations soient vigoureusement respect\u00e9es, notamment dans les espaces publics<\/em>\u00bb, a-t-il indiqu\u00e9. Et de signaler qu\u2019il en est de m\u00eame dans les \u00e9coles, les universit\u00e9s et les entreprises nationales, o\u00f9 les moyens de pr\u00e9vention viennent \u00e0 manquer.<\/span><\/p>\n<p class=\"p3\"><span class=\"s1\">\u00ab<em>Ce n\u2019est pas toutes les \u00e9coles qui disposent de l\u2019eau ou du gel hydroalcoolique ainsi que certains espaces du service public<\/em>\u00bb, a-t-il soulign\u00e9. Et d\u2019appeler <em>\u00abau renforcement de ces mesures de protection et les moyens de pr\u00e9vention si l\u2019on veut \u00e9viter le d\u00e9bordement des h\u00f4pitaux, surtout en cette p\u00e9riode o\u00f9 de nombreux virus respiratoires circulent, notamment celui de la grippe saisonni\u00e8re\u00bb<\/em>. Pour lui, il faut veiller \u00e0 l\u2019application des protocoles sanitaires \u00e0 travers des campagnes de sensibilisation envers la population et expliquer l\u2019importance de chaque mesure.<\/span><\/p>\n<p class=\"p3\"><span class=\"s1\">Comme il est important, a-t-il ajout\u00e9, d\u2019insister sur la prise en charge des patients test\u00e9s positifs, appliquer rigoureusement les directives nationales quant \u00e0 la recherche des cas contacts et pr\u00e9coniser leur confinement.<\/span><\/p>\n<p class=\"p3\"><span class=\"s1\">\u00ab<em>Dans le cas o\u00f9 la hausse de cas gagne d\u2019autres wilayas, nous serons dans l\u2019obligation de revenir \u00e0 un confinement partiel et au durcissement des mesures sanitaires, voire m\u00eame \u00e0 reporter la rentr\u00e9e des coll\u00e9giens, des lyc\u00e9ens et des universitaires<\/em>\u00bb, a-t-il indiqu\u00e9, et de souligner que \u00ab<em>cela pourrait aussi \u00eatre valable pour certaines activit\u00e9s en favorisant le t\u00e9l\u00e9travail<\/em>\u00bb.<\/span><\/p>\n<p class=\"p3\"><span class=\"s1\">Pour le D<sup>r<\/sup> Mohamed Bekkat Berkani, pr\u00e9sident de l\u2019Ordre des m\u00e9decins et membre du conseil scientifique, il y a <em>\u00abune augmentation significative du nombre de cas diagnostiqu\u00e9s et non diagnostiqu\u00e9s\u00bb.<\/em> Une situation induite, selon lui, par \u00e0 un rel\u00e2chement total vis-\u00e0-vis des gestes barri\u00e8res lors des \u00e9v\u00e9nements occasionnels, tels que les mariages, les regroupements familiaux.<\/span><\/p>\n<p class=\"p3\"><span class=\"s1\">\u00ab<em>Il faut \u00e9viter ces rencontres et ces repas familiaux qui regroupent plusieurs familles \u00e0 la fois et favorisent les contaminations<\/em>\u00bb, a-t-il conseill\u00e9, en faisant r\u00e9f\u00e9rence \u00e0 la c\u00e9l\u00e9bration du Mawlid Ennabaoui.<\/span><\/p>\n<p class=\"p3\"><span class=\"s1\">Il appelle au respect des protocoles sanitaires \u00ab<em>pour \u00e9viter le pire<\/em>\u00bb en affirmant que \u00ab<em>l\u2019\u00e9pid\u00e9mie reste une menace pour le pays<\/em>\u00bb. il n\u2019\u00e9carte pas \u00ab<em>de proposer le retour au reconfinement territorial et \u00e0 la prise de dispositions conservatoires si la situation \u00e9pid\u00e9miologique prend d\u2019autres proportions et selon les \u00e9tudes \u00e9pid\u00e9miologiques faites sur le terrain<\/em>\u00bb, a-t-il dit.<\/span><\/p>\n<p class=\"p3\"><span class=\"s1\">Le D<sup>r<\/sup> Djamel Fourar, porte-parole du comit\u00e9 scientifique et directeur g\u00e9n\u00e9ral de la pr\u00e9vention au minist\u00e8re de la Sant\u00e9, estime que \u00ab<em>si les protocoles sanitaires valid\u00e9s par le conseil scientifique mis en place par les diff\u00e9rends services sont vigoureusement appliqu\u00e9s, cela r\u00e9duirait consid\u00e9rablement le risque de conna\u00eetre une hausse des infections\u00bb<\/em>, tout en appelant la population \u00e0 faire preuve de plus de vigilance et de prudence et d\u2019appliquer de fa\u00e7on stricte toutes les mesures sanitaires.<\/span><\/p>\n<p class=\"p3\"><span class=\"s1\">A la question relative au d\u00e9veloppement des foyers \u00e9pid\u00e9miques enregistr\u00e9s dans certains wilayas et un \u00e9ventuel confinement de ces localit\u00e9s, le D<sup>r<\/sup> Fourar signale que \u00ab<em>les services d\u2019\u00e9pid\u00e9miologie du secteur sanitaire de ces localit\u00e9s, notamment Jijel, B\u00e9ja\u00efa, Alger et Batna effectuent syst\u00e9matiquement les enqu\u00eates \u00e9pid\u00e9miologiques \u00e0 la recherche des cas contacts afin d\u2019\u00e9viter la propagation du virus. Maintenant, si la situation conna\u00eet une \u00e9volution inqui\u00e9tante, les walis peuvent d\u00e9cider d\u2019un confinement local\u00bb<\/em>.<\/span><\/p>\n<p><span class=\"post-views-label\">Post Views:<\/span> <span class=\"post-views-count\">3\u00a0390<\/span><\/p>\n<div class=\"ichhar-moneytagnative c6\" id=\"ichhar-256969919\">\n<p>Advertisements<\/p>\n<\/div>\n<p><br class=\"c2\"\/><br class=\"c7\"\/><\/p>\n<p>Auteur: Anis Khecheba<br \/>\n<a href=\"https:\/\/www.elwatan.com\/edition\/actualite\/les-membres-du-conseil-scientifique-appellent-a-la-prudence-29-10-2020\">Cliquez ici pour lire l&rsquo;article depuis sa source.<\/a><\/p>\n","protected":false},"excerpt":{"rendered":"<p>Afin d\u2019anticiper la saturation des \u00e9tablissements de sant\u00e9 publique, dont certains affichent d\u00e9j\u00e0 complet vu la vitesse de contamination\u00a0par le Sars-CoV-2, des membres du conseil scientifique de suivi de l\u2019\u00e9volution de la pand\u00e9mie appellent \u00e0 plus de vigilance et au respect\u00a0strict des mesures barri\u00e8res. Ils n\u2019\u00e9cartent pas un reconfinement territorial si les contaminations augmentent dans [&hellip;]<\/p>\n","protected":false},"author":1743,"featured_media":103143,"comment_status":"closed","ping_status":"closed","sticky":false,"template":"","format":"standard","meta":{"fifu_image_url":"","fifu_image_alt":"","footnotes":""},"categories":[73,53],"tags":[],"class_list":["post-103142","post","type-post","status-publish","format-standard","has-post-thumbnail","hentry","category-actualite","category-algerie"],"_links":{"self":[{"href":"https:\/\/linitiative.ca\/International\/wp-json\/wp\/v2\/posts\/103142","targetHints":{"allow":["GET"]}}],"collection":[{"href":"https:\/\/linitiative.ca\/International\/wp-json\/wp\/v2\/posts"}],"about":[{"href":"https:\/\/linitiative.ca\/International\/wp-json\/wp\/v2\/types\/post"}],"author":[{"embeddable":true,"href":"https:\/\/linitiative.ca\/International\/wp-json\/wp\/v2\/users\/1743"}],"replies":[{"embeddable":true,"href":"https:\/\/linitiative.ca\/International\/wp-json\/wp\/v2\/comments?post=103142"}],"version-history":[{"count":0,"href":"https:\/\/linitiative.ca\/International\/wp-json\/wp\/v2\/posts\/103142\/revisions"}],"wp:featuredmedia":[{"embeddable":true,"href":"https:\/\/linitiative.ca\/International\/wp-json\/"}],"wp:attachment":[{"href":"https:\/\/linitiative.ca\/International\/wp-json\/wp\/v2\/media?parent=103142"}],"wp:term":[{"taxonomy":"category","embeddable":true,"href":"https:\/\/linitiative.ca\/International\/wp-json\/wp\/v2\/categories?post=103142"},{"taxonomy":"post_tag","embeddable":true,"href":"https:\/\/linitiative.ca\/International\/wp-json\/wp\/v2\/tags?post=103142"}],"curies":[{"name":"wp","href":"https:\/\/api.w.org\/{rel}","templated":true}]}}