{"id":103144,"date":"2020-10-29T06:00:48","date_gmt":"2020-10-29T10:00:48","guid":{"rendered":"https:\/\/linitiative.ca\/International\/tebboune-transfere-en-allemagne\/"},"modified":"2020-10-29T06:00:48","modified_gmt":"2020-10-29T10:00:48","slug":"tebboune-transfere-en-allemagne","status":"publish","type":"post","link":"https:\/\/linitiative.ca\/International\/tebboune-transfere-en-allemagne\/","title":{"rendered":"Tebboune transf\u00e9r\u00e9 en Allemagne"},"content":{"rendered":"<h4 class=\"title-14\">Son \u00e9tat de sant\u00e9 se serait d\u00e9t\u00e9rior\u00e9<\/h4>\n<div class=\"featured_image\"><img loading=\"lazy\" decoding=\"async\" width=\"1000\" height=\"511\" src=\"https:\/\/www.elwatan.com\/wp-content\/uploads\/2020\/10\/UNEEEEE-1.jpg\" class=\"attachment-post-thumbnail size-post-thumbnail wp-post-image\" alt=\"Abdelmadjid Tebboune\" srcset=\"https:\/\/www.elwatan.com\/wp-content\/uploads\/2020\/10\/UNEEEEE-1.jpg 1000w, https:\/\/www.elwatan.com\/wp-content\/uploads\/2020\/10\/UNEEEEE-1-300x153.jpg 300w, https:\/\/www.elwatan.com\/wp-content\/uploads\/2020\/10\/UNEEEEE-1-768x392.jpg 768w\" sizes=\"auto, (max-width: 1000px) 100vw, 1000px\"\/><\/div>\n<p class=\"p1\"><span class=\"s2\"><strong>Le pr\u00e9sident Abdelmadjid Tebboune a \u00e9t\u00e9 transf\u00e9r\u00e9 en Allemagne hier pour des examens approfondis sur recommandation du staff m\u00e9dical.\u00a0<\/strong><\/span><span class=\"s2\"><strong>Dans un communiqu\u00e9 rendu public mardi, la pr\u00e9sidence de la R\u00e9publique avait indiqu\u00e9 que l\u2019\u00e9tat de sant\u00e9 du pr\u00e9sident Tebboune, admis \u00e0 l\u2019h\u00f4pital militaire de A\u00efn Na\u00e2dja \u00e9tait <em>\u00abstable\u00bb<\/em> et<span class=\"Apple-converted-space\">\u00a0<\/span> qu\u2019il <em>\u00abn\u2019inspirait aucune inqui\u00e9tude\u00bb<\/em>.<\/strong><\/span><\/p>\n<p class=\"p1\"><em>\u00abLe pr\u00e9sident de la R\u00e9publique, Abdelmadjid Tebboune, a \u00e9t\u00e9 transf\u00e9r\u00e9, mercredi 28 octobre 2020, au soir, en Allemagne pour des examens m\u00e9dicaux approfondis sur recommandation du staff m\u00e9dical\u00bb<\/em>, a pr\u00e9cis\u00e9 le communiqu\u00e9 en question.<\/p>\n<p class=\"p2\">Dans un pr\u00e9c\u00e9dent communiqu\u00e9 rendu public mardi, la pr\u00e9sidence de la R\u00e9publique avait indiqu\u00e9 que l\u2019\u00e9tat de sant\u00e9 du pr\u00e9sident Tebboune, admis dans une unit\u00e9 de soins sp\u00e9cialis\u00e9s de l\u2019h\u00f4pital militaire de A\u00efn Na\u00e2dja \u00e0 Alger, est stable et <em>\u00abn\u2019inspire aucune inqui\u00e9tude\u00bb<\/em>.<\/p>\n<p class=\"p2\">C\u2019est sur recommandation de ses m\u00e9decins que le chef de l\u2019Etat est entr\u00e9 dans cette unit\u00e9 de soins sp\u00e9cialis\u00e9s. Le pr\u00e9sident de la R\u00e9publique avait, indique-t-on, poursuivi ses activit\u00e9s quotidiennes \u00e0 partir de son lieu d\u2019hospitalisation.<\/p>\n<p class=\"p2\">Pour rappel, un communiqu\u00e9 de la pr\u00e9sidence de la R\u00e9publique avait pr\u00e9c\u00e9demment indiqu\u00e9 que le pr\u00e9sident Tebboune avait \u00e9t\u00e9 mis en quarantaine pour une p\u00e9riode de 5 jours.<\/p>\n<p class=\"p2\"><em>\u00abApr\u00e8s avoir constat\u00e9 que plusieurs cadres sup\u00e9rieurs de la Pr\u00e9sidence et du gouvernement pr\u00e9sentent des sympt\u00f4mes de contamination au nouveau coronavirus, le staff m\u00e9dical de la Pr\u00e9sidence a recommand\u00e9 au pr\u00e9sident de la R\u00e9publique d\u2019observer un confinement volontaire pour une p\u00e9riode de 5 jours, \u00e0 compter du samedi 24 octobre\u00bb<\/em>, a pr\u00e9cis\u00e9 la m\u00eame source.<\/p>\n<p class=\"p2\">A signaler que le transfert de Abdelmadjid Tebboune en Allemagne intervient \u00e0 un moment o\u00f9 l\u2019\u00e9pid\u00e9mie de coronavirus conna\u00eet une recrudescence en Alg\u00e9rie et partout ailleurs dans le monde.<\/p>\n<p><span class=\"post-views-label\">Post Views:<\/span> <span class=\"post-views-count\">38\u00a0410<\/span><\/p>\n<div class=\"ichhar-moneytagnative c6\" id=\"ichhar-2013302797\">\n<p>Advertisements<\/p>\n<\/div>\n<p><br class=\"c2\"\/><br class=\"c7\"\/><\/p>\n<p>Auteur: Anis Khecheba<br \/>\n<a href=\"https:\/\/www.elwatan.com\/edition\/actualite\/tebboune-transfere-en-allemagne-29-10-2020\">Cliquez ici pour lire l&rsquo;article depuis sa source.<\/a><\/p>\n","protected":false},"excerpt":{"rendered":"<p>Son \u00e9tat de sant\u00e9 se serait d\u00e9t\u00e9rior\u00e9 Le pr\u00e9sident Abdelmadjid Tebboune a \u00e9t\u00e9 transf\u00e9r\u00e9 en Allemagne hier pour des examens approfondis sur recommandation du staff m\u00e9dical.\u00a0Dans un communiqu\u00e9 rendu public mardi, la pr\u00e9sidence de la R\u00e9publique avait indiqu\u00e9 que l\u2019\u00e9tat de sant\u00e9 du pr\u00e9sident Tebboune, admis \u00e0 l\u2019h\u00f4pital militaire de A\u00efn Na\u00e2dja \u00e9tait \u00abstable\u00bb et\u00a0 [&hellip;]<\/p>\n","protected":false},"author":1743,"featured_media":103145,"comment_status":"closed","ping_status":"closed","sticky":false,"template":"","format":"standard","meta":{"fifu_image_url":"","fifu_image_alt":"","footnotes":""},"categories":[73,53],"tags":[],"class_list":["post-103144","post","type-post","status-publish","format-standard","has-post-thumbnail","hentry","category-actualite","category-algerie"],"_links":{"self":[{"href":"https:\/\/linitiative.ca\/International\/wp-json\/wp\/v2\/posts\/103144","targetHints":{"allow":["GET"]}}],"collection":[{"href":"https:\/\/linitiative.ca\/International\/wp-json\/wp\/v2\/posts"}],"about":[{"href":"https:\/\/linitiative.ca\/International\/wp-json\/wp\/v2\/types\/post"}],"author":[{"embeddable":true,"href":"https:\/\/linitiative.ca\/International\/wp-json\/wp\/v2\/users\/1743"}],"replies":[{"embeddable":true,"href":"https:\/\/linitiative.ca\/International\/wp-json\/wp\/v2\/comments?post=103144"}],"version-history":[{"count":0,"href":"https:\/\/linitiative.ca\/International\/wp-json\/wp\/v2\/posts\/103144\/revisions"}],"wp:featuredmedia":[{"embeddable":true,"href":"https:\/\/linitiative.ca\/International\/wp-json\/"}],"wp:attachment":[{"href":"https:\/\/linitiative.ca\/International\/wp-json\/wp\/v2\/media?parent=103144"}],"wp:term":[{"taxonomy":"category","embeddable":true,"href":"https:\/\/linitiative.ca\/International\/wp-json\/wp\/v2\/categories?post=103144"},{"taxonomy":"post_tag","embeddable":true,"href":"https:\/\/linitiative.ca\/International\/wp-json\/wp\/v2\/tags?post=103144"}],"curies":[{"name":"wp","href":"https:\/\/api.w.org\/{rel}","templated":true}]}}