{"id":103146,"date":"2020-10-28T18:39:00","date_gmt":"2020-10-28T22:39:00","guid":{"rendered":"https:\/\/linitiative.ca\/International\/in-memoriam-le-pr-farouk-benna-rien-jamais-en-effet-ne-remplacera-le-compagnon-perdu\/"},"modified":"2020-10-28T18:39:00","modified_gmt":"2020-10-28T22:39:00","slug":"in-memoriam-le-pr-farouk-benna-rien-jamais-en-effet-ne-remplacera-le-compagnon-perdu","status":"publish","type":"post","link":"https:\/\/linitiative.ca\/International\/in-memoriam-le-pr-farouk-benna-rien-jamais-en-effet-ne-remplacera-le-compagnon-perdu\/","title":{"rendered":"In Memoriam le Pr Farouk Benna : \u00ab\u00a0Rien jamais en effet ne remplacera le compagnon perdu\u00a0\u00bb"},"content":{"rendered":"<p><em><span class=\"c2\"><strong>Par \u00ab\u00a0Les amis de Farouk\u00a0\u00bb &#8211;<\/strong><\/span><\/em> La Tunisie et le corps m\u00e9dical en particulier viennent de perdre un de leur valeureux enfants, le Pr Farouk Benna, pionnier avec ses confr\u00e8res de la m\u00eame g\u00e9n\u00e9ration de la radioth\u00e9rapie m\u00e9dicale. Sp\u00e9cialit\u00e9 balbutiante dans le pays, il ya quelques d\u00e9cades, n\u00e9cessitant un lourd investissement humain et surtout mat\u00e9riel, \u00e0 la pointe du progr\u00e8s m\u00e9dical, elle fut laborieusement d\u00e9velopp\u00e9e a l\u2019Institut de Canc\u00e9rologie Salah Azaiez de Tunis par une \u00e9quipe de praticiens dont le Pr Benna faisait partie sous la houlette de feu le Pr B. Attia. Ensemble, ils ont patiemment form\u00e9 de multiples praticiens qui son devenus rompus \u00e0 cette sp\u00e9cialit\u00e9 exigeante. Pr Benna, en particulier, y a consacr\u00e9 toute sa vie apr\u00e8s avoir peaufin\u00e9 sa formation au prestigieux Institut de Carcinologie de Gustave Roussy \u00e0 Paris.<\/p>\n<p>C\u2019\u00e9tait une personnalit\u00e9 d\u00e9cal\u00e9e; jeune \u00e9tudiant, il \u00e9tait le dernier \u00e0 arriver aux cours, mais le premier \u00e0 d\u00e9crocher ses certificats. Il nous sid\u00e9rait par ses mani\u00e8res tempestives et son allure faussement nonchalante, m\u00e9lang\u00e9es \u00e0 une rare bonhomie et une jovialit\u00e9 qui enchantaient ses nombreux amis et confr\u00e8res.\u00a0Elles cachaient en fait une grande t\u00e9nacit\u00e9 et une pers\u00e9v\u00e9rance \u00e0 toute \u00e9preuve dont lui sont reconnaissants les dizaines de milliers des patiens qui ont b\u00e9n\u00e9fici\u00e9 de ses comp\u00e9tences et de ses soins&#8230;<\/p>\n<p>Malheureusement, la grande faucheuse ne l\u2019a pas \u00e9pargn\u00e9 en ce mois d\u2019octobre, alors qu\u2019il avait encore de grands projets pour hisser encore plus haut la radioth\u00e9rapie tunisienne avec ses exigences tr\u00e8s techniques aux normes internationales.<\/p>\n<p>Nous perdons en lui l\u2019ami de toute une vie, un grand praticien, un homme aux qualit\u00e9s humaines remarquables dont peut s\u2019enorgueillir la m\u00e9decine tunisienne. Je voudrais lui rendre un dernier hommage avec cette citation de Saint Exuery tir\u00e9e du roman\u00a0 \u00abTerre des hommes\u00bb\u00a0 qui r\u00e9sume \u00e0 elle seule le chagrin et la d\u00e9solation que sa disparition a engendr\u00e9e chez ses amis: \u00ab Rien jamais en effet ne remplacera le compagnon perdu, on ne se cr\u00e9e point de vieux\u00a0 camarades. Rien ne vaut le tr\u00e9sor de tant de souvenirs communs de tant de mauvaises heures v\u00e9cues ensemble de tant de brouilles, de r\u00e9conciliations, de mouvement du c\u0153ur. On ne reconstruit pas ces amiti\u00e9s l\u00e0. Il est vain si l\u2018on plante un ch\u00eane d\u2019esp\u00e9rer s\u2019abriter bient\u00f4t sous son feuillage\u00bb.<\/p>\n<p>Tes confr\u00e8res et proches amis qui ont partag\u00e9 avec toi tout au long de ta carri\u00e8re tant de souvenirs et tant de joie sont envahis par une infinie tristesse par ta disparition.<\/p>\n<p>Adieu cher ami. Ton souvenir restera imp\u00e9rissable.<\/p>\n<p><span class=\"c2\"><strong>Qui \u00e9tait le Pr Farouk Benna<\/strong><\/span><\/p>\n<p class=\"c3\"><span class=\"c2\">\u2022<\/span> Docteur en m\u00e9decine<\/p>\n<p class=\"c3\"><span class=\"c2\">\u2022<\/span> Ancien Professeur de radioth\u00e9rapie oncologique a la facult\u00e9 de m\u00e9decine de Tunis<\/p>\n<p class=\"c3\"><span class=\"c2\">\u2022<\/span> Ancien chef de service de radioth\u00e9rapie oncologie a l\u2019institut Salah Azaiez de Tunis<\/p>\n<p class=\"c3\"><span class=\"c2\">\u2022<\/span> Ancien assistant a l\u2019institut Gustave Roussy de Paris<\/p>\n<p class=\"c3\"><span class=\"c2\">\u2022<\/span> Ancien vice pr\u00e9sident de la soci\u00e9t\u00e9 tunisienne de radiologie<\/p>\n<p class=\"c3\"><span class=\"c2\">\u2022<\/span> Ancien vice pr\u00e9sident du conseil de l\u2019ordre r\u00e9gional des m\u00e9decins de Tunis<\/p>\n<p class=\"c3\"><span class=\"c2\">\u2022<\/span> Fondateur de l\u2019association tunisienne des malades du cancer du sein<\/p>\n<p class=\"c3\"><span class=\"c2\">\u2022<\/span> Membre d\u2019associations internationales de canc\u00e9rologie ( ESGO ASCO ESMO \u2026)<\/p>\n<p class=\"c4\"><strong>Les amis de Farouk<\/strong><br \/>\u00a0<\/p>\n<p>Auteur:<br \/>\n<a href=\"https:\/\/www.leaders.com.tn\/article\/30810-in-memoriam-pr-farouk-benna\">Cliquez ici pour lire l&rsquo;article depuis sa source.<\/a><\/p>\n","protected":false},"excerpt":{"rendered":"<p>Par \u00ab\u00a0Les amis de Farouk\u00a0\u00bb &#8211; La Tunisie et le corps m\u00e9dical en particulier viennent de perdre un de leur valeureux enfants, le Pr Farouk Benna, pionnier avec ses confr\u00e8res de la m\u00eame g\u00e9n\u00e9ration de la radioth\u00e9rapie m\u00e9dicale. Sp\u00e9cialit\u00e9 balbutiante dans le pays, il ya quelques d\u00e9cades, n\u00e9cessitant un lourd investissement humain et surtout mat\u00e9riel, [&hellip;]<\/p>\n","protected":false},"author":1772,"featured_media":0,"comment_status":"closed","ping_status":"closed","sticky":false,"template":"","format":"standard","meta":{"fifu_image_url":"","fifu_image_alt":"","footnotes":""},"categories":[73,55],"tags":[],"class_list":["post-103146","post","type-post","status-publish","format-standard","hentry","category-actualite","category-tunisie"],"_links":{"self":[{"href":"https:\/\/linitiative.ca\/International\/wp-json\/wp\/v2\/posts\/103146","targetHints":{"allow":["GET"]}}],"collection":[{"href":"https:\/\/linitiative.ca\/International\/wp-json\/wp\/v2\/posts"}],"about":[{"href":"https:\/\/linitiative.ca\/International\/wp-json\/wp\/v2\/types\/post"}],"author":[{"embeddable":true,"href":"https:\/\/linitiative.ca\/International\/wp-json\/wp\/v2\/users\/1772"}],"replies":[{"embeddable":true,"href":"https:\/\/linitiative.ca\/International\/wp-json\/wp\/v2\/comments?post=103146"}],"version-history":[{"count":0,"href":"https:\/\/linitiative.ca\/International\/wp-json\/wp\/v2\/posts\/103146\/revisions"}],"wp:attachment":[{"href":"https:\/\/linitiative.ca\/International\/wp-json\/wp\/v2\/media?parent=103146"}],"wp:term":[{"taxonomy":"category","embeddable":true,"href":"https:\/\/linitiative.ca\/International\/wp-json\/wp\/v2\/categories?post=103146"},{"taxonomy":"post_tag","embeddable":true,"href":"https:\/\/linitiative.ca\/International\/wp-json\/wp\/v2\/tags?post=103146"}],"curies":[{"name":"wp","href":"https:\/\/api.w.org\/{rel}","templated":true}]}}