{"id":103148,"date":"2020-10-29T05:20:00","date_gmt":"2020-10-29T09:20:00","guid":{"rendered":"https:\/\/linitiative.ca\/International\/nouvelles-mesures-de-demi-confinement-anti-covid-19-est-ce-suffisant-et-quid-de-limpact-economique\/"},"modified":"2020-10-29T05:20:00","modified_gmt":"2020-10-29T09:20:00","slug":"nouvelles-mesures-de-demi-confinement-anti-covid-19-est-ce-suffisant-et-quid-de-limpact-economique","status":"publish","type":"post","link":"https:\/\/linitiative.ca\/International\/nouvelles-mesures-de-demi-confinement-anti-covid-19-est-ce-suffisant-et-quid-de-limpact-economique\/","title":{"rendered":"Nouvelles mesures de demi confinement anti-Covid-19 : Est-ce suffisant ? Et quid de l&rsquo;impact \u00e9conomique?"},"content":{"rendered":"<p>Ni mettre la Tunisie sous cloche, ni mettre les vies humaines en danger\u00a0: le gouvernement Mechichi cherche la bonne \u00e9quation.\u00a0Avec beaucoup de prudence. Dans un nouveau tour de vis, il a d\u00e9cid\u00e9 mercredi tard dans la soir\u00e9e, une s\u00e9rie de nouvelles mesures pour retarder la propagation du virus, sans pour autant d\u00e9cider du soutien n\u00e9cessaire aux commerces et autres entreprises.<\/p>\n<p><span class=\"c2\"><strong>Deux semaines, jusqu\u2019au 15 novembre<\/strong><\/span> seront marqu\u00e9es par notamment la suspension des cours, l\u2019interdiction de la mobilit\u00e9 entre les gouvernorats, la suspension de la fr\u00e9quentation des lieux de culte (toutes les confessions), la fermeture des caf\u00e9s et restaurants \u00e0 16H, l\u2019allongement des horaires du couvre-feu, l\u2019interdiction des c\u00e9r\u00e9monies priv\u00e9es et publiques et des rassemblements de plus de 4 personnes dans les lieux publics. Cette derni\u00e8re mesure suppose qu\u2019on ne peut s\u2019attabler dans un caf\u00e9 ou un restaurant \u00e0 plus de quatre personnes ensemble.<\/p>\n<p>Avant de s\u2019y est d\u00e9cid\u00e9, Hichem Mechichi avait consult\u00e9 la Commission scientifique, et sollicit\u00e9 l\u2019avis de ses ministres en charge de la sant\u00e9, de l\u2019\u00e9conomie, de l\u2019\u00e9ducation, des universit\u00e9s et des affaires sociales, pr\u00e9cise un communiqu\u00e9 de la Kasbah. Quant aux repr\u00e9sentants des artisans, commer\u00e7ants, petits m\u00e9tiers, professions lib\u00e9rales et entreprises, pourtant tr\u00e8s concern\u00e9s et fortement p\u00e9nalis\u00e9s, ils n\u2019ont pas eu droit au chapitre, encore moins \u00e0 des mesures urgentes de soutien. Perte de revenus, perte d\u2019emplois, aggravation des d\u00e9ficits, alourdissement des charges et des dettes\u00a0: qui contribuera \u00e0 la prise en charge de toutes ces graves p\u00e9nalit\u00e9s\u00a0? L\u2019\u00c9tat est aux abonn\u00e9s absents.<\/p>\n<p><span class=\"c2\"><strong>La sant\u00e9 est la priorit\u00e9 absolue, le revenu n\u2019en est pas moindre.<\/strong><\/span> Hichem Mechichi n\u2019a pas l\u2019excuse de l\u2019ignorer\u00a0: longtemps chef de cabinet du ministre de la Sant\u00e9, puis ministre de l\u2019Int\u00e9rieur, avant d\u2019acc\u00e9der \u00e0 la Kasbah, il conna\u00eet parfaitement la r\u00e9alit\u00e9 du terrain.<\/p>\n<h2>Plus de fermet\u00e9 et de vigueur<\/h2>\n<p>Fallait-il y aller avec beaucoup de prudence, quitter \u00e0 ne pas escompter tous les objectifs, pourtant, vitaux ? Ou plut\u00f4t, prendre son courage \u00e0 deux mains et trancher dans le vif, en d\u00e9cidant un confinement g\u00e9n\u00e9ralis\u00e9, mais assoupli pour les cas d\u2019exception\u00a0? \u00c9videmment, cela suppose une bonne \u00e9valuation de l\u2019impact \u00e9conomique et financier et la compensation des pertes g\u00e9n\u00e9r\u00e9es. Cet aspect financier est sans doute lourd et pas facile \u00e0 prendre en charge, en ces temps de d\u00e9rive acc\u00e9l\u00e9r\u00e9e des finances publiques. Plus de vigueur et de fermet\u00e9 sont de rigueur.<\/p>\n<p><span class=\"c2\"><strong>Il est clair, que nous continuerons \u00e0 avancer, en Tunisie et partout ailleurs, en Stop &amp; Go,<\/strong><\/span> avec une s\u00e9rie de mises sous cloche successives. L\u2019essentiel, est d\u2019avoir une bonne strat\u00e9gie et les moyens de son d\u00e9ploiement. Application stricte des mesures et mobilisation des financements, tant pour la sant\u00e9 que pour l\u2019activit\u00e9 \u00e9conomique. On ne surmontera pas cette pand\u00e9mie ravageuse en h\u00e9sitant.<\/p>\n<h2>Des mesures en demi-teinte<\/h2>\n<p>Puisant dans le vaste registre des actions pr\u00e9ventives possibles, le chef du gouvernement a d\u00e9cid\u00e9 notamment\u00a0:<\/p>\n<ul>\n<li>Le renforcement par les gouverneurs du couvre-feu de 20H \u00e0 5H en semaine et le devancer d\u2019une heure les samedis et dimanches,<\/li>\n<li>L\u2019interdiction des d\u00e9placements inter-r\u00e9gions, sauf cas de n\u00e9cessit\u00e9 absolue, et pour les \u00e9tudiants,<\/li>\n<li>La fermeture des caf\u00e9s et restaurants \u00e0 partir de 16 H, avec obligation de limiter la capacit\u00e9 d\u2019accueil \u00e0 30% dans les espaces clos et 50% dans les espaces ouverts,<\/li>\n<li>La suspension des cours pour le primaire et secondaire jusqu\u2019au 8 novembre, et les cours pr\u00e9sentiels universitaires, avec d\u00e9sinfection des \u00e9tablissements, sans la fermeture des foyers universitaires,<\/li>\n<li>L\u2019interdiction de toutes les manifestations et c\u00e9r\u00e9monies publiques et priv\u00e9es, jusqu\u2019au 15 novembre,<\/li>\n<li>L\u2019interdiction de tous les rassemblements de plus de 4 personnes dans les lieux publics, sauf dans les moyens de transport,<\/li>\n<li>La suspension de la fr\u00e9quentation des lieux de culte, jusqu\u2019au 15 novembre,<\/li>\n<li>La poursuite des horaires administratifs am\u00e9nag\u00e9s,<\/li>\n<li>La suspension \u00e0 titre exceptionnel des proc\u00e9dures d\u2019achats publics pour les fournitures indispensables \u00e0 la lutte contre le Covid-19, et soumission de leur gestion \u00e0 une commission ad-hoc, pr\u00e9sid\u00e9e par le ministre de la D\u00e9fense nationale.<\/li>\n<\/ul>\n<p>Deux semaines, est-ce suffisant?<\/p>\n<p>Auteur:<br \/>\n<a href=\"https:\/\/www.leaders.com.tn\/article\/30811-nouvelles-mesures-de-demi-confinement-anti-covid-19-est-ce-suffisant-et-quid-de-l-impact-economique\">Cliquez ici pour lire l&rsquo;article depuis sa source.<\/a><\/p>\n","protected":false},"excerpt":{"rendered":"<p>Ni mettre la Tunisie sous cloche, ni mettre les vies humaines en danger\u00a0: le gouvernement Mechichi cherche la bonne \u00e9quation.\u00a0Avec beaucoup de prudence. Dans un nouveau tour de vis, il a d\u00e9cid\u00e9 mercredi tard dans la soir\u00e9e, une s\u00e9rie de nouvelles mesures pour retarder la propagation du virus, sans pour autant d\u00e9cider du soutien n\u00e9cessaire [&hellip;]<\/p>\n","protected":false},"author":1772,"featured_media":0,"comment_status":"closed","ping_status":"closed","sticky":false,"template":"","format":"standard","meta":{"fifu_image_url":"","fifu_image_alt":"","footnotes":""},"categories":[73,55],"tags":[],"class_list":["post-103148","post","type-post","status-publish","format-standard","hentry","category-actualite","category-tunisie"],"_links":{"self":[{"href":"https:\/\/linitiative.ca\/International\/wp-json\/wp\/v2\/posts\/103148","targetHints":{"allow":["GET"]}}],"collection":[{"href":"https:\/\/linitiative.ca\/International\/wp-json\/wp\/v2\/posts"}],"about":[{"href":"https:\/\/linitiative.ca\/International\/wp-json\/wp\/v2\/types\/post"}],"author":[{"embeddable":true,"href":"https:\/\/linitiative.ca\/International\/wp-json\/wp\/v2\/users\/1772"}],"replies":[{"embeddable":true,"href":"https:\/\/linitiative.ca\/International\/wp-json\/wp\/v2\/comments?post=103148"}],"version-history":[{"count":0,"href":"https:\/\/linitiative.ca\/International\/wp-json\/wp\/v2\/posts\/103148\/revisions"}],"wp:attachment":[{"href":"https:\/\/linitiative.ca\/International\/wp-json\/wp\/v2\/media?parent=103148"}],"wp:term":[{"taxonomy":"category","embeddable":true,"href":"https:\/\/linitiative.ca\/International\/wp-json\/wp\/v2\/categories?post=103148"},{"taxonomy":"post_tag","embeddable":true,"href":"https:\/\/linitiative.ca\/International\/wp-json\/wp\/v2\/tags?post=103148"}],"curies":[{"name":"wp","href":"https:\/\/api.w.org\/{rel}","templated":true}]}}