{"id":103154,"date":"2020-10-29T15:20:43","date_gmt":"2020-10-29T19:20:43","guid":{"rendered":"https:\/\/linitiative.ca\/International\/tunisie-mechichi-aurait-il-contourne-lautorite-de-kais-saied\/"},"modified":"2020-10-29T15:20:43","modified_gmt":"2020-10-29T19:20:43","slug":"tunisie-mechichi-aurait-il-contourne-lautorite-de-kais-saied","status":"publish","type":"post","link":"https:\/\/linitiative.ca\/International\/tunisie-mechichi-aurait-il-contourne-lautorite-de-kais-saied\/","title":{"rendered":"Tunisie \u2013 Mechichi aurait-il contourn\u00e9 l\u2019autorit\u00e9 de Ka\u00efs Sa\u00efed?"},"content":{"rendered":"<div class=\"post-cont-in left relative\">\n<div id=\"post-info-wrap\" class=\"left relative post-info-out\">\n<div class=\"post-info-img left relative\"><img loading=\"lazy\" decoding=\"async\" alt=\"\" src=\"https:\/\/secure.gravatar.com\/avatar\/9f10b5e5a102bf8cc0ebfb84f5ab5652?s=50&amp;d=mm&amp;r=g\" srcset=\"https:\/\/secure.gravatar.com\/avatar\/9f10b5e5a102bf8cc0ebfb84f5ab5652?s=100&amp;d=mm&amp;r=g 2x\" class=\"avatar avatar-50 photo\" height=\"50\" width=\"50\"\/><\/div>\n<div class=\"post-info-in\">\n<div class=\"post-info-right left relative post-info-name left relative\"><span itemprop=\"author\" itemscope=\"\" itemtype=\"https:\/\/schema.org\/Person\"><span class=\"post-info-text\">Par<\/span> <span class=\"author-name vcard fn author\" itemprop=\"name\"><a href=\"https:\/\/www.tunisienumerique.com\/author\/ramsis\/\" title=\"Articles par Ramsis\" rel=\"author\">Ramsis<\/a><\/span><\/span> <span class=\"post-date updated\"><time class=\"post-date updated\" itemprop=\"datePublished\" datetime=\"2020-10-29\">\u00a0| Il y a 2 heures<\/time><\/span><\/div>\n<div class=\"left relative\"><button id=\"listenButton1\" class=\"responsivevoice-button\" type=\"button\" value=\"Play\" title=\"&#xC9;coutez l'article\"><span>\ud83d\udd0a \u00c9coutez l&rsquo;article<\/span><\/button> <\/div>\n<\/div>\n<\/div>\n<p>On voit bien que le courant ne passe pas du tout entre le pr\u00e9sident de la R\u00e9publique et le chef du gouvernement.<\/p>\n<div class=\"code-block code-block-1 c4\"><ins class=\"adsbygoogle c3\" data-ad-layout=\"in-article\" data-ad-format=\"fluid\" data-ad-client=\"ca-pub-2102118777505746\" data-ad-slot=\"7301775417\"\/> <\/div>\n<p>Il parait que cette m\u00e9sentente commence \u00e0 peser sur le bon fonctionnement de l\u2019Etat.<\/p>\n<p>En effet, le chef du gouvernement ne semble plus vouloir revenir \u00e0 l\u2019autorit\u00e9 du pr\u00e9sident de la R\u00e9publique en quoi que ce soit, m\u00eame s\u2019il s\u2019agit de ses seules pr\u00e9rogatives.<\/p>\n<p>La preuve, hier, pour la deuxi\u00e8me fois, le chef du gouvernement, pour ne pas recourir \u00e0 la d\u00e9cision du pr\u00e9sident de la R\u00e9publique, seul habilit\u00e9, en principe, \u00e0 d\u00e9cr\u00e9ter le couvre feu national, Mechichi d\u00e9l\u00e8gue la d\u00e9cision de l\u2019instauration du couvre feu aux r\u00e9gions, \u00e0 la charge des gouverneurs.<\/p>\n<p>Si, la premi\u00e8re fois, le coup \u00e9tait maquill\u00e9 dans la mesure o\u00f9 la d\u00e9l\u00e9gation du chef du gouvernement laissait aux gouverneurs la libert\u00e9 de d\u00e9cider de l\u2019opportunit\u00e9, ou non, d\u2019instaurer le couvre feu dans leurs r\u00e9gions et d\u2019en d\u00e9terminer la dur\u00e9e et les horaires, cette fois-ci, il ne reste plus le moindre doute qu\u2019il s\u2019agit d\u2019un stratag\u00e8me auquel a recours le chef du gouvernement pour \u00e9viter de r\u00e9f\u00e9rer au pr\u00e9sident de la R\u00e9publique pour d\u00e9cr\u00e9ter un couvre feu \u00e0 l\u2019\u00e9chelle nationale. Car Mechichi a, lui-m\u00eame, d\u00e9cid\u00e9 de tout, de l\u2019instauration du couvre feu, de sa dur\u00e9e et de ses horaires de d\u00e9but et de fin, et il a simplement demand\u00e9 aux gouverneurs de l\u2019annoncer. Une formule qu\u2019il aura trouv\u00e9e pour contourner l\u2019autorit\u00e9 du pr\u00e9sident de la R\u00e9publique.<\/p>\n<p>Il n\u2019est pas \u00e9vident que Ka\u00efs Sa\u00efed se laisse marcher sur les platebandes de cette mani\u00e8re, sans riposter\u00a0!<\/p>\n<div class=\"swp_social_panel swp_horizontal_panel swp_flat_fresh swp_default_full_color swp_individual_full_color swp_other_full_color scale-100 scale-\" data-min-width=\"1100\" data-float-color=\"#ffffff\" data-float=\"bottom\" data-float-mobile=\"bottom\" data-transition=\"slide\">\n<div class=\"nc_tweetContainer swp_share_button total_shares total_sharesalt\"><span class=\"swp_count\">10 <span class=\"swp_label\">Partages<\/span><\/span><\/div>\n<\/div>\n<p><strong>Que se passe-t-il en Tunisie?<\/strong><br \/>Nous expliquons sur notre <a href=\"https:\/\/www.youtube.com\/channel\/UCRzypVq0B_yBad5eGrwBx0Q?sub_confirmation=1\" target=\"_blank\" rel=\"noopener noreferrer\">cha\u00eene YouTube<\/a> . <a href=\"https:\/\/www.youtube.com\/channel\/UCRzypVq0B_yBad5eGrwBx0Q?sub_confirmation=1\" target=\"_blank\" rel=\"noopener noreferrer\">Abonnez-vous!<\/a><\/p>\n<div class=\"mvp-org-wrap mvp-org-logo\" itemprop=\"publisher\" itemscope=\"\" itemtype=\"https:\/\/schema.org\/Organization\"><img decoding=\"async\" src=\"https:\/\/www.tunisienumerique.com\/wp-content\/uploads\/2017\/02\/logo_tunisie_numerique.png\"\/><\/div>\n<div class=\"mvp-related-posts left relative\">\n<h4 class=\"post-header\"><span class=\"post-header\">Lire aussi<\/span><\/h4>\n<\/div>\n<div id=\"article-ad\"><ins class=\"adsbygoogle c5\" data-ad-client=\"ca-pub-2102118777505746\" data-ad-slot=\"6513972734\" data-ad-format=\"auto\" data-full-width-responsive=\"true\"\/> <\/div>\n<\/div>\n<div id=\"post-sidebar-wrap\"><ins class=\"adsbygoogle c5\" data-ad-client=\"ca-pub-2102118777505746\" data-ad-slot=\"6168283410\" data-ad-format=\"auto\" data-full-width-responsive=\"true\"\/> <\/div>\n<p>Auteur: Ramsis<br \/>\n<a href=\"https:\/\/www.tunisienumerique.com\/tunisie-mechichi-aurait-il-contourne-lautorite-de-kais-saied\/\">Cliquez ici pour lire l&rsquo;article depuis sa source.<\/a><\/p>\n","protected":false},"excerpt":{"rendered":"<p>Par Ramsis \u00a0| Il y a 2 heures \ud83d\udd0a \u00c9coutez l&rsquo;article On voit bien que le courant ne passe pas du tout entre le pr\u00e9sident de la R\u00e9publique et le chef du gouvernement. Il parait que cette m\u00e9sentente commence \u00e0 peser sur le bon fonctionnement de l\u2019Etat. En effet, le chef du gouvernement ne semble [&hellip;]<\/p>\n","protected":false},"author":1789,"featured_media":0,"comment_status":"closed","ping_status":"closed","sticky":false,"template":"","format":"standard","meta":{"fifu_image_url":"","fifu_image_alt":"","footnotes":""},"categories":[73,55],"tags":[],"class_list":["post-103154","post","type-post","status-publish","format-standard","hentry","category-actualite","category-tunisie"],"_links":{"self":[{"href":"https:\/\/linitiative.ca\/International\/wp-json\/wp\/v2\/posts\/103154","targetHints":{"allow":["GET"]}}],"collection":[{"href":"https:\/\/linitiative.ca\/International\/wp-json\/wp\/v2\/posts"}],"about":[{"href":"https:\/\/linitiative.ca\/International\/wp-json\/wp\/v2\/types\/post"}],"author":[{"embeddable":true,"href":"https:\/\/linitiative.ca\/International\/wp-json\/wp\/v2\/users\/1789"}],"replies":[{"embeddable":true,"href":"https:\/\/linitiative.ca\/International\/wp-json\/wp\/v2\/comments?post=103154"}],"version-history":[{"count":0,"href":"https:\/\/linitiative.ca\/International\/wp-json\/wp\/v2\/posts\/103154\/revisions"}],"wp:attachment":[{"href":"https:\/\/linitiative.ca\/International\/wp-json\/wp\/v2\/media?parent=103154"}],"wp:term":[{"taxonomy":"category","embeddable":true,"href":"https:\/\/linitiative.ca\/International\/wp-json\/wp\/v2\/categories?post=103154"},{"taxonomy":"post_tag","embeddable":true,"href":"https:\/\/linitiative.ca\/International\/wp-json\/wp\/v2\/tags?post=103154"}],"curies":[{"name":"wp","href":"https:\/\/api.w.org\/{rel}","templated":true}]}}