{"id":103165,"date":"2020-10-29T17:27:30","date_gmt":"2020-10-29T21:27:30","guid":{"rendered":"https:\/\/linitiative.ca\/International\/lutte-contre-le-terrorisme-ce-serait-une-reddition-si-je-dis-que-je-suis-fatigue-roch-marc-christian-kabore-president-du-faso-invite-de-la-redaction\/"},"modified":"2020-10-29T17:27:30","modified_gmt":"2020-10-29T21:27:30","slug":"lutte-contre-le-terrorisme-ce-serait-une-reddition-si-je-dis-que-je-suis-fatigue-roch-marc-christian-kabore-president-du-faso-invite-de-la-redaction","status":"publish","type":"post","link":"https:\/\/linitiative.ca\/International\/lutte-contre-le-terrorisme-ce-serait-une-reddition-si-je-dis-que-je-suis-fatigue-roch-marc-christian-kabore-president-du-faso-invite-de-la-redaction\/","title":{"rendered":"Lutte contre le terrorisme \u00ab\u00a0Ce serait une reddition, si je dis  que je suis fatigu\u00e9\u00bb, Roch Marc Christian Kabor\u00e9,  Pr\u00e9sident du Faso, invit\u00e9 de la R\u00e9daction"},"content":{"rendered":"<div class=\"td-post-sharing-top td-post-sharing td-ps-bg td-ps-padding td-ps-bar td-post-sharing-style6\">\n<div class=\"td-post-sharing-visible\"><a class=\"td-social-sharing-button td-social-sharing-button-js td-social-network td-social-facebook\" href=\"https:\/\/www.facebook.com\/sharer.php?u=https%3A%2F%2Fwww.sidwaya.info%2Fblog%2F2020%2F10%2F29%2Flutte-contre-le-terrorisme-ce-serait-une-reddition-si-je-dis-que-je-suis-fatigue-roch-marc-christian-kabore-president-du-faso-invite-de-la-redaction%2F\"\/><\/p>\n<p>Facebook<\/p>\n<p><a class=\"td-social-sharing-button td-social-sharing-button-js td-social-network td-social-twitter\" href=\"https:\/\/twitter.com\/intent\/tweet?text=Lutte+contre+le+terrorisme+%C2%AB%C2%A0Ce+serait+une+reddition%2C+si+je+dis++que+je+suis+fatigu%C3%A9%C2%BB%2C+Roch+Marc+Christian+Kabor%C3%A9%2C++Pr%C3%A9sident+du+Faso%2C+invit%C3%A9+de+la+R%C3%A9daction&amp;url=https%3A%2F%2Fwww.sidwaya.info%2Fblog%2F2020%2F10%2F29%2Flutte-contre-le-terrorisme-ce-serait-une-reddition-si-je-dis-que-je-suis-fatigue-roch-marc-christian-kabore-president-du-faso-invite-de-la-redaction%2F&amp;via=Quotidien+Sidwaya\"\/><\/p>\n<p>Twitter<\/p>\n<p><a class=\"td-social-sharing-button td-social-sharing-button-js td-social-network td-social-pinterest\" href=\"https:\/\/pinterest.com\/pin\/create\/button\/?url=https:\/\/www.sidwaya.info\/blog\/2020\/10\/29\/lutte-contre-le-terrorisme-ce-serait-une-reddition-si-je-dis-que-je-suis-fatigue-roch-marc-christian-kabore-president-du-faso-invite-de-la-redaction\/&amp;media=https:\/\/www.sidwaya.info\/wp-content\/uploads\/2020\/10\/uneinvite30.jpg&amp;description=Lutte+contre+le+terrorisme+%C2%AB%C2%A0Ce+serait+une+reddition%2C+si+je+dis++que+je+suis+fatigu%C3%A9%C2%BB%2C+Roch+Marc+Christian+Kabor%C3%A9%2C++Pr%C3%A9sident+du+Faso%2C+invit%C3%A9+de+la+R%C3%A9daction\"\/><\/p>\n<p>Pinterest<\/p>\n<p><a class=\"td-social-sharing-button td-social-sharing-button-js td-social-network td-social-whatsapp\" href=\"whatsapp:\/\/send?text=Lutte+contre+le+terrorisme+%C2%AB%C2%A0Ce+serait+une+reddition%2C+si+je+dis++que+je+suis+fatigu%C3%A9%C2%BB%2C+Roch+Marc+Christian+Kabor%C3%A9%2C++Pr%C3%A9sident+du+Faso%2C+invit%C3%A9+de+la+R%C3%A9daction%20%0A%0A%20https:\/\/www.sidwaya.info\/blog\/2020\/10\/29\/lutte-contre-le-terrorisme-ce-serait-une-reddition-si-je-dis-que-je-suis-fatigue-roch-marc-christian-kabore-president-du-faso-invite-de-la-redaction\/\"\/><\/p>\n<p>WhatsApp<\/p>\n<p><a class=\"td-social-sharing-button td-social-sharing-button-js td-social-network td-social-linkedin\" href=\"https:\/\/www.linkedin.com\/shareArticle?mini=true&amp;url=https:\/\/www.sidwaya.info\/blog\/2020\/10\/29\/lutte-contre-le-terrorisme-ce-serait-une-reddition-si-je-dis-que-je-suis-fatigue-roch-marc-christian-kabore-president-du-faso-invite-de-la-redaction\/&amp;title=Lutte+contre+le+terrorisme+%C2%AB%C2%A0Ce+serait+une+reddition%2C+si+je+dis++que+je+suis+fatigu%C3%A9%C2%BB%2C+Roch+Marc+Christian+Kabor%C3%A9%2C++Pr%C3%A9sident+du+Faso%2C+invit%C3%A9+de+la+R%C3%A9daction\"\/><\/p>\n<p>Linkedin<\/p>\n<p><a class=\"td-social-sharing-button td-social-sharing-button-js td-social-network td-social-mail\" href=\"mailto:?subject=Lutte%20contre%20le%20terrorisme%20%C2%AB%C2%A0Ce%20serait%20une%20reddition,%20si%20je%20dis%20que%20je%20suis%20fatigu%C3%A9%C2%BB,%20Roch%20Marc%20Christian%20Kabor%C3%A9,%20Pr%C3%A9sident%20du%20Faso,%20invit%C3%A9%20de%20la%20R%C3%A9daction&amp;body=https:\/\/www.sidwaya.info\/blog\/2020\/10\/29\/lutte-contre-le-terrorisme-ce-serait-une-reddition-si-je-dis-que-je-suis-fatigue-roch-marc-christian-kabore-president-du-faso-invite-de-la-redaction\/\"\/><\/p>\n<p>Email<\/p>\n<p><a class=\"td-social-sharing-button td-social-sharing-button-js td-social-network td-social-print\" href=\"#\"\/><\/p>\n<p>Print<\/p>\n<p><a class=\"td-social-sharing-button td-social-sharing-button-js td-social-network td-social-tumblr\" href=\"https:\/\/www.tumblr.com\/share\/link?url=https:\/\/www.sidwaya.info\/blog\/2020\/10\/29\/lutte-contre-le-terrorisme-ce-serait-une-reddition-si-je-dis-que-je-suis-fatigue-roch-marc-christian-kabore-president-du-faso-invite-de-la-redaction\/&amp;name=Lutte%20contre%20le%20terrorisme%20%C2%AB%C2%A0Ce%20serait%20une%20reddition,%20si%20je%20dis%20que%20je%20suis%20fatigu%C3%A9%C2%BB,%20Roch%20Marc%20Christian%20Kabor%C3%A9,%20Pr%C3%A9sident%20du%20Faso,%20invit%C3%A9%20de%20la%20R%C3%A9daction\"\/><\/p>\n<p>Tumblr<\/p>\n<p><a class=\"td-social-sharing-button td-social-sharing-button-js td-social-network td-social-telegram\" href=\"https:\/\/telegram.me\/share\/url?url=https:\/\/www.sidwaya.info\/blog\/2020\/10\/29\/lutte-contre-le-terrorisme-ce-serait-une-reddition-si-je-dis-que-je-suis-fatigue-roch-marc-christian-kabore-president-du-faso-invite-de-la-redaction\/&amp;text=Lutte+contre+le+terrorisme+%C2%AB%C2%A0Ce+serait+une+reddition%2C+si+je+dis++que+je+suis+fatigu%C3%A9%C2%BB%2C+Roch+Marc+Christian+Kabor%C3%A9%2C++Pr%C3%A9sident+du+Faso%2C+invit%C3%A9+de+la+R%C3%A9daction\"\/><\/p>\n<p>Telegram<\/p>\n<p><a class=\"td-social-sharing-button td-social-sharing-button-js td-social-network td-social-viber\" href=\"viber:\/\/forward?text=Lutte+contre+le+terrorisme+%C2%AB%C2%A0Ce+serait+une+reddition%2C+si+je+dis++que+je+suis+fatigu%C3%A9%C2%BB%2C+Roch+Marc+Christian+Kabor%C3%A9%2C++Pr%C3%A9sident+du+Faso%2C+invit%C3%A9+de+la+R%C3%A9daction%20https:\/\/www.sidwaya.info\/blog\/2020\/10\/29\/lutte-contre-le-terrorisme-ce-serait-une-reddition-si-je-dis-que-je-suis-fatigue-roch-marc-christian-kabore-president-du-faso-invite-de-la-redaction\/\"\/><\/p>\n<p>Viber<\/p>\n<p><a class=\"td-social-sharing-button td-social-sharing-button-js td-social-network td-social-naver\" href=\"https:\/\/share.naver.com\/web\/shareView.nhn?url=https:\/\/www.sidwaya.info\/blog\/2020\/10\/29\/lutte-contre-le-terrorisme-ce-serait-une-reddition-si-je-dis-que-je-suis-fatigue-roch-marc-christian-kabore-president-du-faso-invite-de-la-redaction\/&amp;title=Lutte+contre+le+terrorisme+%C2%AB%C2%A0Ce+serait+une+reddition%2C+si+je+dis++que+je+suis+fatigu%C3%A9%C2%BB%2C+Roch+Marc+Christian+Kabor%C3%A9%2C++Pr%C3%A9sident+du+Faso%2C+invit%C3%A9+de+la+R%C3%A9daction\"\/><\/p>\n<p>Naver<\/p>\n<\/div>\n<\/div>\n<div class=\"td-post-content tagdiv-type\" readability=\"47.219023779725\">\n<div class=\"td-post-featured-image\"><a href=\"https:\/\/www.sidwaya.info\/wp-content\/uploads\/2020\/10\/uneinvite30.jpg\" data-caption=\"\"><img loading=\"lazy\" decoding=\"async\" width=\"696\" height=\"508\" class=\"entry-thumb td-modal-image\" src=\"https:\/\/www.sidwaya.info\/wp-content\/uploads\/2020\/10\/uneinvite30-696x508.jpg\" srcset=\"https:\/\/www.sidwaya.info\/wp-content\/uploads\/2020\/10\/uneinvite30-696x508.jpg 696w, https:\/\/www.sidwaya.info\/wp-content\/uploads\/2020\/10\/uneinvite30-300x219.jpg 300w, https:\/\/www.sidwaya.info\/wp-content\/uploads\/2020\/10\/uneinvite30-768x560.jpg 768w, https:\/\/www.sidwaya.info\/wp-content\/uploads\/2020\/10\/uneinvite30-576x420.jpg 576w, https:\/\/www.sidwaya.info\/wp-content\/uploads\/2020\/10\/uneinvite30-324x235.jpg 324w, https:\/\/www.sidwaya.info\/wp-content\/uploads\/2020\/10\/uneinvite30.jpg 787w\" sizes=\"auto, (max-width: 696px) 100vw, 696px\" alt=\"\" title=\"uneinvite30\"\/><\/a><\/div>\n<p>Sidwaya a re\u00e7u, en invit\u00e9 de la R\u00e9daction, le lundi 26 octobre 2020, le Pr\u00e9sident du Faso, Roch Marc Christian Kabor\u00e9. A la question de savoir si le Burkina n\u00e9gocierait-il avec les terroristes, il a affirm\u00e9\u00a0: \u00ab\u00a0Nous ne n\u00e9gocions pas en sous-main avec les terroristes\u00a0\u00bb. N\u00e9anmoins, il a pr\u00e9cis\u00e9 que des responsables coutumiers et religieux sont sollicit\u00e9s, pour conna\u00eetre les causes de cette prise d\u2019armes contre le pays. \u00ab\u00a0Blaise Compaor\u00e9 n\u2019est pas un tigre qui causerait un probl\u00e8me \u00e0 quelqu\u2019un\u00a0\u00bb, a d\u00e9clar\u00e9 notre h\u00f4te qui soutient qu\u2019une poign\u00e9e de main avec l\u2019ancien chef de l\u2019Etat ne lui causerait aucun probl\u00e8me. D\u2019autres questions, notamment la fronde sociale, la justice, les troisi\u00e8mes mandats, etc., ont \u00e9t\u00e9 \u00e9galement abord\u00e9es.<\/p>\n<p><a href=\"https:\/\/www.sidwaya.info\/numerique\/\">T\u00e9l\u00e9charger<\/a><\/p>\n<div class=\"td-a-rec td-a-rec-id-content_bottom tdi_30_2f3 td_block_template_1\"><img loading=\"lazy\" decoding=\"async\" class=\"aligncenter size-full wp-image-27454\" src=\"https:\/\/www.sidwaya.info\/wp-content\/uploads\/2020\/10\/PUB-Bandeau-paiement-mobile-siteweb.jpg\" alt=\"\" width=\"728\" height=\"90\"\/><\/div>\n<\/div>\n<footer>\n<div class=\"td-post-sharing-bottom\">\n<p><iframe frameborder=\"0\" src=\"https:\/\/www.facebook.com\/plugins\/like.php?href=https:\/\/www.sidwaya.info\/blog\/2020\/10\/29\/lutte-contre-le-terrorisme-ce-serait-une-reddition-si-je-dis-que-je-suis-fatigue-roch-marc-christian-kabore-president-du-faso-invite-de-la-redaction\/&amp;layout=button_count&amp;show_faces=false&amp;width=105&amp;action=like&amp;colorscheme=light&amp;height=21\" class=\"c1\">[embedded content]<\/iframe><\/p>\n<div id=\"td_social_sharing_article_bottom\" class=\"td-post-sharing td-ps-bg td-ps-padding td-post-sharing-style7\">\n<div class=\"td-post-sharing-visible\"><a class=\"td-social-sharing-button td-social-sharing-button-js td-social-network td-social-facebook\" href=\"https:\/\/www.facebook.com\/sharer.php?u=https%3A%2F%2Fwww.sidwaya.info%2Fblog%2F2020%2F10%2F29%2Flutte-contre-le-terrorisme-ce-serait-une-reddition-si-je-dis-que-je-suis-fatigue-roch-marc-christian-kabore-president-du-faso-invite-de-la-redaction%2F\"\/><\/p>\n<p>Facebook<\/p>\n<p><a class=\"td-social-sharing-button td-social-sharing-button-js td-social-network td-social-twitter\" href=\"https:\/\/twitter.com\/intent\/tweet?text=Lutte+contre+le+terrorisme+%C2%AB%C2%A0Ce+serait+une+reddition%2C+si+je+dis++que+je+suis+fatigu%C3%A9%C2%BB%2C+Roch+Marc+Christian+Kabor%C3%A9%2C++Pr%C3%A9sident+du+Faso%2C+invit%C3%A9+de+la+R%C3%A9daction&amp;url=https%3A%2F%2Fwww.sidwaya.info%2Fblog%2F2020%2F10%2F29%2Flutte-contre-le-terrorisme-ce-serait-une-reddition-si-je-dis-que-je-suis-fatigue-roch-marc-christian-kabore-president-du-faso-invite-de-la-redaction%2F&amp;via=Quotidien+Sidwaya\"\/><\/p>\n<p>Twitter<\/p>\n<p><a class=\"td-social-sharing-button td-social-sharing-button-js td-social-network td-social-pinterest\" href=\"https:\/\/pinterest.com\/pin\/create\/button\/?url=https:\/\/www.sidwaya.info\/blog\/2020\/10\/29\/lutte-contre-le-terrorisme-ce-serait-une-reddition-si-je-dis-que-je-suis-fatigue-roch-marc-christian-kabore-president-du-faso-invite-de-la-redaction\/&amp;media=https:\/\/www.sidwaya.info\/wp-content\/uploads\/2020\/10\/uneinvite30.jpg&amp;description=Lutte+contre+le+terrorisme+%C2%AB%C2%A0Ce+serait+une+reddition%2C+si+je+dis++que+je+suis+fatigu%C3%A9%C2%BB%2C+Roch+Marc+Christian+Kabor%C3%A9%2C++Pr%C3%A9sident+du+Faso%2C+invit%C3%A9+de+la+R%C3%A9daction\"\/><\/p>\n<p>Pinterest<\/p>\n<p><a class=\"td-social-sharing-button td-social-sharing-button-js td-social-network td-social-whatsapp\" href=\"whatsapp:\/\/send?text=Lutte+contre+le+terrorisme+%C2%AB%C2%A0Ce+serait+une+reddition%2C+si+je+dis++que+je+suis+fatigu%C3%A9%C2%BB%2C+Roch+Marc+Christian+Kabor%C3%A9%2C++Pr%C3%A9sident+du+Faso%2C+invit%C3%A9+de+la+R%C3%A9daction%20%0A%0A%20https:\/\/www.sidwaya.info\/blog\/2020\/10\/29\/lutte-contre-le-terrorisme-ce-serait-une-reddition-si-je-dis-que-je-suis-fatigue-roch-marc-christian-kabore-president-du-faso-invite-de-la-redaction\/\"\/><\/p>\n<p>WhatsApp<\/p>\n<p><a class=\"td-social-sharing-button td-social-sharing-button-js td-social-network td-social-linkedin\" href=\"https:\/\/www.linkedin.com\/shareArticle?mini=true&amp;url=https:\/\/www.sidwaya.info\/blog\/2020\/10\/29\/lutte-contre-le-terrorisme-ce-serait-une-reddition-si-je-dis-que-je-suis-fatigue-roch-marc-christian-kabore-president-du-faso-invite-de-la-redaction\/&amp;title=Lutte+contre+le+terrorisme+%C2%AB%C2%A0Ce+serait+une+reddition%2C+si+je+dis++que+je+suis+fatigu%C3%A9%C2%BB%2C+Roch+Marc+Christian+Kabor%C3%A9%2C++Pr%C3%A9sident+du+Faso%2C+invit%C3%A9+de+la+R%C3%A9daction\"\/><\/p>\n<p>Linkedin<\/p>\n<p><a class=\"td-social-sharing-button td-social-sharing-button-js td-social-network td-social-mail\" href=\"mailto:?subject=Lutte%20contre%20le%20terrorisme%20%C2%AB%C2%A0Ce%20serait%20une%20reddition,%20si%20je%20dis%20que%20je%20suis%20fatigu%C3%A9%C2%BB,%20Roch%20Marc%20Christian%20Kabor%C3%A9,%20Pr%C3%A9sident%20du%20Faso,%20invit%C3%A9%20de%20la%20R%C3%A9daction&amp;body=https:\/\/www.sidwaya.info\/blog\/2020\/10\/29\/lutte-contre-le-terrorisme-ce-serait-une-reddition-si-je-dis-que-je-suis-fatigue-roch-marc-christian-kabore-president-du-faso-invite-de-la-redaction\/\"\/><\/p>\n<p>Email<\/p>\n<p><a class=\"td-social-sharing-button td-social-sharing-button-js td-social-network td-social-print\" href=\"#\"\/><\/p>\n<p>Print<\/p>\n<p><a class=\"td-social-sharing-button td-social-sharing-button-js td-social-network td-social-tumblr\" href=\"https:\/\/www.tumblr.com\/share\/link?url=https:\/\/www.sidwaya.info\/blog\/2020\/10\/29\/lutte-contre-le-terrorisme-ce-serait-une-reddition-si-je-dis-que-je-suis-fatigue-roch-marc-christian-kabore-president-du-faso-invite-de-la-redaction\/&amp;name=Lutte%20contre%20le%20terrorisme%20%C2%AB%C2%A0Ce%20serait%20une%20reddition,%20si%20je%20dis%20que%20je%20suis%20fatigu%C3%A9%C2%BB,%20Roch%20Marc%20Christian%20Kabor%C3%A9,%20Pr%C3%A9sident%20du%20Faso,%20invit%C3%A9%20de%20la%20R%C3%A9daction\"\/><\/p>\n<p>Tumblr<\/p>\n<p><a class=\"td-social-sharing-button td-social-sharing-button-js td-social-network td-social-telegram\" href=\"https:\/\/telegram.me\/share\/url?url=https:\/\/www.sidwaya.info\/blog\/2020\/10\/29\/lutte-contre-le-terrorisme-ce-serait-une-reddition-si-je-dis-que-je-suis-fatigue-roch-marc-christian-kabore-president-du-faso-invite-de-la-redaction\/&amp;text=Lutte+contre+le+terrorisme+%C2%AB%C2%A0Ce+serait+une+reddition%2C+si+je+dis++que+je+suis+fatigu%C3%A9%C2%BB%2C+Roch+Marc+Christian+Kabor%C3%A9%2C++Pr%C3%A9sident+du+Faso%2C+invit%C3%A9+de+la+R%C3%A9daction\"\/><\/p>\n<p>Telegram<\/p>\n<p><a class=\"td-social-sharing-button td-social-sharing-button-js td-social-network td-social-viber\" href=\"viber:\/\/forward?text=Lutte+contre+le+terrorisme+%C2%AB%C2%A0Ce+serait+une+reddition%2C+si+je+dis++que+je+suis+fatigu%C3%A9%C2%BB%2C+Roch+Marc+Christian+Kabor%C3%A9%2C++Pr%C3%A9sident+du+Faso%2C+invit%C3%A9+de+la+R%C3%A9daction%20https:\/\/www.sidwaya.info\/blog\/2020\/10\/29\/lutte-contre-le-terrorisme-ce-serait-une-reddition-si-je-dis-que-je-suis-fatigue-roch-marc-christian-kabore-president-du-faso-invite-de-la-redaction\/\"\/><\/p>\n<p>Viber<\/p>\n<p><a class=\"td-social-sharing-button td-social-sharing-button-js td-social-network td-social-naver\" href=\"https:\/\/share.naver.com\/web\/shareView.nhn?url=https:\/\/www.sidwaya.info\/blog\/2020\/10\/29\/lutte-contre-le-terrorisme-ce-serait-une-reddition-si-je-dis-que-je-suis-fatigue-roch-marc-christian-kabore-president-du-faso-invite-de-la-redaction\/&amp;title=Lutte+contre+le+terrorisme+%C2%AB%C2%A0Ce+serait+une+reddition%2C+si+je+dis++que+je+suis+fatigu%C3%A9%C2%BB%2C+Roch+Marc+Christian+Kabor%C3%A9%2C++Pr%C3%A9sident+du+Faso%2C+invit%C3%A9+de+la+R%C3%A9daction\"\/><\/p>\n<p>Naver<\/p>\n<\/div>\n<\/div>\n<\/div>\n<div class=\"td-block-row td-post-next-prev\">\n<div class=\"td-block-span6 td-post-prev-post td-post-next-prev-content\"><span>Article pr\u00e9c\u00e9dent<\/span><a href=\"https:\/\/www.sidwaya.info\/blog\/2020\/10\/29\/une-sidwaya-du-30-10-2020\/\">Une Sidwaya du 30 10 2020<\/a><\/div>\n<\/div>\n<\/footer>\n<p>Auteur: BM. Sidwaya<br \/>\n<a href=\"https:\/\/www.sidwaya.info\/blog\/2020\/10\/29\/lutte-contre-le-terrorisme-ce-serait-une-reddition-si-je-dis-que-je-suis-fatigue-roch-marc-christian-kabore-president-du-faso-invite-de-la-redaction\/\">Cliquez ici pour lire l&rsquo;article depuis sa source.<\/a><\/p>\n","protected":false},"excerpt":{"rendered":"<p>Facebook Twitter Pinterest WhatsApp Linkedin Email Print Tumblr Telegram Viber Naver Sidwaya a re\u00e7u, en invit\u00e9 de la R\u00e9daction, le lundi 26 octobre 2020, le Pr\u00e9sident du Faso, Roch Marc Christian Kabor\u00e9. A la question de savoir si le Burkina n\u00e9gocierait-il avec les terroristes, il a affirm\u00e9\u00a0: \u00ab\u00a0Nous ne n\u00e9gocions pas en sous-main avec les [&hellip;]<\/p>\n","protected":false},"author":1816,"featured_media":103166,"comment_status":"closed","ping_status":"closed","sticky":false,"template":"","format":"standard","meta":{"fifu_image_url":"","fifu_image_alt":"","footnotes":""},"categories":[73,81],"tags":[],"class_list":["post-103165","post","type-post","status-publish","format-standard","has-post-thumbnail","hentry","category-actualite","category-burkina-faso"],"_links":{"self":[{"href":"https:\/\/linitiative.ca\/International\/wp-json\/wp\/v2\/posts\/103165","targetHints":{"allow":["GET"]}}],"collection":[{"href":"https:\/\/linitiative.ca\/International\/wp-json\/wp\/v2\/posts"}],"about":[{"href":"https:\/\/linitiative.ca\/International\/wp-json\/wp\/v2\/types\/post"}],"author":[{"embeddable":true,"href":"https:\/\/linitiative.ca\/International\/wp-json\/wp\/v2\/users\/1816"}],"replies":[{"embeddable":true,"href":"https:\/\/linitiative.ca\/International\/wp-json\/wp\/v2\/comments?post=103165"}],"version-history":[{"count":0,"href":"https:\/\/linitiative.ca\/International\/wp-json\/wp\/v2\/posts\/103165\/revisions"}],"wp:featuredmedia":[{"embeddable":true,"href":"https:\/\/linitiative.ca\/International\/wp-json\/"}],"wp:attachment":[{"href":"https:\/\/linitiative.ca\/International\/wp-json\/wp\/v2\/media?parent=103165"}],"wp:term":[{"taxonomy":"category","embeddable":true,"href":"https:\/\/linitiative.ca\/International\/wp-json\/wp\/v2\/categories?post=103165"},{"taxonomy":"post_tag","embeddable":true,"href":"https:\/\/linitiative.ca\/International\/wp-json\/wp\/v2\/tags?post=103165"}],"curies":[{"name":"wp","href":"https:\/\/api.w.org\/{rel}","templated":true}]}}