{"id":103178,"date":"2020-10-29T15:13:26","date_gmt":"2020-10-29T19:13:26","guid":{"rendered":"https:\/\/linitiative.ca\/International\/cameroun-la-lfpc-annonce-le-demarrage-du-championnat-a-la-date-ou-la-fecafoot-projette-recycler-les-arbitres\/"},"modified":"2020-10-29T15:13:26","modified_gmt":"2020-10-29T19:13:26","slug":"cameroun-la-lfpc-annonce-le-demarrage-du-championnat-a-la-date-ou-la-fecafoot-projette-recycler-les-arbitres","status":"publish","type":"post","link":"https:\/\/linitiative.ca\/International\/cameroun-la-lfpc-annonce-le-demarrage-du-championnat-a-la-date-ou-la-fecafoot-projette-recycler-les-arbitres\/","title":{"rendered":"Cameroun : la LFPC annonce le d\u00e9marrage du championnat \u00e0 la date o\u00f9 la F\u00e9cafoot projette recycler les arbitres"},"content":{"rendered":"<div readability=\"32\">\n<p>Publi\u00e9 le 29.10.2020 \u00e0 20h13 par Christian Djimadeu<\/p>\n<\/div>\n<div readability=\"57\">\n<h2 class=\"c6\">La Ligue de football professionnel (LFPC) annonce qu\u2019elle va lancer le championnat le 1 er novembre 2020. Un jour o\u00f9 la F\u00e9d\u00e9ration camerounaise de football (F\u00e9cafoot) s\u2019appr\u00eate plut\u00f4t \u00e0 recycler les abrites pour le m\u00eame but.<\/h2>\n<p class=\"c7\">Le dialogue ne passe pas entre F\u00e9cafoot et la LFPC. Dans un communiqu\u00e9 publi\u00e9 ce 29 octobre 2020, la Ligue de football professionnel annonce le d\u00e9marrage du championnat le 1<sup>er<\/sup> novembre. Avec \u00e0 l\u2019affiche un certain Coton sport de Garoua contre Panth\u00e8re du Nd\u00e9.<\/p>\n<p class=\"c7\">Or,\u00a0 un communiqu\u00e9 de la F\u00e9cafoot sign\u00e9 du 26 octobre 2020 \u00a0qui fait le tour des r\u00e9seaux sociaux \u00a0seulement depuis cet apr\u00e8s-midi, convoque les arbitres \u00e0 un regroupement d\u00e8s\u00a0 le 2 novembre, en vue, pr\u00e9cise la F\u00e9cafoot de pr\u00e9parer\u00a0 le d\u00e9marrage du championnat. Pourtant, son bras s\u00e9culier la LFPC annonce qu\u2019il \u00a0sera lanc\u00e9 la veille.<\/p>\n<p class=\"c7\">Dans le d\u00e9tail, \u00a0le communiqu\u00e9 de la F\u00e9cafoot invite les arbitres et arbitres assistants des championnats de football f\u00e9minin du 30 au 1<sup>er<\/sup> novembre au Centre technique de la f\u00e9d\u00e9ration. Ensuite ceux de la Ligue 1 masculine du 2 au 4 novembre dans un h\u00f4tel de la Rue Marc Vivien Fo\u00e9 en plein centre-ville de Yaound\u00e9.<\/p>\n<p class=\"c7\">Le pr\u00e9sident de la Ligue a d\u00e9clar\u00e9 lors de l\u2019Assembl\u00e9e g\u00e9n\u00e9rale extraordinaire tenue le 27 octobre dernier, que le gouvernement \u00e0 travers le minist\u00e8re des Finances a d\u00e9caiss\u00e9 une premi\u00e8re partie de la subvention publique au football professionnel.\u00a0 Tandis que la F\u00e9cafoot aurait refus\u00e9 de s\u2019acquitter de sa quotepart.<\/p>\n<\/div>\n<p>Auteur: Christian DJIMADEU<br \/>\n<a href=\"https:\/\/www.journalducameroun.com\/cameroun-la-lfpc-annonce-le-demarrage-du-championnat-a-la-date-ou-la-fecafoot-projette-recycler-les-arbitres-cameroun\/\">Cliquez ici pour lire l&rsquo;article depuis sa source.<\/a><\/p>\n","protected":false},"excerpt":{"rendered":"<p>Publi\u00e9 le 29.10.2020 \u00e0 20h13 par Christian Djimadeu La Ligue de football professionnel (LFPC) annonce qu\u2019elle va lancer le championnat le 1 er novembre 2020. Un jour o\u00f9 la F\u00e9d\u00e9ration camerounaise de football (F\u00e9cafoot) s\u2019appr\u00eate plut\u00f4t \u00e0 recycler les abrites pour le m\u00eame but. Le dialogue ne passe pas entre F\u00e9cafoot et la LFPC. Dans [&hellip;]<\/p>\n","protected":false},"author":1965,"featured_media":0,"comment_status":"closed","ping_status":"closed","sticky":false,"template":"","format":"standard","meta":{"fifu_image_url":"","fifu_image_alt":"","footnotes":""},"categories":[73,82],"tags":[],"class_list":["post-103178","post","type-post","status-publish","format-standard","hentry","category-actualite","category-cameroun"],"_links":{"self":[{"href":"https:\/\/linitiative.ca\/International\/wp-json\/wp\/v2\/posts\/103178","targetHints":{"allow":["GET"]}}],"collection":[{"href":"https:\/\/linitiative.ca\/International\/wp-json\/wp\/v2\/posts"}],"about":[{"href":"https:\/\/linitiative.ca\/International\/wp-json\/wp\/v2\/types\/post"}],"author":[{"embeddable":true,"href":"https:\/\/linitiative.ca\/International\/wp-json\/wp\/v2\/users\/1965"}],"replies":[{"embeddable":true,"href":"https:\/\/linitiative.ca\/International\/wp-json\/wp\/v2\/comments?post=103178"}],"version-history":[{"count":0,"href":"https:\/\/linitiative.ca\/International\/wp-json\/wp\/v2\/posts\/103178\/revisions"}],"wp:attachment":[{"href":"https:\/\/linitiative.ca\/International\/wp-json\/wp\/v2\/media?parent=103178"}],"wp:term":[{"taxonomy":"category","embeddable":true,"href":"https:\/\/linitiative.ca\/International\/wp-json\/wp\/v2\/categories?post=103178"},{"taxonomy":"post_tag","embeddable":true,"href":"https:\/\/linitiative.ca\/International\/wp-json\/wp\/v2\/tags?post=103178"}],"curies":[{"name":"wp","href":"https:\/\/api.w.org\/{rel}","templated":true}]}}