{"id":103179,"date":"2020-10-29T15:30:41","date_gmt":"2020-10-29T19:30:41","guid":{"rendered":"https:\/\/linitiative.ca\/International\/cameroun-une-organisation-denonce-les-medias-et-partis-politiques-complaisants-face-aux-massacres-dans-le-noso\/"},"modified":"2020-10-29T15:30:41","modified_gmt":"2020-10-29T19:30:41","slug":"cameroun-une-organisation-denonce-les-medias-et-partis-politiques-complaisants-face-aux-massacres-dans-le-noso","status":"publish","type":"post","link":"https:\/\/linitiative.ca\/International\/cameroun-une-organisation-denonce-les-medias-et-partis-politiques-complaisants-face-aux-massacres-dans-le-noso\/","title":{"rendered":"Cameroun : une Organisation d\u00e9nonce les m\u00e9dias et partis politiques complaisants face aux massacres dans le Noso"},"content":{"rendered":"<div readability=\"32\">\n<p>Publi\u00e9 le 29.10.2020 \u00e0 20h30 par Christian Djimadeu<\/p>\n<\/div>\n<div readability=\"53\">\n<h2 class=\"c6\">Certains acteurs politiques et des professionnels des m\u00e9dias attiseraient la crise dans les r\u00e9gions dans les r\u00e9gions du Nord-Ouest et du Soud-Ouest, selon l\u2019Observatoire du d\u00e9veloppement soci\u00e9tal qui condamne le massacre du 24 octobre 2020 \u00e0 Kumba.<\/h2>\n<p class=\"c7\">En condamnant le <strong>massacre de Kumba<\/strong> qui caus\u00e9 la mort de sept enfants et environ 15 bless\u00e9s dans le Sud-Ouest le 24 octobre dernier, l\u2019Observatoire du d\u00e9veloppement soci\u00e9tal (ODS) interpelle certains <strong>acteurs politiques<\/strong>. Elle\u00a0 s\u2019\u00e9tonne que \u00ab\u00a0<em>des partis politiques qui aspirent \u00a0acc\u00e9der au pouvoir ne soient pas suffisamment citoyens pour condamner avec la derni\u00e8re \u00e9nergie les actes de barbarie qui d\u00e9chirent notre Pays depuis plusieurs ann\u00e9es. Bien au contraire, on les compte parmi les acteurs qui, tels des chevaux de Troie \u00bb distillent sournoisement des appuis multiformes \u00e0 ces Forces r\u00e9put\u00e9es insurrectionnelles<\/em>\u00a0\u00bb.<\/p>\n<p class=\"c7\">Sans tout aussi\u00a0 les citer nomm\u00e9ment, l\u2019<strong>ODS<\/strong> pointe un\u00a0 doigt accusateur sur certains <strong>m\u00e9dias<\/strong>. \u00ab<em>\u00a0De m\u00eame, l\u2019Observatoire s\u2019insurge avec indignation face au constat r\u00e9current qu\u2019une certaine presse se pose implicitement en plateforme et relais de communication et de propagande<\/em> <em>pour ces groupes d\u2019assassins\u00a0<\/em>\u00bb.<\/p>\n<p class=\"c7\">Pour cela, elle\u00a0 demande aux autorit\u00e9s d\u2019activer les services sp\u00e9cialis\u00e9s et op\u00e9rationnels pour d\u00e9masquer\u00a0 \u00ab\u00a0<em>ces ennemis de la R\u00e9publique<\/em>\u00a0\u00bb et les conduire devant des juridictions comp\u00e9tentes tant a l\u2019int\u00e9rieur qu\u2019\u00e0 l\u2019ext\u00e9rieur du pays. \u00ab\u00a0 <em>Car il est clair que le cap de l\u2019horreur franchi par ces Criminels appelle une r\u00e9ponse d\u2019une implacable fermet\u00e9<\/em>\u00a0\u00bb, condamne <strong>Lilian Koulou Engoulou<\/strong>, le coordonnateur de cette organisation.<\/p>\n<\/div>\n<p>Auteur: Christian DJIMADEU<br \/>\n<a href=\"https:\/\/www.journalducameroun.com\/cameroun-une-organisation-denonce-les-medias-et-partis-politiques-complaisants-face-aux-massacres-dans-le-noso-cameroun\/\">Cliquez ici pour lire l&rsquo;article depuis sa source.<\/a><\/p>\n","protected":false},"excerpt":{"rendered":"<p>Publi\u00e9 le 29.10.2020 \u00e0 20h30 par Christian Djimadeu Certains acteurs politiques et des professionnels des m\u00e9dias attiseraient la crise dans les r\u00e9gions dans les r\u00e9gions du Nord-Ouest et du Soud-Ouest, selon l\u2019Observatoire du d\u00e9veloppement soci\u00e9tal qui condamne le massacre du 24 octobre 2020 \u00e0 Kumba. En condamnant le massacre de Kumba qui caus\u00e9 la mort [&hellip;]<\/p>\n","protected":false},"author":1965,"featured_media":0,"comment_status":"closed","ping_status":"closed","sticky":false,"template":"","format":"standard","meta":{"fifu_image_url":"","fifu_image_alt":"","footnotes":""},"categories":[73,82],"tags":[],"class_list":["post-103179","post","type-post","status-publish","format-standard","hentry","category-actualite","category-cameroun"],"_links":{"self":[{"href":"https:\/\/linitiative.ca\/International\/wp-json\/wp\/v2\/posts\/103179","targetHints":{"allow":["GET"]}}],"collection":[{"href":"https:\/\/linitiative.ca\/International\/wp-json\/wp\/v2\/posts"}],"about":[{"href":"https:\/\/linitiative.ca\/International\/wp-json\/wp\/v2\/types\/post"}],"author":[{"embeddable":true,"href":"https:\/\/linitiative.ca\/International\/wp-json\/wp\/v2\/users\/1965"}],"replies":[{"embeddable":true,"href":"https:\/\/linitiative.ca\/International\/wp-json\/wp\/v2\/comments?post=103179"}],"version-history":[{"count":0,"href":"https:\/\/linitiative.ca\/International\/wp-json\/wp\/v2\/posts\/103179\/revisions"}],"wp:attachment":[{"href":"https:\/\/linitiative.ca\/International\/wp-json\/wp\/v2\/media?parent=103179"}],"wp:term":[{"taxonomy":"category","embeddable":true,"href":"https:\/\/linitiative.ca\/International\/wp-json\/wp\/v2\/categories?post=103179"},{"taxonomy":"post_tag","embeddable":true,"href":"https:\/\/linitiative.ca\/International\/wp-json\/wp\/v2\/tags?post=103179"}],"curies":[{"name":"wp","href":"https:\/\/api.w.org\/{rel}","templated":true}]}}