{"id":103205,"date":"2020-10-29T15:30:00","date_gmt":"2020-10-29T19:30:00","guid":{"rendered":"https:\/\/linitiative.ca\/International\/tebboune-recoit-un-traitement-en-allemagne-son-etat-de-sante-pas-preoccupant\/"},"modified":"2020-10-29T15:30:00","modified_gmt":"2020-10-29T19:30:00","slug":"tebboune-recoit-un-traitement-en-allemagne-son-etat-de-sante-pas-preoccupant","status":"publish","type":"post","link":"https:\/\/linitiative.ca\/International\/tebboune-recoit-un-traitement-en-allemagne-son-etat-de-sante-pas-preoccupant\/","title":{"rendered":"Tebboune re\u00e7oit un traitement en Allemagne, son \u00e9tat de sant\u00e9   \u00ab\u00a0pas pr\u00e9occupant\u00a0\u00bb"},"content":{"rendered":"<div id=\"originalText\" readability=\"51\">\n<p class=\"c6\">Le Pr\u00e9sident de la R\u00e9publique, Abdelmadjid\u00a0Tebboune, qui a subi des examens m\u00e9dicaux approfondis dans un grand h\u00f4pital\u00a0sp\u00e9cialis\u00e9 allemand, \u00ab\u00a0re\u00e7oit actuellement le traitement ad\u00e9quat et son \u00e9tat\u00a0de sant\u00e9 est stable et n&rsquo;est pas pr\u00e9occupant\u00a0\u00bb, a indiqu\u00e9 jeudi un\u00a0communiqu\u00e9 de la Pr\u00e9sidence de la R\u00e9publique.<\/p>\n<p class=\"c6\">\u00ab\u00a0Apr\u00e8s les examens m\u00e9dicaux approfondis qu&rsquo;a subis le Pr\u00e9sident de la\u00a0R\u00e9publique, M. Abdelmadjid Tebboune, dans un grand h\u00f4pital sp\u00e9cialis\u00e9\u00a0allemand, le staff m\u00e9dical affirme que les r\u00e9sultats de ces examens sont\u00a0\u00a0<br \/>rassurants\u00a0\u00bb, pr\u00e9cise le communiqu\u00e9.\u00a0<\/p>\n<p class=\"c6\">\u00ab\u00a0Le Pr\u00e9sident re\u00e7oit actuellement le traitement ad\u00e9quat et son \u00e9tat de\u00a0sant\u00e9 est stable et n&rsquo;est pas pr\u00e9occupant\u00a0\u00bb, conclut le communiqu\u00e9.<\/p>\n<p class=\"c7\"><strong>APS<\/strong><\/p>\n<\/div>\n<div id=\"text_core\" readability=\"51\">\n<p class=\"c6\">Le Pr\u00e9sident de la R\u00e9publique, Abdelmadjid\u00a0Tebboune, qui a subi des examens m\u00e9dicaux approfondis dans un grand h\u00f4pital\u00a0sp\u00e9cialis\u00e9 allemand, \u00ab\u00a0re\u00e7oit actuellement le traitement ad\u00e9quat et son \u00e9tat\u00a0de sant\u00e9 est stable et n&rsquo;est pas pr\u00e9occupant\u00a0\u00bb, a indiqu\u00e9 jeudi un\u00a0communiqu\u00e9 de la Pr\u00e9sidence de la R\u00e9publique.<\/p>\n<p class=\"c6\">\u00ab\u00a0Apr\u00e8s les examens m\u00e9dicaux approfondis qu&rsquo;a subis le Pr\u00e9sident de la\u00a0R\u00e9publique, M. Abdelmadjid Tebboune, dans un grand h\u00f4pital sp\u00e9cialis\u00e9\u00a0allemand, le staff m\u00e9dical affirme que les r\u00e9sultats de ces examens sont\u00a0\u00a0<br \/>rassurants\u00a0\u00bb, pr\u00e9cise le communiqu\u00e9.\u00a0<\/p>\n<p class=\"c6\">\u00ab\u00a0Le Pr\u00e9sident re\u00e7oit actuellement le traitement ad\u00e9quat et son \u00e9tat de\u00a0sant\u00e9 est stable et n&rsquo;est pas pr\u00e9occupant\u00a0\u00bb, conclut le communiqu\u00e9.<\/p>\n<p class=\"c7\"><strong>APS<\/strong><\/p>\n<\/div>\n<p>Auteur:<br \/>\n<a href=\"https:\/\/www.liberte-algerie.com\/actualite\/tebboune-recoit-un-traitement-en-allemagne-son-etat-de-sante-pas-preoccupant-348106\">Cliquez ici pour lire l&rsquo;article depuis sa source.<\/a><\/p>\n","protected":false},"excerpt":{"rendered":"<p>Le Pr\u00e9sident de la R\u00e9publique, Abdelmadjid\u00a0Tebboune, qui a subi des examens m\u00e9dicaux approfondis dans un grand h\u00f4pital\u00a0sp\u00e9cialis\u00e9 allemand, \u00ab\u00a0re\u00e7oit actuellement le traitement ad\u00e9quat et son \u00e9tat\u00a0de sant\u00e9 est stable et n&rsquo;est pas pr\u00e9occupant\u00a0\u00bb, a indiqu\u00e9 jeudi un\u00a0communiqu\u00e9 de la Pr\u00e9sidence de la R\u00e9publique. \u00ab\u00a0Apr\u00e8s les examens m\u00e9dicaux approfondis qu&rsquo;a subis le Pr\u00e9sident de la\u00a0R\u00e9publique, M. [&hellip;]<\/p>\n","protected":false},"author":1742,"featured_media":0,"comment_status":"closed","ping_status":"closed","sticky":false,"template":"","format":"standard","meta":{"fifu_image_url":"","fifu_image_alt":"","footnotes":""},"categories":[73,53],"tags":[],"class_list":["post-103205","post","type-post","status-publish","format-standard","hentry","category-actualite","category-algerie"],"_links":{"self":[{"href":"https:\/\/linitiative.ca\/International\/wp-json\/wp\/v2\/posts\/103205","targetHints":{"allow":["GET"]}}],"collection":[{"href":"https:\/\/linitiative.ca\/International\/wp-json\/wp\/v2\/posts"}],"about":[{"href":"https:\/\/linitiative.ca\/International\/wp-json\/wp\/v2\/types\/post"}],"author":[{"embeddable":true,"href":"https:\/\/linitiative.ca\/International\/wp-json\/wp\/v2\/users\/1742"}],"replies":[{"embeddable":true,"href":"https:\/\/linitiative.ca\/International\/wp-json\/wp\/v2\/comments?post=103205"}],"version-history":[{"count":0,"href":"https:\/\/linitiative.ca\/International\/wp-json\/wp\/v2\/posts\/103205\/revisions"}],"wp:attachment":[{"href":"https:\/\/linitiative.ca\/International\/wp-json\/wp\/v2\/media?parent=103205"}],"wp:term":[{"taxonomy":"category","embeddable":true,"href":"https:\/\/linitiative.ca\/International\/wp-json\/wp\/v2\/categories?post=103205"},{"taxonomy":"post_tag","embeddable":true,"href":"https:\/\/linitiative.ca\/International\/wp-json\/wp\/v2\/tags?post=103205"}],"curies":[{"name":"wp","href":"https:\/\/api.w.org\/{rel}","templated":true}]}}