{"id":103227,"date":"2020-10-30T15:13:42","date_gmt":"2020-10-30T19:13:42","guid":{"rendered":"https:\/\/linitiative.ca\/International\/international-affaire-fifa-al-khelaifi-acquitte\/"},"modified":"2020-10-30T15:13:42","modified_gmt":"2020-10-30T19:13:42","slug":"international-affaire-fifa-al-khelaifi-acquitte","status":"publish","type":"post","link":"https:\/\/linitiative.ca\/International\/international-affaire-fifa-al-khelaifi-acquitte\/","title":{"rendered":"International : Affaire FIFA: Al-Khela\u00effi acquitt\u00e9 !"},"content":{"rendered":"<div readability=\"32\">\n<p>Auteur : <span class=\"time\">vendredi 30 octobre 2020 16:46<\/span><\/p>\n<\/div>\n<div id=\"post_core\" readability=\"48\">\n<p>Poursuivi pour \u00ab\u00a0instigation \u00e0 gestion d\u00e9loyale aggrav\u00e9e\u00a0\u00bb dans un dossier concernant l&rsquo;attribution des droits TV des Coupes du monde 2026 et 2030, le pr\u00e9sident de beIN Media Group et du Paris Saint-Germain, Nasser Al-Khela\u00effi, a \u00e9t\u00e9 acquitt\u00e9 par la justice suisse ce vendredi. Le 22 septembre dernier, le parquet suisse avait requis 28 mois de prison contre le dirigeant qatari: \u00ab\u00a0Apr\u00e8s quatre ann\u00e9es d&rsquo;all\u00e9gations sans fondement, d&rsquo;accusations fictives et d&rsquo;atteintes constantes \u00e0 ma r\u00e9putation, la justice m\u2019a enti\u00e8rement blanchi, a r\u00e9agi le dirigeant du PSG. Le verdict d&rsquo;aujourd&rsquo;hui est une v\u00e9ritable victoire. Il confirme que j\u2019ai toujours agi dans le respect le plus strict du droit et des proc\u00e9dures. J\u2019ai toujours fait confiance \u00e0 la justice avec laquelle j\u2019ai collabor\u00e9 activement durant de long mois pour que soit rejet\u00e9es ces accusations totalement infond\u00e9es. Dans chacune de mes fonctions, je vais continuer \u00e0 mettre en \u0153uvre toute mon \u00e9nergie au service du sport, et plus encore dans ce moment o\u00f9 il a besoin de la mobilisation de toutes les forces vives.\u00a0\u00bb En revanche, l&rsquo;ex-num\u00e9ro 2 de la FIFA J\u00e9r\u00f4me Valcke, poursuivi pour \u00ab\u00a0corruption passive r\u00e9p\u00e9t\u00e9e\u00a0\u00bb est lui condamn\u00e9 \u00e0 120 jours-amende avec sursis rapporte Maxifoot.fr.<\/p>\n<p><strong>Publi\u00e9 dans :<\/strong> <span>Al-Khela\u00effi<\/span><\/p>\n<\/div>\n<p>Auteur:<br \/>\n<a href=\"http:\/\/www.lebuteur.com\/article\/detail?titre=affaire-fifa-al-khelaifi-acquitte&#038;id=97787&#038;utm_source=feedburner&#038;utm_medium=feed&#038;utm_campaign=Feed%3A+GalerieFArtciles+%28Les+derniers+articles++-+lebuteur.com%29\">Cliquez ici pour lire l&rsquo;article depuis sa source.<\/a><\/p>\n","protected":false},"excerpt":{"rendered":"<p>Auteur : vendredi 30 octobre 2020 16:46 Poursuivi pour \u00ab\u00a0instigation \u00e0 gestion d\u00e9loyale aggrav\u00e9e\u00a0\u00bb dans un dossier concernant l&rsquo;attribution des droits TV des Coupes du monde 2026 et 2030, le pr\u00e9sident de beIN Media Group et du Paris Saint-Germain, Nasser Al-Khela\u00effi, a \u00e9t\u00e9 acquitt\u00e9 par la justice suisse ce vendredi. Le 22 septembre dernier, le [&hellip;]<\/p>\n","protected":false},"author":1738,"featured_media":103228,"comment_status":"closed","ping_status":"closed","sticky":false,"template":"","format":"standard","meta":{"fifu_image_url":"","fifu_image_alt":"","footnotes":""},"categories":[53,75],"tags":[],"class_list":["post-103227","post","type-post","status-publish","format-standard","has-post-thumbnail","hentry","category-algerie","category-sport"],"_links":{"self":[{"href":"https:\/\/linitiative.ca\/International\/wp-json\/wp\/v2\/posts\/103227","targetHints":{"allow":["GET"]}}],"collection":[{"href":"https:\/\/linitiative.ca\/International\/wp-json\/wp\/v2\/posts"}],"about":[{"href":"https:\/\/linitiative.ca\/International\/wp-json\/wp\/v2\/types\/post"}],"author":[{"embeddable":true,"href":"https:\/\/linitiative.ca\/International\/wp-json\/wp\/v2\/users\/1738"}],"replies":[{"embeddable":true,"href":"https:\/\/linitiative.ca\/International\/wp-json\/wp\/v2\/comments?post=103227"}],"version-history":[{"count":0,"href":"https:\/\/linitiative.ca\/International\/wp-json\/wp\/v2\/posts\/103227\/revisions"}],"wp:featuredmedia":[{"embeddable":true,"href":"https:\/\/linitiative.ca\/International\/wp-json\/"}],"wp:attachment":[{"href":"https:\/\/linitiative.ca\/International\/wp-json\/wp\/v2\/media?parent=103227"}],"wp:term":[{"taxonomy":"category","embeddable":true,"href":"https:\/\/linitiative.ca\/International\/wp-json\/wp\/v2\/categories?post=103227"},{"taxonomy":"post_tag","embeddable":true,"href":"https:\/\/linitiative.ca\/International\/wp-json\/wp\/v2\/tags?post=103227"}],"curies":[{"name":"wp","href":"https:\/\/api.w.org\/{rel}","templated":true}]}}