{"id":103240,"date":"2020-10-30T11:04:00","date_gmt":"2020-10-30T15:04:00","guid":{"rendered":"https:\/\/linitiative.ca\/International\/mawlid-ennabawi-extinction-de-07-incendies-domestiques-et-feux-de-forets-dans-3-wilayas\/"},"modified":"2020-10-30T11:04:00","modified_gmt":"2020-10-30T15:04:00","slug":"mawlid-ennabawi-extinction-de-07-incendies-domestiques-et-feux-de-forets-dans-3-wilayas","status":"publish","type":"post","link":"https:\/\/linitiative.ca\/International\/mawlid-ennabawi-extinction-de-07-incendies-domestiques-et-feux-de-forets-dans-3-wilayas\/","title":{"rendered":"MAWLID ENNABAWI : Extinction de 07 incendies domestiques et feux de for\u00eats dans 3 wilayas"},"content":{"rendered":"<p><br id=\"sep_para_1\" class=\"sep_para access\"\/><\/p>\n<div id=\"para_1\" class=\"para_39275376 resize\">\n<div class=\"texte access firstletter\">Les unit\u00e9s de la Protection civile sont parvenues \u00e0 circonscrire sept incendies domestiques et feux de forets d\u00e9clench\u00e9s suite \u00e0 l\u2019utilisation de p\u00e9tards et de bougies et \u00e0 transf\u00e9rer une personne atteinte \u00e0 l\u2019\u0153il, et ce dans les wilayas d\u2019Alger, Chlef et S\u00e9tif, a indiqu\u00e9 un communiqu\u00e9 de la Direction g\u00e9n\u00e9rale. A T\u00e9n\u00e8s (Chlef), un incendie a \u00e9t\u00e9 circonscrit dans un domicile et un jeune \u00e2g\u00e9 de 19 ans, atteint \u00e0 l\u2019\u0153il droit, a \u00e9t\u00e9 transf\u00e9r\u00e9, a indiqu\u00e9 la cellule de l\u2019information. Dans la wilaya de S\u00e9tif, un autre incendie a \u00e9t\u00e9 ma\u00eetris\u00e9 dans un domicile sis dans la commune de Bir El Arch (S\u00e9tif) suite \u00e0 l\u2019utilisation de p\u00e9tards. A Alger, les unit\u00e9s de la Protection civile ont proc\u00e9d\u00e9 \u00e0 plusieurs op\u00e9rations d\u2019extinction d\u2019incendies d\u00e9clench\u00e9s dans des domiciles sis dans plusieurs communes, \u00e0 l\u2019instar d\u2019El Biar, Birtouta, Ain Benian, Belouizdad, Gu\u00e9 de Constantine, Alger centre et El Harrach. Ces incendies ont \u00e9t\u00e9 caus\u00e9s par l\u2019utilisation de p\u00e9tards, conclut le communiqu\u00e9.\u00a0\u00a0\u00a0\u00a0\u00a0<\/div>\n<\/div>\n<p>Auteur: Ismain<br \/>\n<a href=\"https:\/\/www.reflexiondz.net\/MAWLID-ENNABAWI-Extinction-de-07-incendies-domestiques-et-feux-de-forets-dans-3-wilayas_a66073.html\">Cliquez ici pour lire l&rsquo;article depuis sa source.<\/a><\/p>\n","protected":false},"excerpt":{"rendered":"<p>Les unit\u00e9s de la Protection civile sont parvenues \u00e0 circonscrire sept incendies domestiques et feux de forets d\u00e9clench\u00e9s suite \u00e0 l\u2019utilisation de p\u00e9tards et de bougies et \u00e0 transf\u00e9rer une personne atteinte \u00e0 l\u2019\u0153il, et ce dans les wilayas d\u2019Alger, Chlef et S\u00e9tif, a indiqu\u00e9 un communiqu\u00e9 de la Direction g\u00e9n\u00e9rale. A T\u00e9n\u00e8s (Chlef), un [&hellip;]<\/p>\n","protected":false},"author":1740,"featured_media":0,"comment_status":"closed","ping_status":"closed","sticky":false,"template":"","format":"standard","meta":{"fifu_image_url":"","fifu_image_alt":"","footnotes":""},"categories":[53,76],"tags":[],"class_list":["post-103240","post","type-post","status-publish","format-standard","hentry","category-algerie","category-regions"],"_links":{"self":[{"href":"https:\/\/linitiative.ca\/International\/wp-json\/wp\/v2\/posts\/103240","targetHints":{"allow":["GET"]}}],"collection":[{"href":"https:\/\/linitiative.ca\/International\/wp-json\/wp\/v2\/posts"}],"about":[{"href":"https:\/\/linitiative.ca\/International\/wp-json\/wp\/v2\/types\/post"}],"author":[{"embeddable":true,"href":"https:\/\/linitiative.ca\/International\/wp-json\/wp\/v2\/users\/1740"}],"replies":[{"embeddable":true,"href":"https:\/\/linitiative.ca\/International\/wp-json\/wp\/v2\/comments?post=103240"}],"version-history":[{"count":0,"href":"https:\/\/linitiative.ca\/International\/wp-json\/wp\/v2\/posts\/103240\/revisions"}],"wp:attachment":[{"href":"https:\/\/linitiative.ca\/International\/wp-json\/wp\/v2\/media?parent=103240"}],"wp:term":[{"taxonomy":"category","embeddable":true,"href":"https:\/\/linitiative.ca\/International\/wp-json\/wp\/v2\/categories?post=103240"},{"taxonomy":"post_tag","embeddable":true,"href":"https:\/\/linitiative.ca\/International\/wp-json\/wp\/v2\/tags?post=103240"}],"curies":[{"name":"wp","href":"https:\/\/api.w.org\/{rel}","templated":true}]}}