{"id":103258,"date":"2020-10-30T16:44:17","date_gmt":"2020-10-30T20:44:17","guid":{"rendered":"https:\/\/linitiative.ca\/International\/tunisie-les-instances-actuelles-dennahdha-son-illegales\/"},"modified":"2020-10-30T16:44:17","modified_gmt":"2020-10-30T20:44:17","slug":"tunisie-les-instances-actuelles-dennahdha-son-illegales","status":"publish","type":"post","link":"https:\/\/linitiative.ca\/International\/tunisie-les-instances-actuelles-dennahdha-son-illegales\/","title":{"rendered":"Tunisie \u2013 Les instances actuelles d\u2019Ennahdha son ill\u00e9gales"},"content":{"rendered":"<div class=\"post-cont-in left relative\">\n<div id=\"post-info-wrap\" class=\"left relative post-info-out\">\n<div class=\"post-info-img left relative\"><img loading=\"lazy\" decoding=\"async\" alt=\"\" src=\"https:\/\/secure.gravatar.com\/avatar\/047123be9d5e8513774383916ee72db2?s=50&amp;d=mm&amp;r=g\" srcset=\"https:\/\/secure.gravatar.com\/avatar\/047123be9d5e8513774383916ee72db2?s=100&amp;d=mm&amp;r=g 2x\" class=\"avatar avatar-50 photo\" height=\"50\" width=\"50\"\/><\/div>\n<div class=\"post-info-in\">\n<div class=\"post-info-right left relative post-info-name left relative\"><span itemprop=\"author\" itemscope=\"\" itemtype=\"https:\/\/schema.org\/Person\"><span class=\"post-info-text\">Par<\/span> <span class=\"author-name vcard fn author\" itemprop=\"name\"><a href=\"https:\/\/www.tunisienumerique.com\/author\/lm\/\" title=\"Articles par LM\" rel=\"author\">LM<\/a><\/span><\/span> <span class=\"post-date updated\"><time class=\"post-date updated\" itemprop=\"datePublished\" datetime=\"2020-10-30\">\u00a0| Il y a 34 secondes<\/time><\/span><\/div>\n<div class=\"left relative\"><button id=\"listenButton1\" class=\"responsivevoice-button\" type=\"button\" value=\"Play\" title=\"&#xC9;coutez l'article\"><span>\ud83d\udd0a \u00c9coutez l&rsquo;article<\/span><\/button> <\/div>\n<\/div>\n<\/div>\n<p>L\u2019ancien dirigeant d\u2019Ennahdha, Abdelhamid Jelassi, a d\u00e9menti qu\u2019il ait eu une rencontre avec le pr\u00e9sident d\u2019Ennahdha, Rached Ghanouchi, \u00e0 propos de l\u2019ajournement du congr\u00e8s du parti.<\/p>\n<div class=\"code-block code-block-1 c4\"><ins class=\"adsbygoogle c3\" data-ad-layout=\"in-article\" data-ad-format=\"fluid\" data-ad-client=\"ca-pub-2102118777505746\" data-ad-slot=\"7301775417\"\/> <\/div>\n<p>Il a assur\u00e9 que toutes les instances d\u2019Ennahdha issues du dernier congr\u00e8s sont caduques et ill\u00e9gales. Il a rappel\u00e9 que ces instances ont \u00e9t\u00e9 \u00e9lues pour quatre ans, et de ce fait, elles ne sont, actuellement, plus l\u00e9gales. Et ce, depuis le mois de mai dernier.<\/p>\n<p>Jelassi a d\u00e9plor\u00e9 les tensions qui secouent le parti Ennahdha, appelant ses dirigeants \u00e0 apprendre de l\u2019histoire. Il les invite \u00e0 se rappeler de ce qui s\u2019est pass\u00e9 au parti Nidaa Tounes, \u00e0 partir du moment o\u00f9 ils se sont mis \u00e0 se disputer \u00e0 propos de leur congr\u00e8s.<\/p>\n<p>Jelassi s\u2019est \u00e9tonn\u00e9 du fait que les gens\u00a0 qui sont sens\u00e9s faire respecter la loi au sein du parti, en allusion \u00e0 Abdelkarim Harouni et Rafik Abdessalem, soient en train de chercher des issues ill\u00e9gales \u00e0 leur chef, comme cette histoire de cr\u00e9ation du poste de \u00ab\u00a0Za\u00efm\u00a0\u00bb du parti, pour le Cheikh Ghannouchi.<\/p>\n<div class=\"swp_social_panel swp_horizontal_panel swp_flat_fresh swp_default_full_color swp_individual_full_color swp_other_full_color scale-100 scale-\" data-min-width=\"1100\" data-float-color=\"#ffffff\" data-float=\"bottom\" data-float-mobile=\"bottom\" data-transition=\"slide\">\n<div class=\"nc_tweetContainer swp_share_button total_shares total_sharesalt\"><span class=\"swp_count\">1 <span class=\"swp_label\">Partages<\/span><\/span><\/div>\n<\/div>\n<p><strong>Que se passe-t-il en Tunisie?<\/strong><br \/>Nous expliquons sur notre <a href=\"https:\/\/www.youtube.com\/channel\/UCRzypVq0B_yBad5eGrwBx0Q?sub_confirmation=1\" target=\"_blank\" rel=\"noopener noreferrer\">cha\u00eene YouTube<\/a> . <a href=\"https:\/\/www.youtube.com\/channel\/UCRzypVq0B_yBad5eGrwBx0Q?sub_confirmation=1\" target=\"_blank\" rel=\"noopener noreferrer\">Abonnez-vous!<\/a><\/p>\n<div class=\"mvp-org-wrap mvp-org-logo\" itemprop=\"publisher\" itemscope=\"\" itemtype=\"https:\/\/schema.org\/Organization\"><img decoding=\"async\" src=\"https:\/\/www.tunisienumerique.com\/wp-content\/uploads\/2017\/02\/logo_tunisie_numerique.png\"\/><\/div>\n<div class=\"mvp-related-posts left relative\">\n<h4 class=\"post-header\"><span class=\"post-header\">Lire aussi<\/span><\/h4>\n<\/div>\n<div id=\"article-ad\"><ins class=\"adsbygoogle c5\" data-ad-client=\"ca-pub-2102118777505746\" data-ad-slot=\"6513972734\" data-ad-format=\"auto\" data-full-width-responsive=\"true\"\/> <\/div>\n<\/div>\n<div id=\"post-sidebar-wrap\"><ins class=\"adsbygoogle c5\" data-ad-client=\"ca-pub-2102118777505746\" data-ad-slot=\"6168283410\" data-ad-format=\"auto\" data-full-width-responsive=\"true\"\/> <\/div>\n<p>Auteur: LM<br \/>\n<a href=\"https:\/\/www.tunisienumerique.com\/tunisie-les-instances-actuelles-dennahdha-son-illegales\/\">Cliquez ici pour lire l&rsquo;article depuis sa source.<\/a><\/p>\n","protected":false},"excerpt":{"rendered":"<p>Par LM \u00a0| Il y a 34 secondes \ud83d\udd0a \u00c9coutez l&rsquo;article L\u2019ancien dirigeant d\u2019Ennahdha, Abdelhamid Jelassi, a d\u00e9menti qu\u2019il ait eu une rencontre avec le pr\u00e9sident d\u2019Ennahdha, Rached Ghanouchi, \u00e0 propos de l\u2019ajournement du congr\u00e8s du parti. Il a assur\u00e9 que toutes les instances d\u2019Ennahdha issues du dernier congr\u00e8s sont caduques et ill\u00e9gales. Il a [&hellip;]<\/p>\n","protected":false},"author":1789,"featured_media":0,"comment_status":"closed","ping_status":"closed","sticky":false,"template":"","format":"standard","meta":{"fifu_image_url":"","fifu_image_alt":"","footnotes":""},"categories":[73,55],"tags":[],"class_list":["post-103258","post","type-post","status-publish","format-standard","hentry","category-actualite","category-tunisie"],"_links":{"self":[{"href":"https:\/\/linitiative.ca\/International\/wp-json\/wp\/v2\/posts\/103258","targetHints":{"allow":["GET"]}}],"collection":[{"href":"https:\/\/linitiative.ca\/International\/wp-json\/wp\/v2\/posts"}],"about":[{"href":"https:\/\/linitiative.ca\/International\/wp-json\/wp\/v2\/types\/post"}],"author":[{"embeddable":true,"href":"https:\/\/linitiative.ca\/International\/wp-json\/wp\/v2\/users\/1789"}],"replies":[{"embeddable":true,"href":"https:\/\/linitiative.ca\/International\/wp-json\/wp\/v2\/comments?post=103258"}],"version-history":[{"count":0,"href":"https:\/\/linitiative.ca\/International\/wp-json\/wp\/v2\/posts\/103258\/revisions"}],"wp:attachment":[{"href":"https:\/\/linitiative.ca\/International\/wp-json\/wp\/v2\/media?parent=103258"}],"wp:term":[{"taxonomy":"category","embeddable":true,"href":"https:\/\/linitiative.ca\/International\/wp-json\/wp\/v2\/categories?post=103258"},{"taxonomy":"post_tag","embeddable":true,"href":"https:\/\/linitiative.ca\/International\/wp-json\/wp\/v2\/tags?post=103258"}],"curies":[{"name":"wp","href":"https:\/\/api.w.org\/{rel}","templated":true}]}}