{"id":103261,"date":"2020-10-30T15:18:04","date_gmt":"2020-10-30T19:18:04","guid":{"rendered":"https:\/\/linitiative.ca\/International\/le-maroc-designe-membre-du-groupe-consultatif-du-fonds-central-dintervention-pour-les-urgences-humanitaires\/"},"modified":"2020-10-30T15:18:04","modified_gmt":"2020-10-30T19:18:04","slug":"le-maroc-designe-membre-du-groupe-consultatif-du-fonds-central-dintervention-pour-les-urgences-humanitaires","status":"publish","type":"post","link":"https:\/\/linitiative.ca\/International\/le-maroc-designe-membre-du-groupe-consultatif-du-fonds-central-dintervention-pour-les-urgences-humanitaires\/","title":{"rendered":"Le Maroc d\u00e9sign\u00e9 membre du groupe consultatif du Fonds central d\u2019intervention pour les urgences humanitaires"},"content":{"rendered":"<div readability=\"32\">\n<p>Publi\u00e9 le 30.10.2020 \u00e0 20h18 par APA News<\/p>\n<\/div>\n<div readability=\"79\">\n<p>Le Maroc a \u00e9t\u00e9 d\u00e9sign\u00e9 par le Secr\u00e9taire G\u00e9n\u00e9ral des Nations Unies en la personne de l\u2019Ambassadeur Mohammed Methqal, Directeur g\u00e9n\u00e9ral de l\u2019Agence Marocaine de Coop\u00e9ration Internationale (AMCI), en tant que membre du Groupe Consultatif du Fonds central d\u2019intervention pour les urgences humanitaires, indique vendredi un communiqu\u00e9 du minist\u00e8re marocain des Affaires \u00e9trang\u00e8res.C\u2019est la premi\u00e8re fois que le Maroc sera repr\u00e9sent\u00e9 au sein de cet organe compos\u00e9 de 18 experts ayant pour mission de fournir au Secr\u00e9taire G\u00e9n\u00e9ral des conseils et des orientations strat\u00e9giques sur l\u2019utilisation et l\u2019impact du Fonds central d\u2019intervention pour les urgences humanitaires (CERF), pr\u00e9cise la m\u00eame source.<\/p>\n<p>Etabli par l\u2019Assembl\u00e9e G\u00e9n\u00e9rale des Nations Unies en 2006, le CERF est un fonds humanitaire de secours destin\u00e9 \u00e0 soutenir les organisations humanitaires pour apporter rapidement aide et assistance aux victimes de catastrophes naturelles, de conflits arm\u00e9s et autres situations d\u2019urgence complexe.<\/p>\n<p>C\u2019est un nouveau signe de reconnaissance et d\u2019hommage \u00e0 l\u2019action et \u00e0 l\u2019engagement sinc\u00e8re et infaillible du Maroc, sous la vision solidaire et humaniste du Roi Mohammed VI, en faveur de l\u2019assistance humanitaire aux populations les plus vuln\u00e9rables, dans les quatre continents.<\/p>\n<p>Cet engagement constant s\u2019est r\u00e9cemment mat\u00e9rialis\u00e9 \u00e0 travers des actions humanitaires concr\u00e8tes et \u00e0 fort impact, tels que la livraison d\u2019\u00e9quipements m\u00e9dicaux et de m\u00e9dicaments essentiels \u00e0 vingt-deux pays africains dans le contexte de la COVID-19, ou encore le d\u00e9ploiement d\u2019un h\u00f4pital militaire de campagne \u00e0 Beyrouth dans le sillage de l\u2019explosion qui a d\u00e9vast\u00e9 la capitale libanaise le 10 ao\u00fbt 2020.<\/p>\n<p>Cette nouvelle nomination vient \u00e9galement s\u2019ajouter aux autres marques de confiance dont b\u00e9n\u00e9ficient sur la sc\u00e8ne internationale les experts et les comp\u00e9tences marocaines reconnues dans divers domaines dont le domaine des interventions humanitaires et leur gestion.<\/p>\n<p>Fort de sa solide exp\u00e9rience dans le domaine du conseil en strat\u00e9gie et en management, l\u2019Ambassadeur Mohamed Methqal a pu d\u00e9velopper, depuis sa nomination en 2016 en tant que Directeur G\u00e9n\u00e9ral de l\u2019Agence Marocaine de Coop\u00e9ration Internationale, une forte expertise dans la gestion de la coop\u00e9ration sud-sud et de l\u2019action humanitaire, qui figurent parmi les piliers majeurs de la politique \u00e9trang\u00e8re du Royaume du Maroc.<\/p>\n<p>L\u2019Ambassadeur Methqal cordonne les projets \u00e0 l\u2019international du Royaume en mati\u00e8re de coop\u00e9ration technique et de renforcement des capacit\u00e9s, de l\u2019assistance technique dans la r\u00e9alisation des projets de d\u00e9veloppement humain et de d\u00e9ploiement d\u2019actions humanitaires internationales couvrant une dizaine de pays en moyenne chaque ann\u00e9e.<\/p>\n<\/div>\n<p>Auteur: APA News<br \/>\n<a href=\"https:\/\/www.journalducameroun.com\/le-maroc-designe-membre-du-groupe-consultatif-du-fonds-central-dintervention-pour-les-urgences-humanitaires\/\">Cliquez ici pour lire l&rsquo;article depuis sa source.<\/a><\/p>\n","protected":false},"excerpt":{"rendered":"<p>Publi\u00e9 le 30.10.2020 \u00e0 20h18 par APA News Le Maroc a \u00e9t\u00e9 d\u00e9sign\u00e9 par le Secr\u00e9taire G\u00e9n\u00e9ral des Nations Unies en la personne de l\u2019Ambassadeur Mohammed Methqal, Directeur g\u00e9n\u00e9ral de l\u2019Agence Marocaine de Coop\u00e9ration Internationale (AMCI), en tant que membre du Groupe Consultatif du Fonds central d\u2019intervention pour les urgences humanitaires, indique vendredi un communiqu\u00e9 [&hellip;]<\/p>\n","protected":false},"author":1965,"featured_media":0,"comment_status":"closed","ping_status":"closed","sticky":false,"template":"","format":"standard","meta":{"fifu_image_url":"","fifu_image_alt":"","footnotes":""},"categories":[73,82],"tags":[],"class_list":["post-103261","post","type-post","status-publish","format-standard","hentry","category-actualite","category-cameroun"],"_links":{"self":[{"href":"https:\/\/linitiative.ca\/International\/wp-json\/wp\/v2\/posts\/103261","targetHints":{"allow":["GET"]}}],"collection":[{"href":"https:\/\/linitiative.ca\/International\/wp-json\/wp\/v2\/posts"}],"about":[{"href":"https:\/\/linitiative.ca\/International\/wp-json\/wp\/v2\/types\/post"}],"author":[{"embeddable":true,"href":"https:\/\/linitiative.ca\/International\/wp-json\/wp\/v2\/users\/1965"}],"replies":[{"embeddable":true,"href":"https:\/\/linitiative.ca\/International\/wp-json\/wp\/v2\/comments?post=103261"}],"version-history":[{"count":0,"href":"https:\/\/linitiative.ca\/International\/wp-json\/wp\/v2\/posts\/103261\/revisions"}],"wp:attachment":[{"href":"https:\/\/linitiative.ca\/International\/wp-json\/wp\/v2\/media?parent=103261"}],"wp:term":[{"taxonomy":"category","embeddable":true,"href":"https:\/\/linitiative.ca\/International\/wp-json\/wp\/v2\/categories?post=103261"},{"taxonomy":"post_tag","embeddable":true,"href":"https:\/\/linitiative.ca\/International\/wp-json\/wp\/v2\/tags?post=103261"}],"curies":[{"name":"wp","href":"https:\/\/api.w.org\/{rel}","templated":true}]}}