{"id":103264,"date":"2020-10-30T16:18:02","date_gmt":"2020-10-30T20:18:02","guid":{"rendered":"https:\/\/linitiative.ca\/International\/ligue-des-champions-dafrique-la-demi-finale-zamalek-raja-de-casablanca-mercredi-au-caire\/"},"modified":"2020-10-30T16:18:02","modified_gmt":"2020-10-30T20:18:02","slug":"ligue-des-champions-dafrique-la-demi-finale-zamalek-raja-de-casablanca-mercredi-au-caire","status":"publish","type":"post","link":"https:\/\/linitiative.ca\/International\/ligue-des-champions-dafrique-la-demi-finale-zamalek-raja-de-casablanca-mercredi-au-caire\/","title":{"rendered":"Ligue des champions d\u2019Afrique : La demi-finale Zamalek-Raja de Casablanca mercredi au Caire"},"content":{"rendered":"<div readability=\"32\">\n<p>Publi\u00e9 le 30.10.2020 \u00e0 21h18 par APA News<\/p>\n<\/div>\n<div readability=\"52\">\n<p>La demi-finale retour entre la formation \u00e9gyptienne du Zamalek et le Raja de Casablanca a \u00e9t\u00e9 reprogramm\u00e9e pour le mercredi prochain (4 novembre) au Caire, a annonc\u00e9 vendredi la Commission d\u2019organisation des Comp\u00e9titions Interclubs et de la Gestion des licences des Clubs relevant de la CAF.Cette demi-finale retour sera disput\u00e9e \u00e0 19h00 GMT au Stade International du Caire, a indiqu\u00e9 la CAF dans un communiqu\u00e9 publi\u00e9 sur son site internet.<\/p>\n<p>Quant \u00e0 la finale, elle opposera le vainqueur du match Zamalek-Raja \u00e0 Al Ahly le 27 novembre \u00e0 19h00 au stade Borg Al Arab d\u2019Alexandrie.<\/p>\n<p>Ce report fait suite \u00e0 la demande des autorit\u00e9s \u00e9gyptiennes, h\u00f4tes des rencontres, et en respect du protocole sanitaire li\u00e9 \u00e0 la pand\u00e9mie de Covid-19, a pr\u00e9cis\u00e9 la m\u00eame source.<\/p>\n<p>L\u2019\u00e9quipe \u00e9gyptienne d\u2019Al Ahly a d\u00e9croch\u00e9 son ticket pour la finale en battant le Wydad Casablanca avec un total de 5 buts \u00e0 1, tandis que le Raja cherche \u00e0 rattraper son retard du match aller \u00e0 Casablanca (d\u00e9faite 0-1) pour atteindre la finale.<\/p>\n<\/div>\n<p>Auteur: APA News<br \/>\n<a href=\"https:\/\/www.journalducameroun.com\/ligue-des-champions-dafrique-la-demi-finale-zamalek-raja-de-casablanca-mercredi-au-caire\/\">Cliquez ici pour lire l&rsquo;article depuis sa source.<\/a><\/p>\n","protected":false},"excerpt":{"rendered":"<p>Publi\u00e9 le 30.10.2020 \u00e0 21h18 par APA News La demi-finale retour entre la formation \u00e9gyptienne du Zamalek et le Raja de Casablanca a \u00e9t\u00e9 reprogramm\u00e9e pour le mercredi prochain (4 novembre) au Caire, a annonc\u00e9 vendredi la Commission d\u2019organisation des Comp\u00e9titions Interclubs et de la Gestion des licences des Clubs relevant de la CAF.Cette demi-finale [&hellip;]<\/p>\n","protected":false},"author":1965,"featured_media":0,"comment_status":"closed","ping_status":"closed","sticky":false,"template":"","format":"standard","meta":{"fifu_image_url":"","fifu_image_alt":"","footnotes":""},"categories":[73,82],"tags":[],"class_list":["post-103264","post","type-post","status-publish","format-standard","hentry","category-actualite","category-cameroun"],"_links":{"self":[{"href":"https:\/\/linitiative.ca\/International\/wp-json\/wp\/v2\/posts\/103264","targetHints":{"allow":["GET"]}}],"collection":[{"href":"https:\/\/linitiative.ca\/International\/wp-json\/wp\/v2\/posts"}],"about":[{"href":"https:\/\/linitiative.ca\/International\/wp-json\/wp\/v2\/types\/post"}],"author":[{"embeddable":true,"href":"https:\/\/linitiative.ca\/International\/wp-json\/wp\/v2\/users\/1965"}],"replies":[{"embeddable":true,"href":"https:\/\/linitiative.ca\/International\/wp-json\/wp\/v2\/comments?post=103264"}],"version-history":[{"count":0,"href":"https:\/\/linitiative.ca\/International\/wp-json\/wp\/v2\/posts\/103264\/revisions"}],"wp:attachment":[{"href":"https:\/\/linitiative.ca\/International\/wp-json\/wp\/v2\/media?parent=103264"}],"wp:term":[{"taxonomy":"category","embeddable":true,"href":"https:\/\/linitiative.ca\/International\/wp-json\/wp\/v2\/categories?post=103264"},{"taxonomy":"post_tag","embeddable":true,"href":"https:\/\/linitiative.ca\/International\/wp-json\/wp\/v2\/tags?post=103264"}],"curies":[{"name":"wp","href":"https:\/\/api.w.org\/{rel}","templated":true}]}}