{"id":103265,"date":"2020-10-30T16:18:03","date_gmt":"2020-10-30T20:18:03","guid":{"rendered":"https:\/\/linitiative.ca\/International\/le-renforcement-de-la-cooperation-bilaterale-au-coeur-dentretiens-entre-les-ministres-des-affaires-etrangeres-marocain-et-rwandais\/"},"modified":"2020-10-30T16:18:03","modified_gmt":"2020-10-30T20:18:03","slug":"le-renforcement-de-la-cooperation-bilaterale-au-coeur-dentretiens-entre-les-ministres-des-affaires-etrangeres-marocain-et-rwandais","status":"publish","type":"post","link":"https:\/\/linitiative.ca\/International\/le-renforcement-de-la-cooperation-bilaterale-au-coeur-dentretiens-entre-les-ministres-des-affaires-etrangeres-marocain-et-rwandais\/","title":{"rendered":"Le renforcement de la coop\u00e9ration bilat\u00e9rale au c\u0153ur d\u2019entretiens entre les ministres des affaires \u00e9trang\u00e8res marocain et rwandais"},"content":{"rendered":"<div readability=\"32\">\n<p>Publi\u00e9 le 30.10.2020 \u00e0 21h18 par APA News<\/p>\n<\/div>\n<div readability=\"112\">\n<p>Le ministre marocain des Affaires \u00e9trang\u00e8res, Nasser Bourita, s\u2019est entretenu, vendredi \u00e0 Rabat, avec son homologue rwandais, \u00a0Vincent Biruta, des moyens de renforcement des relations de coop\u00e9ration et de partenariat entre Rabat et Kigali dans plusieurs domaines.Lors de ces entretiens, les deux ministres ont relev\u00e9, avec satisfaction, la convergence de points de vue des deux pays sur des questions d\u2019int\u00e9r\u00eat commun, notamment la paix et la s\u00e9curit\u00e9 en Afrique, la coop\u00e9ration Sud-Sud, la s\u00e9curit\u00e9 alimentaire, le d\u00e9veloppement durable et la r\u00e9forme de l\u2019Union africaine.<\/p>\n<p>Dans une d\u00e9claration \u00e0 la presse \u00e0 l\u2019issue de ces entretiens, le chef de la diplomatie rwandaise s\u2019est f\u00e9licit\u00e9 des \u00ab\u00a0relations excellentes\u00a0\u00bb entre le Maroc et le Rwanda, concr\u00e9tis\u00e9es par des visites au niveau du plus haut sommet de l\u2019\u00c9tat et au niveau minist\u00e9riel.<\/p>\n<p>\u00ab\u00a0L\u2019ann\u00e9e prochaine, nous esp\u00e9rons vous accueillir au Rwanda \u00e0 l\u2019occasion de la Grande Commission mixte de coop\u00e9ration maroco-rwandaise, qui devrait se r\u00e9unir \u00e0 Kigali\u00a0\u00bb, a d\u00e9clar\u00e9 M. Biruta.<\/p>\n<p>\u00ab\u00a0Nous appr\u00e9cions beaucoup ces bonnes relations au niveau politique, \u00e9conomique et au niveau des affaires\u00a0\u00bb, a-t-il insist\u00e9, ajoutant qu\u2019il y a des projets d\u2019investissement en cours d\u2019ex\u00e9cution et qu\u2019il esp\u00e8re voir plus de femmes et hommes d\u2019affaires marocains et rwandais \u00ab\u00a0\u00e9tablir des partenariats pour investir au Rwanda, au Maroc ou ailleurs\u00a0\u00bb.<\/p>\n<p>M. Biruta a aussi soulign\u00e9 l\u2019engagement du Rwanda \u00e0 \u00ab\u00a0travailler de concert avec le Maroc au niveau des instances internationales pour les questions d\u2019int\u00e9r\u00eat r\u00e9gional ou d\u2019int\u00e9r\u00eat global\u00a0\u00bb.<\/p>\n<p>Il a remerci\u00e9 le gouvernement marocain pour le soutien qu\u2019il a accord\u00e9 au Rwanda \u00e0 travers l\u2019Union africaine, les Nations unis ou les autres organisations internationales, poursuivant : \u00ab\u00a0nous allons encourager toujours cette concertation pour adopter des positions communes\u00a0\u00bb.<\/p>\n<p>De son c\u00f4t\u00e9, M. Bourita a soulign\u00e9 que les relations entre les deux pays sont entr\u00e9es dans une \u00ab\u00a0nouvelle \u00e8re\u00a0\u00bb depuis la visite de Sa Majest\u00e9 le Roi au Rwanda en 2016.<\/p>\n<p>Pour M. Bourita, l\u2019ouverture d\u2019une ambassade du Rwanda au Maroc en janvier dernier a cristallis\u00e9 le nouvel \u00e9lan donn\u00e9 aux relations bilat\u00e9rales, rappelant ainsi l\u2019engagement des deux parties dans la mise en \u0153uvre des nombreux accords et projets lanc\u00e9s ces derni\u00e8res ann\u00e9es.<\/p>\n<p>\u00ab\u00a0Cette visite nous a donn\u00e9 l\u2019occasion d\u2019aborder, en profondeur, les diff\u00e9rentes dimensions de nos relations bilat\u00e9rales et d\u2019explorer les champs de coop\u00e9ration que nous pouvons encore investir\u00a0\u00bb, a-t-il fait savoir.<\/p>\n<p>\u00ab\u00a0Au-del\u00e0 de notre agenda bilat\u00e9ral, ce qui nous rassemble ce sont les questions li\u00e9es au d\u00e9veloppement de l\u2019Afrique\u00a0\u00bb, a-t-il relev\u00e9.<\/p>\n<p>\u00ab\u00a0La maturit\u00e9 de nos relations nous permet de franchir un palier sup\u00e9rieur et d\u2019envisager une v\u00e9ritable projection de notre coop\u00e9ration en Afrique\u00a0\u00bb, a dit M. Bourita<\/p>\n<p>Au terme de leurs entretiens, les deux ministres ont proc\u00e9d\u00e9 \u00e0 la signature de deux m\u00e9morandums d\u2019entente dont le premier porte sur la cr\u00e9ation d\u2019un Comit\u00e9 de pilotage de la coop\u00e9ration entre les gouvernements des deux pays, tandis que le deuxi\u00e8me porte sur le domaine des sport.<\/p>\n<\/div>\n<p>Auteur: APA News<br \/>\n<a href=\"https:\/\/www.journalducameroun.com\/le-renforcement-de-la-cooperation-bilaterale-au-coeur-dentretiens-entre-les-ministres-des-affaires-etrangeres-marocain-et-rwandais\/\">Cliquez ici pour lire l&rsquo;article depuis sa source.<\/a><\/p>\n","protected":false},"excerpt":{"rendered":"<p>Publi\u00e9 le 30.10.2020 \u00e0 21h18 par APA News Le ministre marocain des Affaires \u00e9trang\u00e8res, Nasser Bourita, s\u2019est entretenu, vendredi \u00e0 Rabat, avec son homologue rwandais, \u00a0Vincent Biruta, des moyens de renforcement des relations de coop\u00e9ration et de partenariat entre Rabat et Kigali dans plusieurs domaines.Lors de ces entretiens, les deux ministres ont relev\u00e9, avec satisfaction, [&hellip;]<\/p>\n","protected":false},"author":1965,"featured_media":0,"comment_status":"closed","ping_status":"closed","sticky":false,"template":"","format":"standard","meta":{"fifu_image_url":"","fifu_image_alt":"","footnotes":""},"categories":[73,82],"tags":[],"class_list":["post-103265","post","type-post","status-publish","format-standard","hentry","category-actualite","category-cameroun"],"_links":{"self":[{"href":"https:\/\/linitiative.ca\/International\/wp-json\/wp\/v2\/posts\/103265","targetHints":{"allow":["GET"]}}],"collection":[{"href":"https:\/\/linitiative.ca\/International\/wp-json\/wp\/v2\/posts"}],"about":[{"href":"https:\/\/linitiative.ca\/International\/wp-json\/wp\/v2\/types\/post"}],"author":[{"embeddable":true,"href":"https:\/\/linitiative.ca\/International\/wp-json\/wp\/v2\/users\/1965"}],"replies":[{"embeddable":true,"href":"https:\/\/linitiative.ca\/International\/wp-json\/wp\/v2\/comments?post=103265"}],"version-history":[{"count":0,"href":"https:\/\/linitiative.ca\/International\/wp-json\/wp\/v2\/posts\/103265\/revisions"}],"wp:attachment":[{"href":"https:\/\/linitiative.ca\/International\/wp-json\/wp\/v2\/media?parent=103265"}],"wp:term":[{"taxonomy":"category","embeddable":true,"href":"https:\/\/linitiative.ca\/International\/wp-json\/wp\/v2\/categories?post=103265"},{"taxonomy":"post_tag","embeddable":true,"href":"https:\/\/linitiative.ca\/International\/wp-json\/wp\/v2\/tags?post=103265"}],"curies":[{"name":"wp","href":"https:\/\/api.w.org\/{rel}","templated":true}]}}